{"id":8196,"date":"2022-11-27T16:44:48","date_gmt":"2022-11-27T16:44:48","guid":{"rendered":"https:\/\/rp221.com\/?p=8196"},"modified":"2022-11-27T16:54:17","modified_gmt":"2022-11-27T16:54:17","slug":"macky-est-foutuun-dg-milliardaire-seme-la-pagaille","status":"publish","type":"post","link":"https:\/\/rp221.com\/?p=8196","title":{"rendered":"Macky est foutu\u2026un DG \u00ab milliardaire \u00bb s\u00e8me la pagaille"},"content":{"rendered":"\n<h3 class=\"red\"><strong><em>Macky est foutu\u2026un DG \u00ab milliardaire \u00bb s\u00e8me la pagaille<\/em><\/strong><\/h3>\n<a href=\"https:\/\/www.xibaaru.sn\" data-saferedirecturl=\"https:\/\/www.google.com\/url?hl=fr&amp;q=https:\/\/www.xibaaru.sn&amp;source=gmail&amp;ust=1669650756010000&amp;usg=AOvVaw2ZXPagmPAx8XV5I7tFyRBr\">https:\/\/www.xibaaru.sn<\/a> Macky Sall a beau travailler pour am\u00e9liorer le quotidien des S\u00e9n\u00e9galais, certaines personnes proches de lui, g\u00e2chent tout. Et ce qui fait mal dans tout cela, c\u2019est que ce sont des personnes qu\u2019il a nomm\u00e9es \u00e0 des postes de responsabilit\u00e9 qui font ces sales besognes. Comme le DG d\u2019une grande soci\u00e9t\u00e9 publique de la place qui, nomm\u00e9 avec un compte bancaire quasi vide, se retrouve \u00e0 la t\u00eate d\u2019un empire financier. Et ce DG, de par son arrogance et ses coups fourr\u00e9s, fait d\u00e9tester le Pr\u00e9sident Macky Sall partout o\u00f9 son nom est cit\u00e9\u2026\nAncien Directeur d\u2019une radio d\u2019un d\u00e9funt groupe de presse priv\u00e9, il s\u2019\u00e9tait fait distinguer par son incomp\u00e9tence et sa propension \u00e0 entrer en conflit avec les employ\u00e9s. Malgr\u00e9 le z\u00e8le qu\u2019il affiche \u00e0 l\u2019endroit du Pr\u00e9sident de la R\u00e9publique, certains le qualifient d\u2019opportuniste, en retra\u00e7ant son parcours politique. Il a \u00e9t\u00e9 militant de And-J\u00ebf dans le pass\u00e9, avant de rejoindre le Parti d\u00e9mocratique s\u00e9n\u00e9galais (PDS), lorsque ce parti \u00e9tait au pouvoir.\nC\u2019est sous Eva Marie-Coll Seck, \u00e0 l\u2019\u00e9poque ministre de la Sant\u00e9 qu\u2019il a quitt\u00e9 la radio du d\u00e9funt de groupe de presse priv\u00e9 dont nous parlons pour un juteux poste de Directeur g\u00e9n\u00e9ral d\u2019un service de sant\u00e9 tr\u00e8s prosp\u00e8re. A l\u2019\u00e9poque, il s\u2019\u00e9tait montr\u00e9 tr\u00e8s proche du Pr\u00e9sident de la R\u00e9publique Macky Sall, alors Premier ministre. Il se montrait dans toutes les manifestations que pr\u00e9sidait Macky Sall.\nPourtant, d\u00e8s que\u00a0<a href=\"https:\/\/www.xibaaru.sn\/sonko-defie-macky-sall-sil-est-garcon-quil-dise\/\" data-saferedirecturl=\"https:\/\/www.google.com\/url?hl=fr&amp;q=https:\/\/www.xibaaru.sn\/sonko-defie-macky-sall-sil-est-garcon-quil-dise\/&amp;source=gmail&amp;ust=1669650756010000&amp;usg=AOvVaw0D9nbClMpdmc2CSLKmKxD1\"><strong>Macky Sall<\/strong><\/a>\u00a0a commenc\u00e9 \u00e0 conna\u00eetre sa descente aux enfers sous le r\u00e8gne du Pr\u00e9sident\u00a0<a href=\"https:\/\/www.jeuneafrique.com\/1366128\/politique\/legislatives-au-senegal-abdoulaye-wade-discret-et-affaibli-est-revenu\/\" data-saferedirecturl=\"https:\/\/www.google.com\/url?hl=fr&amp;q=https:\/\/www.jeuneafrique.com\/1366128\/politique\/legislatives-au-senegal-abdoulaye-wade-discret-et-affaibli-est-revenu\/&amp;source=gmail&amp;ust=1669650756010000&amp;usg=AOvVaw0TUe8KvADkd0JFzUFCOgx6\"><strong>Me Abdoulaye Wade<\/strong><\/a>, il n\u2019a pas h\u00e9sit\u00e9 \u00e0 lui tourner le dos pour rejoindre honteusement la G\u00e9n\u00e9ration du concret, le mouvement cr\u00e9\u00e9 par Karim Wade. A la G\u00e9n\u00e9ration du concret, il faisait \u00e9galement preuve d\u2019un z\u00e8le d\u00e9mesur\u00e9. Malgr\u00e9 tout, il allait \u00eatre d\u00e9barqu\u00e9 de son poste \u00e0 la t\u00eate de la structure sanitaire qu\u2019il dirigeait\u2026\nRuminant sa d\u00e9ception et sa rage, il allait \u00e0 nouveau retourner aupr\u00e8s de Macky Sall, d\u00e8s qu\u2019il avait senti que le vent \u00e9tait en train de tourner en faveur de ce dernier et que la chute du r\u00e9gime du Pr\u00e9sident Abdoulaye Wade, \u00e9tait in\u00e9vitable. Il a fait des pieds et des mains pour se faire nommer au poste de DG de la puissante structure publique. Poste qu\u2019il occupe jusqu\u2019\u00e0 pr\u00e9sent. Il est \u00e9galement maire d\u2019une commune. Mais depuis qu\u2019il est DG de cette structure publique, les conflits entre lui et les employ\u00e9s ne manquent pas.\nIl menace de repr\u00e9sailles tous les employ\u00e9s de cette structure qui ne se soumettent pas \u00e0 ses ordres. Il se permet m\u00eame d\u2019interf\u00e9rer dans les champs de comp\u00e9tence des directeurs de d\u00e9partements de la soci\u00e9t\u00e9. Avec lui, rien n\u2019est de trop pour continuer \u00e0 \u00eatre dans les bonnes gr\u00e2ce du Chef de l\u2019Etat.\nFinalement, il ne fait que desservir le Pr\u00e9sident de la R\u00e9publique Macky Sall. Il ne voit m\u00eame pas qu\u2019\u00e0 cause de ses agissements, les populations tournent le dos \u00e0 Macky Sall. Il irrite en m\u00eame temps l\u2019opposition qui se met \u00e0 crier et \u00e0 r\u00e9clamer son limogeage. L\u2019opposition lui reproche son esprit trop partisan.\nAlors qu\u2019il est \u00e0 la t\u00eate d\u2019une soci\u00e9t\u00e9 qui doit parfois respecter l\u2019\u00e9quilibre entre le parti au pouvoir et l\u2019opposition.\nLe griot-milliardaire Farba NGOM\nEt ce qui fait encore mal, c\u2019est que le DG fait partie de la nouvelle classe des milliardaires aux c\u00f4t\u00e9s du griot reconverti en homme d\u2019affaires, Farba Ngom, d\u2019Arona Dia, de Cheikh Oumar Anne, d\u2019Abdoulaye Daouda Diallo et d\u2019Amadou Samba Kane. Devenu immens\u00e9ment riche, le DG a aussi fait monter son d\u2019gr\u00e9 d\u2019insolence et d\u2019arrogance. Tout a augment\u00e9 chez lui en\u2026mal. Son comportement insupportable a un impact sur le leadership de Macky Sall qui s\u2019attire les foudres des victimes du DG.\nPeu importe, il lui faut faire preuve de tout ce z\u00e8le pour \u00eatre maintenu \u00e0 son poste de DG. Au m\u00eame moment, les employ\u00e9s de la soci\u00e9t\u00e9 publique o\u00f9 il est Directeur g\u00e9n\u00e9ral, s\u2019\u00e9meuvent de certaines d\u00e9penses \u00e0 la folie qu\u2019il ordonne et qui ne font que mettre la structure dans le noir. En tout cas, il est temps pour le Pr\u00e9sident de la R\u00e9publique Sall de mettre fin aux d\u00e9rives de ce Directeur g\u00e9n\u00e9ral. C\u2019est \u00e0 cause des agissements d\u2019hommes de sa trempe que le r\u00e9gime se coupe des populations.<strong>Papa Ndiaga Dram\u00e9 pour <a href=\"http:\/\/xibaaru.sn\" data-saferedirecturl=\"https:\/\/www.google.com\/url?hl=fr&amp;q=http:\/\/xibaaru.sn&amp;source=gmail&amp;ust=1669650756010000&amp;usg=AOvVaw3KbkZ3OoE8ZDhy_KNd0gUZ\">xibaaru.sn<\/a><\/strong>\n","protected":false},"excerpt":{"rendered":"<p>Macky est foutu\u2026un DG \u00ab milliardaire \u00bb s\u00e8me la pagaille https:\/\/www.xibaaru.sn Macky Sall a beau travailler pour am\u00e9liorer le quotidien des S\u00e9n\u00e9galais, certaines personnes proches de lui, g\u00e2chent tout. Et ce qui fait mal dans tout cela, c\u2019est que ce sont des personnes qu\u2019il a nomm\u00e9es \u00e0 des postes de responsabilit\u00e9 qui font ces sales [&hellip;]<\/p>\n","protected":false},"author":8,"featured_media":0,"comment_status":"open","ping_status":"open","sticky":false,"template":"","format":"standard","meta":{"_jetpack_newsletter_access":"","_jetpack_dont_email_post_to_subs":false,"_jetpack_newsletter_tier_id":0,"_jetpack_memberships_contains_paywalled_content":false,"_jetpack_memberships_contains_paid_content":false,"footnotes":""},"categories":[45],"tags":[59],"class_list":["post-8196","post","type-post","status-publish","format-standard","hentry","category-contributions","tag-macky-sall"],"jetpack_featured_media_url":"","jetpack_sharing_enabled":true,"_links":{"self":[{"href":"https:\/\/rp221.com\/index.php?rest_route=\/wp\/v2\/posts\/8196","targetHints":{"allow":["GET"]}}],"collection":[{"href":"https:\/\/rp221.com\/index.php?rest_route=\/wp\/v2\/posts"}],"about":[{"href":"https:\/\/rp221.com\/index.php?rest_route=\/wp\/v2\/types\/post"}],"author":[{"embeddable":true,"href":"https:\/\/rp221.com\/index.php?rest_route=\/wp\/v2\/users\/8"}],"replies":[{"embeddable":true,"href":"https:\/\/rp221.com\/index.php?rest_route=%2Fwp%2Fv2%2Fcomments&post=8196"}],"version-history":[{"count":0,"href":"https:\/\/rp221.com\/index.php?rest_route=\/wp\/v2\/posts\/8196\/revisions"}],"wp:attachment":[{"href":"https:\/\/rp221.com\/index.php?rest_route=%2Fwp%2Fv2%2Fmedia&parent=8196"}],"wp:term":[{"taxonomy":"category","embeddable":true,"href":"https:\/\/rp221.com\/index.php?rest_route=%2Fwp%2Fv2%2Fcategories&post=8196"},{"taxonomy":"post_tag","embeddable":true,"href":"https:\/\/rp221.com\/index.php?rest_route=%2Fwp%2Fv2%2Ftags&post=8196"}],"curies":[{"name":"wp","href":"https:\/\/api.w.org\/{rel}","templated":true}]}}