{"id":6696,"date":"2022-11-09T17:25:17","date_gmt":"2022-11-09T17:25:17","guid":{"rendered":"https:\/\/rp221.com\/?p=6696"},"modified":"2022-11-09T17:26:53","modified_gmt":"2022-11-09T17:26:53","slug":"yen-a-marre-au-lieu-de-sen-prendre-a-la-presse-letat-devrait-sattaquer-au-mal-qui-infecte-nos","status":"publish","type":"post","link":"https:\/\/rp221.com\/?p=6696","title":{"rendered":"Y\u2019en a marre : \u00abAu lieu de s\u2019en prendre \u00e0 la presse, l\u2019\u00c9tat devrait s\u2019attaquer au mal qui infecte nos \u2026\u00a0\u00bb"},"content":{"rendered":"\n<h3 class=\"red\"><strong><em>Y\u2019en a marre : \u00abAu lieu de s\u2019en prendre \u00e0 la presse, l\u2019\u00c9tat devrait s\u2019attaquer au mal qui infecte nos \u2026\u00a0\u00bb<\/em><\/strong><\/h3>\n<strong><a href=\"https:\/\/senego.com\" data-saferedirecturl=\"https:\/\/www.google.com\/url?hl=fr&amp;q=https:\/\/senego.com&amp;source=gmail&amp;ust=1668097239311000&amp;usg=AOvVaw0eRfCFGScjjB-9KpN0BRKn\">https:\/\/senego.com<\/a> La Coordination du mouvement Y\u2019en a marre exige la lib\u00e9ration imm\u00e9diate et inconditionnelle du journaliste Pape Al\u00e9 Niang arr\u00eat\u00e9 par la S\u00fbret\u00e9 urbaine (Su) de Dakar.<\/strong>\n\u00ab\u00a0Enqu\u00eater et divulguer des informations pour l\u2019int\u00e9r\u00eat g\u00e9n\u00e9ral, m\u00eame si elles sont qualifi\u00e9es de \u00ab\u00a0confidentielles\u00a0\u00bb, dans le but d\u2019informer, n\u2019est-ce pas cela le c\u0153ur de m\u00e9tier du journalisme ? Ou les journalistes n\u2019ont-ils plus le droit d\u2019enqu\u00eater librement sur des aspects de la vie publique au S\u00e9n\u00e9gal ?\u00a0\u00bb, s\u2019interroge le mouvement Y\u2019en a marre.\nPour Aliou San\u00e9 et Cie, au lieu de s\u2019en prendre \u00e0 la presse, l\u2019\u00c9tat devrait s\u2019attaquer au mal qui infecte nos institutions et les \u00e9loigne des aspirations du peuple.\n\u00ab\u00a0Partout o\u00f9 il y a des \u00e9l\u00e9ments qui travaillent \u00e0 maintenir ce syst\u00e8me corrompu, il y aura toujours des citoyens travaillant pour l\u2019int\u00e9r\u00eat g\u00e9n\u00e9ral et l\u2019\u00e9clatement de la v\u00e9rit\u00e9\u00a0\u00bb, d\u00e9clare le mouvement citoyen.\n","protected":false},"excerpt":{"rendered":"<p>Y\u2019en a marre : \u00abAu lieu de s\u2019en prendre \u00e0 la presse, l\u2019\u00c9tat devrait s\u2019attaquer au mal qui infecte nos \u2026\u00a0\u00bb https:\/\/senego.com La Coordination du mouvement Y\u2019en a marre exige la lib\u00e9ration imm\u00e9diate et inconditionnelle du journaliste Pape Al\u00e9 Niang arr\u00eat\u00e9 par la S\u00fbret\u00e9 urbaine (Su) de Dakar. \u00ab\u00a0Enqu\u00eater et divulguer des informations pour l\u2019int\u00e9r\u00eat [&hellip;]<\/p>\n","protected":false},"author":8,"featured_media":0,"comment_status":"open","ping_status":"open","sticky":false,"template":"","format":"standard","meta":{"_jetpack_newsletter_access":"","_jetpack_dont_email_post_to_subs":false,"_jetpack_newsletter_tier_id":0,"_jetpack_memberships_contains_paywalled_content":false,"_jetpack_memberships_contains_paid_content":false,"footnotes":""},"categories":[45],"tags":[487],"class_list":["post-6696","post","type-post","status-publish","format-standard","hentry","category-contributions","tag-y-en-a-marre"],"jetpack_featured_media_url":"","jetpack_sharing_enabled":true,"_links":{"self":[{"href":"https:\/\/rp221.com\/index.php?rest_route=\/wp\/v2\/posts\/6696","targetHints":{"allow":["GET"]}}],"collection":[{"href":"https:\/\/rp221.com\/index.php?rest_route=\/wp\/v2\/posts"}],"about":[{"href":"https:\/\/rp221.com\/index.php?rest_route=\/wp\/v2\/types\/post"}],"author":[{"embeddable":true,"href":"https:\/\/rp221.com\/index.php?rest_route=\/wp\/v2\/users\/8"}],"replies":[{"embeddable":true,"href":"https:\/\/rp221.com\/index.php?rest_route=%2Fwp%2Fv2%2Fcomments&post=6696"}],"version-history":[{"count":0,"href":"https:\/\/rp221.com\/index.php?rest_route=\/wp\/v2\/posts\/6696\/revisions"}],"wp:attachment":[{"href":"https:\/\/rp221.com\/index.php?rest_route=%2Fwp%2Fv2%2Fmedia&parent=6696"}],"wp:term":[{"taxonomy":"category","embeddable":true,"href":"https:\/\/rp221.com\/index.php?rest_route=%2Fwp%2Fv2%2Fcategories&post=6696"},{"taxonomy":"post_tag","embeddable":true,"href":"https:\/\/rp221.com\/index.php?rest_route=%2Fwp%2Fv2%2Ftags&post=6696"}],"curies":[{"name":"wp","href":"https:\/\/api.w.org\/{rel}","templated":true}]}}