{"id":6524,"date":"2022-11-08T21:23:25","date_gmt":"2022-11-08T21:23:25","guid":{"rendered":"https:\/\/rp221.com\/?p=6524"},"modified":"2022-11-08T21:24:47","modified_gmt":"2022-11-08T21:24:47","slug":"barthelemy-diaz-et-guy-mariusles-kamikazes-de-sonko","status":"publish","type":"post","link":"https:\/\/rp221.com\/?p=6524","title":{"rendered":"Barth\u00e9l\u00e9my Diaz et Guy Marius\u2026les kamikazes de Sonko"},"content":{"rendered":"\n<h3 class=\"red\"><strong><em>Barth\u00e9l\u00e9my Diaz et Guy Marius\u2026les kamikazes de Sonko<\/em><\/strong><\/h3>\nAu regard des derniers exc\u00e8s de Barth\u00e9l\u00e9my Diaz et Guy Marius Sagna et autres \u00e9nergum\u00e8nes de la sc\u00e8ne politique, on ne peut s\u2019emp\u00eacher de penser aux travaux de Joseph Overton qui permettent d\u2019identifier la sph\u00e8re d\u2019acceptabilit\u00e9 des id\u00e9es dans l\u2019espace public, appel\u00e9e fen\u00eatre d\u2019Overton. Cette fen\u00eatre n\u2019est pas fig\u00e9e et au fil du temps elle a beaucoup \u00e9volu\u00e9. On peut tous constater que ce qui pouvait \u00eatre impensable il y a encore 50 ans est devenu une banale r\u00e9alit\u00e9.\nOverton explique le processus par lequel la fen\u00eatre s\u2019\u00e9largit en fonction de la strat\u00e9gie de diff\u00e9rents acteurs comme les m\u00e9dias, les activistes, les pol\u00e9mistes et on pourrait aujourd\u2019hui ajouter les r\u00e9seaux sociaux.\n<strong><em>Les \u00e9tapes de ce processus se d\u00e9crivent comme suit : <\/em><\/strong>\n<ol>\n\t<li>de l\u2019impensable au radical<\/li>\n\t<li>du radical \u00e0 l\u2019acceptable<\/li>\n\t<li>de l\u2019acceptable au raisonnable<\/li>\n\t<li>du raisonnable au populaire<\/li>\n\t<li>du populaire au programme de politique publique<\/li>\n<\/ol>\nEssayons-nous \u00e0 l\u2019analyse de l\u2019\u00e9volution des id\u00e9es et des comportements des acteurs politiques au S\u00e9n\u00e9gal \u00e0 la lumi\u00e8re des travaux d\u2019Overton. De la d\u00e9claration de Sonko soutenant qu\u2019il serait l\u00e9gitime de fusiller les anciens pr\u00e9sidents du S\u00e9n\u00e9gal, puis son appel assum\u00e9 \u00e0 l\u2019insurrection pour aller d\u00e9loger le Pr\u00e9sident Sall jusqu\u2019\u00e0 sa promesse du \u00ab\u00a0niafal-niafal\u00a0\u00bb acclam\u00e9e par la foule lors de la campagne des l\u00e9gislatives, on observe un glissement subtile et progressif de l\u2019impensable vers ce qu\u2019ils appellent un programme politique de bonne gouvernance.\nBeaucoup de nos compatriotes sont n\u00e9anmoins encore sceptiques voire effarouch\u00e9s par la brutalit\u00e9 de ses propos.\nEt c\u2019est l\u00e0 o\u00f9 entrent en jeu les francs-tireurs comme Diaz et Sagna. Ces deux-l\u00e0 n\u2019ayant probablement pas les m\u00eames pr\u00e9tentions que Sonko, n\u2019ont aucune g\u00eane \u00e0 se donner en spectacle et \u00e0 pousser encore plus loin les limites de l\u2019impensable se comportant comme de vulgaires nervis, pour emprunter l\u2019expression \u00e0 Diaz lui-m\u00eame.\nMais comme ils se sont adjug\u00e9s le r\u00f4le de justiciers du peuple, leurs comportements sont \u00e0 peine consid\u00e9r\u00e9s comme de la radicalit\u00e9 et certains estiment m\u00eame qu\u2019ils sont l\u00e9gitimes et h\u00e9ro\u00efques face \u00e0 ceux qu\u2019ils d\u00e9signent comme \u00e9tant les ennemis du peuple. Et quoi de plus noble que de combattre les ennemis du peuple ?\nAinsi le tour est jou\u00e9, ils ont renvers\u00e9 les r\u00f4les, ce ne sont pas eux les agresseurs, mais plut\u00f4t ceux qui avaient par exemple promis de r\u00e9gler les probl\u00e8mes des inondations et qui ne l\u2019ont pas fait et auraient dilapid\u00e9 les maigres ressources des s\u00e9n\u00e9galais.\nPuis ils enfoncent le clou en tentant de mettre \u00e0 mal le peuple qui souffre avec toute presse qui oserait critiquer leur m\u00e9thode, d\u2019o\u00f9\u00a0<a href=\"https:\/\/www.youtube.com\/watch?v=QeDFmzYgCJ0\" data-saferedirecturl=\"https:\/\/www.google.com\/url?hl=fr&amp;q=https:\/\/www.youtube.com\/watch?v%3DQeDFmzYgCJ0&amp;source=gmail&amp;ust=1668027525039000&amp;usg=AOvVaw2R0ZE4GR-Jf5Diu17LmOQm\"><strong>la sortie de Diaz contre GFM au mois de septembre devant un Pape Ngagne Ndiaye<\/strong><\/a>\u00a0qui ne nous avait pas habitu\u00e9s \u00e0 le voir intimid\u00e9.\n<h4 class=\"blue\"><strong><em>La violence physique et verbale jadis condamn\u00e9e est devenue populaire et la libert\u00e9 de la presse jalousement d\u00e9fendue auparavant est menac\u00e9e comme en t\u00e9moignent les saccages de TFM l\u2019an dernier.<\/em><\/strong><\/h4>\nGuy Marius quant \u00e0 lui promet qu\u2019\u00e0 chaque fois qu\u2019un projet de loi qui ne le satisfait pas sera pr\u00e9sent\u00e9 \u00e0 l\u2019Assembl\u00e9e, il confisquera l\u2019urne ! Quelle dr\u00f4le de conception de la d\u00e9mocratie !\nDes militants de<a href=\"https:\/\/www.xibaaru.sn\/sonko-accuse-de-viol-par-une-masseuse\/\" data-saferedirecturl=\"https:\/\/www.google.com\/url?hl=fr&amp;q=https:\/\/www.xibaaru.sn\/sonko-accuse-de-viol-par-une-masseuse\/&amp;source=gmail&amp;ust=1668027525039000&amp;usg=AOvVaw1Vd50fJpXg20rAIlkQs2Lk\"><strong>\u00a0Pastef<\/strong>\u00a0<\/a>vont sur les plateaux pour clasher et invectiver leurs protagonistes sans parler de la violence inou\u00efe dans les r\u00e9seaux sociaux.\nLe plan est de faire sauter les derni\u00e8res digues de r\u00e9sistance et d\u2019installer un sentiment d\u2019ins\u00e9curit\u00e9 chez ceux qui pensent autrement.\nLes d\u00e9bats intellectuels f\u00e9conds et la floraison philosophique opposant la gauche des <strong>Mao\u00efstes<\/strong>, Socialistes, Trotskistes, et autres communistes aux lib\u00e9raux et th\u00e9oriciens du capitalisme, ont \u00e9t\u00e9 remplac\u00e9s par les r\u00e9volvers et le \u00ab\u00a0guerri\u00e9risme\u00a0\u00bb des hommes politiques d\u2019aujourd\u2019hui. Au diable la r\u00e9flexion, place \u00e0 la col\u00e8re et \u00e0 la violence. Tel semble \u00eatre leur marqueur id\u00e9ologique, l\u2019identit\u00e9 remarquable du populisme.\n\u00c0 cela s\u2019ajoute un \u00e9l\u00e9ment de langage, il faut dire Macky Sall mais Pr\u00e9sident Ousmane Sonko!\nLe culte du chef est pouss\u00e9 \u00e0 son paroxysme, il n\u2019a m\u00eame plus besoin de beaucoup s\u2019exprimer, \u00e0 la limite il n\u2019a plus besoin du parti, il est devenu plus fort que le parti, il ne souffre d\u2019aucune contestation ni remise en question de quoi que ce soit.\nSelon Lou Safra, professeure \u00e0 Sciences Po Paris, \u00ab\u00a0des exp\u00e9riences ont montr\u00e9 qu\u2019induire un sentiment de col\u00e8re chez des participants entra\u00eenait une pr\u00e9f\u00e9rence pour les candidats per\u00e7us comme plus dominants. Ces r\u00e9sultats indiquent que l\u2019expression de la col\u00e8re chez les candidats populistes pourrait \u00e9galement \u00eatre un moyen de s\u00e9duire les \u00e9lecteurs eux-m\u00eames en col\u00e8re.\u00a0\u00bb\nSonko est dominant c\u2019est un fait et qu\u2019il soit populiste ne fait pas grand doute. Il promet \u00e9norm\u00e9ment de choses sans jamais dire comment il s\u2019y prendrait ni avec quels moyens techniques, financiers et humains. Le comble du populisme est de faire un programme sans le chiffrer !\nUn autre aspect du populisme le caract\u00e9rise, il\u00a0parle toujours de la volont\u00e9 du peuple qu\u2019il oppose aux institutions pour lesquelles il n\u2019a aucun respect. C\u2019est connu, les dictateurs ont toujours tent\u00e9 de l\u00e9gitimer leur actes par cette volont\u00e9 populaire, en s\u2019arrogeant le droit d\u2019\u00eatre les seuls autoris\u00e9s \u00e0 la traduire . Or la volont\u00e9 du peuple doit s\u2019exprimer dans un cadre l\u00e9gal, c\u2019est cela l\u2019\u00e9tat de droit.\u00a0 Mais cela importe peu pour lui, la fin justifie les moyens.\nEnfin, il essaie de prendre de la hauteur en \u00e9tant loin des exc\u00e8s de ses kamikazes Guy Marius et Barth\u00e9l\u00e9my. Il appara\u00eet alors comme un homme politique certes fort de caract\u00e8re mais raisonnable et m\u00eame un bon fils, lui qui avait ob\u00e9i \u00e0 sa maman en juin dernier et renonc\u00e9 \u00e0 une manifestation qui aurait pu semer le chaos, ndeyssane! On en oublierait presque que pour sauver sa peau, il avait appel\u00e9 \u00e0 un combat mortel et promis une deuxi\u00e8me vague plus d\u00e9vastatrice pendant que des familles enterraient leurs enfants.\n<h4 class=\"blue\"><strong><em>\u00ab\u00a0And The last but not the least\u00a0\u00bb, des activistes \u00ab\u00a0boul fal\u00e9\u00a0\u00bb ont pour mission de d\u00e9mystifier les chefs religieux, au cas o\u00f9 ils auraient des envies de ndigueul et d\u2019appels au calme.<\/em><\/strong><\/h4>\nNe nous y trompons pas, Diaz, Sagna et autres agitateurs extr\u00e9mistes sont les bras arm\u00e9s de gens qui n\u2019ont pas beaucoup d\u2019\u00e9tat d\u2019\u00e2me et qui d\u00e9roulent une strat\u00e9gie bien pens\u00e9e de conqu\u00eate du pouvoir m\u00eame si cela doit se faire au d\u00e9triment de la paix, de la stabilit\u00e9, de la coh\u00e9sion, de la libert\u00e9 et de la d\u00e9mocratie au S\u00e9n\u00e9gal, c\u2019est en tout cas leur solution pour arriver \u00e0 leurs fins, quant aux solutions pour le S\u00e9n\u00e9gal, pourquoi s\u2019y attarder puisque personne ne le leur demande ? Mais les populistes et les extr\u00e9mistes sont toujours rattrap\u00e9s par la r\u00e9alit\u00e9 une fois au pouvoir et l\u2019histoire nous enseigne que les m\u00e9thodes qu\u2019ils emploient pour y rester font froid dans le dos.<strong>Abdou Salam, Un patriote<\/strong>\n","protected":false},"excerpt":{"rendered":"<p>Barth\u00e9l\u00e9my Diaz et Guy Marius\u2026les kamikazes de Sonko Au regard des derniers exc\u00e8s de Barth\u00e9l\u00e9my Diaz et Guy Marius Sagna et autres \u00e9nergum\u00e8nes de la sc\u00e8ne politique, on ne peut s\u2019emp\u00eacher de penser aux travaux de Joseph Overton qui permettent d\u2019identifier la sph\u00e8re d\u2019acceptabilit\u00e9 des id\u00e9es dans l\u2019espace public, appel\u00e9e fen\u00eatre d\u2019Overton. Cette fen\u00eatre n\u2019est [&hellip;]<\/p>\n","protected":false},"author":8,"featured_media":0,"comment_status":"open","ping_status":"open","sticky":false,"template":"","format":"standard","meta":{"_jetpack_newsletter_access":"","_jetpack_dont_email_post_to_subs":false,"_jetpack_newsletter_tier_id":0,"_jetpack_memberships_contains_paywalled_content":false,"_jetpack_memberships_contains_paid_content":false,"footnotes":""},"categories":[45],"tags":[64,137,378],"class_list":["post-6524","post","type-post","status-publish","format-standard","hentry","category-contributions","tag-barthelemy-dias","tag-guy-marius-sagna","tag-ousmane-sonko"],"jetpack_featured_media_url":"","jetpack_sharing_enabled":true,"_links":{"self":[{"href":"https:\/\/rp221.com\/index.php?rest_route=\/wp\/v2\/posts\/6524","targetHints":{"allow":["GET"]}}],"collection":[{"href":"https:\/\/rp221.com\/index.php?rest_route=\/wp\/v2\/posts"}],"about":[{"href":"https:\/\/rp221.com\/index.php?rest_route=\/wp\/v2\/types\/post"}],"author":[{"embeddable":true,"href":"https:\/\/rp221.com\/index.php?rest_route=\/wp\/v2\/users\/8"}],"replies":[{"embeddable":true,"href":"https:\/\/rp221.com\/index.php?rest_route=%2Fwp%2Fv2%2Fcomments&post=6524"}],"version-history":[{"count":0,"href":"https:\/\/rp221.com\/index.php?rest_route=\/wp\/v2\/posts\/6524\/revisions"}],"wp:attachment":[{"href":"https:\/\/rp221.com\/index.php?rest_route=%2Fwp%2Fv2%2Fmedia&parent=6524"}],"wp:term":[{"taxonomy":"category","embeddable":true,"href":"https:\/\/rp221.com\/index.php?rest_route=%2Fwp%2Fv2%2Fcategories&post=6524"},{"taxonomy":"post_tag","embeddable":true,"href":"https:\/\/rp221.com\/index.php?rest_route=%2Fwp%2Fv2%2Ftags&post=6524"}],"curies":[{"name":"wp","href":"https:\/\/api.w.org\/{rel}","templated":true}]}}