{"id":6081,"date":"2022-10-31T19:32:12","date_gmt":"2022-10-31T19:32:12","guid":{"rendered":"https:\/\/rp221.com\/?p=6081"},"modified":"2022-10-31T19:42:34","modified_gmt":"2022-10-31T19:42:34","slug":"karim-wade-et-khalifa-sallla-peur-detre-candidat-par-madiambal","status":"publish","type":"post","link":"https:\/\/rp221.com\/?p=6081","title":{"rendered":"Karim Wade et Khalifa Sall,la peur d\u2019\u00eatre candidat Par Madiambal"},"content":{"rendered":"\n<h3 class=\"red\"><strong><em>Karim Wade et Khalifa Sall,la peur d\u2019\u00eatre candidat Par Madiambal<\/em><\/strong><\/h3>\nA l\u2019issue de la r\u00e9union du Conseil des ministres du 29 septembre 2022, le Pr\u00e9sident Macky Sall avait demand\u00e9 \u00e0 son ministre de la Justice, Isma\u00efla Madior Fall, d\u2019examiner les conditions qui permettraient \u00e0 certaines personnalit\u00e9s politiques de se faire r\u00e9admettre dans le corps \u00e9lectoral, apr\u00e8s leur radiation pour cause de condamnations judiciaires. Tout le monde voyait \u00e0 travers une telle initiative, un souci de la r\u00e9habilitation politique de Karim Me\u00efssa Wade et de Khalifa Ababacar Sall. Le communiqu\u00e9 du gouvernement pr\u00e9cisait que\u00a0\u00able chef de l\u2019Etat a demand\u00e9 au ministre de la Justice de lui faire des propositions dans les d\u00e9lais les plus rapides\u00bb. Plus d\u2019un mois apr\u00e8s, le projet semble \u00eatre coinc\u00e9 car les modalit\u00e9s de sa mise en \u0153uvre divisent les diff\u00e9rentes parties. En effet, le gouvernement semble vouloir privil\u00e9gier la voie de l\u2019adoption d\u2019une loi d\u2019amnistie alors que les camps de Karim Me\u00efssa Wade et de Khalifa Ababacar Sall disent refuser une telle formule. Au bout du compte, on r\u00e9alise que si Karim Wade et Khalifa Sall d\u00e9clinent la proposition, c\u2019est qu\u2019en r\u00e9alit\u00e9 ils ne souhaitent pas tant se porter candidats.\n<h4 class=\"blue\"><strong><em>Le caprice assez \u00e9go\u00efste de Karim Wade<\/em><\/strong><\/h4>\nDes franges du Parti d\u00e9mocratique s\u00e9n\u00e9galais (Pds), qui parleraient au nom de Karim Wade, affirment que le fils du Pr\u00e9sident Wade, condamn\u00e9 le 23 mars 2015, par la Cour de r\u00e9pression de l\u2019enrichissement illicite (Crei), rejette l\u2019offre d\u2019une amnistie et continue d\u2019exiger la r\u00e9vision du proc\u00e8s, au motif que Karim Wade avait \u00e9t\u00e9 mal jug\u00e9 par une juridiction du reste \u00abill\u00e9gale\u00bb. Cette pr\u00e9tention ne manque pas de sens, du point de vue politique. En cas de r\u00e9ouverture du proc\u00e8s de Karim Wade, les compteurs seraient en quelque sorte remis \u00e0 z\u00e9ro et le candidat, jusqu\u2019ici virtuel du Pds, pourra aller devant les \u00e9lecteurs en leur disant qu\u2019il reste toujours pr\u00e9sum\u00e9 innocent, tandis qu\u2019une loi d\u2019amnistie laisserait toujours le sentiment d\u2019une certaine culpabilit\u00e9 effac\u00e9e par une volont\u00e9 d\u2019amn\u00e9sie ou d\u2019oubli collectif. D\u2019autres analystes ont pu voir en l\u2019attitude de Karim Wade, un caprice mal plac\u00e9, surtout que le rapport de forces politiques ne lui permettrait nullement d\u2019imposer la marche \u00e0 suivre. Cela a d\u2019ailleurs suscit\u00e9 des objections au sein m\u00eame du Pds, o\u00f9 des responsables ont exprim\u00e9 leur agacement ou un ras-le-bol devant l\u2019insistance de Karim Wade \u00e0 pr\u00e9f\u00e9rer une r\u00e9vision du proc\u00e8s\u00a0; une perspective qui, au demeurant, resterait hypoth\u00e9tique et se r\u00e9v\u00e9lerait un couteau \u00e0 double tranchant car nul ne saurait pr\u00e9juger de l\u2019issue finale d\u2019un nouveau proc\u00e8s.\nKarim Wade trouverait un autre int\u00e9r\u00eat strictement personnel \u00e0 la r\u00e9vision de son proc\u00e8s ou mieux, dans une d\u00e9cision finale de relaxe en sa faveur. Cela lui permettrait d\u2019avoir les coud\u00e9es franches et de garder une image immacul\u00e9e pour mieux s\u2019occuper directement de ses activit\u00e9s dans le monde de la finance, qu\u2019il d\u00e9veloppe notamment \u00e0 Doha, \u00e0 Kigali et \u00e0 Kinshasa. On se demande m\u00eame si Karim Wade ne pr\u00e9f\u00e9rerait pas une telle activit\u00e9 plut\u00f4t que de revenir de son exil dor\u00e9 au Qatar pour faire de la politique au S\u00e9n\u00e9gal avec tous ses al\u00e9as et inconforts. Avec une facilit\u00e9 d\u00e9concertante, Karim Wade menace, par le truchement de ses thurif\u00e9raires, de d\u00e9missionner m\u00eame du Pds si son parti s\u2019associait \u00e0 l\u2019id\u00e9e de voter une loi d\u2019amnistie. C\u2019est dire\u2026\nLa demande de Karim Wade appara\u00eet plus personnelle et \u00e9go\u00efste qu\u2019une d\u00e9marche politique et manquerait d\u2019altruisme. En effet, il semble n\u2019avoir cure du sort de ses co-accus\u00e9s (Bibo Bourgi et autres) qui, eux, devraient sans doute \u00eatre heureux de se voir amnisti\u00e9s afin de pouvoir tourner une mauvaise page et passer \u00e0 autre chose. Aussi, il appara\u00eet incoh\u00e9rent que Karim Wade, qui trouve la Crei ill\u00e9gale et rejette ses jugements, continue de demander une r\u00e9ouverture du proc\u00e8s devant la m\u00eame juridiction. Certes dans ces colonnes, nous n\u2019avons eu de cesse de relever nos r\u00e9serves pour ne pas dire notre appr\u00e9ciation n\u00e9gative des r\u00e8gles qui organisent la Crei, qui ne garantissent absolument pas un \u00abproc\u00e8s juste et \u00e9quitable\u00bb. C\u2019est non seulement dans le sens o\u00f9 le principe du fardeau de la preuve reste impos\u00e9 aux accus\u00e9s, mais aussi l\u2019absence dans le dispositif, d\u2019un second degr\u00e9 de juridiction pour recevoir d\u2019\u00e9ventuels appels form\u00e9s par les parties, tous travers apparaissant comme non conformes \u00e0 une bonne distribution de la Justice (\u00abPour une r\u00e9forme de la Crei\u00bb, 26 octobre 2015).\nDes d\u00e9put\u00e9s de l\u2019opposition ont brandi l\u2019id\u00e9e d\u2019une proposition de loi pour amender certaines dispositions de la loi \u00e9lectorale afin de permettre la participation au prochain scrutin pr\u00e9sidentiel de 2024, de personnalit\u00e9s politiques comme Karim Wade et Khalifa Ababacar Sall. Ces r\u00e9formes envisag\u00e9es ne devraient pouvoir \u00eatre adopt\u00e9es si elles ne sont pas accept\u00e9es par le groupe parlementaire majoritaire de Benno bokk yaakaar (Bby). Autrement dit, l\u2019id\u00e9e est partie pour \u00eatre un pis-aller et Karim Wade comme Khalifa Sall, si tant est qu\u2019ils seraient mus par leur volont\u00e9 de participer \u00e0 l\u2019\u00e9lection pr\u00e9sidentielle, risquent de l\u00e2cher la proie pour l\u2019ombre.\nAu cas o\u00f9 l\u2019id\u00e9e avanc\u00e9e \u00e0 grands renforts m\u00e9diatiques par le Pr\u00e9sident Macky Sall (comme pour tenir l\u2019opinion publique \u00e0 t\u00e9moin), de faire revenir dans le jeu politique ces deux protagonistes \u00e9chouerait, Karim Wade et Khalifa Sall seront bien mal plac\u00e9s pour crier en 2024, \u00e0 une attitude anti-d\u00e9mocratique de Macky Sall d\u2019\u00e9carter du jeu politique des adversaires redoutables. \u00abOn ne peut faire le bonheur des gens malgr\u00e9 eux\u00bb et \u00abnul ne peut se pr\u00e9valoir de sa propre turpitude\u00bb\u00a0!\n<h4 class=\"blue\"><strong><em>Ainsi, en a-t-on encore d\u00e9cid\u00e9 pour Khalifa Sall\u2026<\/em><\/strong><\/h4>\nOn ne dira jamais assez que Khalifa Ababacar Sall se laisse toujours mener par le bout du nez. Dans une chronique en date du 14 d\u00e9cembre 2020, intitul\u00e9e\u00a0\u00abAlliance avec Sonko, Khalifa Sall perdant \u00e0 tous les coups\u00bb, nous indiquions que \u00abKhalifa Sall laisse toujours les autres d\u00e9cider pour lui\u00bb. Il en est de cette id\u00e9e de rejet de la loi d\u2019amnistie qui vient d\u2019\u00eatre propos\u00e9e. Khalifa Sall a laiss\u00e9 les Barth\u00e9lemy Dias et autres membres du Pastef de Ousmane Sonko parler et d\u00e9cider pour lui et donc, les d\u00e9put\u00e9s de ce camp se mettent \u00e0 pr\u00e9parer une proposition de loi de r\u00e9forme du Code \u00e9lectoral afin de permettre son \u00e9ligibilit\u00e9. On a d\u00e9j\u00e0 dit que rien ne garantirait le succ\u00e8s d\u2019une telle initiative, mais cette d\u00e9marche battrait en br\u00e8che tout l\u2019argumentaire des partisans de Khalifa Sall qui voulaient faire croire qu\u2019en d\u00e9pit des dispositions de la loi \u00e9lectorale, l\u2019ancien \u00e9dile de Dakar pouvait \u00eatre candidat \u00e0 la Pr\u00e9sidentielle de 2019 comme aux \u00e9lections locales et l\u00e9gislatives de 2022. Il n\u2019y aurait pas aveu plus \u00e9loquent de leur mauvaise foi,s\u2019ils se r\u00e9solvent \u00e0 corriger ce qui, du point de vue des juges,emp\u00eachait la recevabilit\u00e9 de la candidature de Khalifa Sall.\nDu reste, Khalifa Sall a plus int\u00e9r\u00eat que tout autre \u00e0 une loi d\u2019amnistie. Si la demande de r\u00e9vision de son proc\u00e8s, brandie par quelques gens dont certains qui se sont d\u00e9j\u00e0 d\u00e9clar\u00e9s candidats ou qui ont fini de choisir leur candidat \u00e0 la prochaine Pr\u00e9sidentielle, aboutissait, on ne voit pas un juge qui lui \u00e9pargnerait une condamnation pour \u00abfaux et usage de faux en \u00e9critures publiques et pr\u00e9varication de deniers publics\u00bb. En effet, Khalifa Sall a fait maints aveux publics et devant la Justice, d\u2019avoir us\u00e9 d\u2019une pratique frauduleuse qui avait toujours cours \u00e0 la mairie de Dakar, et qui consistait \u00e0 faire des commandes fictives de denr\u00e9es alimentaires destin\u00e9es aux indigents, alors qu\u2019en lieu et place des tonnages de riz et de mil, les agents comptables donnaient du cash au maire de Dakar dans le but d\u2019abonder une certaine \u00abcaisse noire\u00bb. En quelque sorte, il dirait de mani\u00e8re triviale\u00a0 : \u00a0\u00abJ\u2019ai vol\u00e9 les caisses de la mairie parce qu\u2019avant moi les maires le faisaient.\u00bb Khalifa Sall serait bien dr\u00f4le de se mettre devant les \u00e9lecteurs tout en tra\u00eenant dans son casier judiciaire, une condamnation pareille. Dire qu\u2019il s\u2019est trouv\u00e9 des personnalit\u00e9s qui pr\u00f4nent \u0153uvrer pour la bonne gouvernance et la transparence dans la gestion des ressources publiques, qui ont l\u2019outrecuidance de d\u00e9fendre ou excuser ces forfaitures et forfanteries de Khalifa Sall\u00a0!\nIl est \u00e0 parier que Khalifa Sall se plairait de voir prosp\u00e9rer l\u2019id\u00e9e d\u2019une loi d\u2019amnistie comme il s\u2019\u00e9tait bien complu, comme Karim Wade du reste, de la gr\u00e2ce pr\u00e9sidentielle que le Pr\u00e9sident Macky Sall leur avait respectivement accord\u00e9e en 2019 (Khalifa Sall) et 2016 (Karim Wade). L\u2019un comme l\u2019autre faisaient la fine bouche, affirmant n\u2019\u00eatre pas demandeurs d\u2019une gr\u00e2ce pr\u00e9sidentielle, mais ne s\u2019impatientaient pas moins de voir la proc\u00e9dure aboutir quand d\u2019autres personnes avaient formul\u00e9 la demande \u00e0 leur place. Aucun des deux ne s\u2019\u00e9tait fait tirer de force de sa cellule de prison pour humer l\u2019air libre et monter dans le premier avion en attente \u00e0 l\u2019a\u00e9roport de Yoff. De toute fa\u00e7on, en d\u00e9clinant l\u2019offre d\u2019amnistie, Khalifa Sall oublie lui aussi ses autres compagnons d\u2019infortune comme Mbaye Tour\u00e9 et autres qui devraient bien \u00eatre contents d\u2019un tel geste et refaire leur vie et leur carri\u00e8re professionnelle.\nIl est \u00e0 rappeler que quand Khalifa Sall faisait du chichi quant \u00e0 une demande de gr\u00e2ce, ces personnes, condamn\u00e9es en m\u00eame temps que lui, avaient pris sur elles de formuler la demande qui a fini par lui profiter. Dans cette autre situation, il avait fallu d\u00e9cider pour Khalifa Sall pour le sortir de prison.\n<h4 class=\"blue\"><strong><em>L\u2019histoire jamais aboutie des demandes de r\u00e9vision de proc\u00e8s au S\u00e9n\u00e9gal<\/em><\/strong><\/h4>\nRechercher un cas d\u2019\u00e9cole de la r\u00e9vision d\u2019un proc\u00e8s dans les annales judiciaires du S\u00e9n\u00e9gal serait rechercher une aiguille dans une botte de foin. L\u2019histoire renseigne que les demandes de r\u00e9vision de proc\u00e8s formul\u00e9es \u00e0 hue et \u00e0 dia, comme celle de Mamadou Dia pour la r\u00e9vision de son proc\u00e8s suite aux \u00e9v\u00e8nements du 17 d\u00e9cembre 1962 ou celle de Abdoulaye Wade dans l\u2019affaire de l\u2019assassinat du juge constitutionnel Me Babacar S\u00e8ye en 1993, n\u2019ont jamais pu aboutir.\nL\u2019ancien pr\u00e9sident du Conseil de gouvernement du S\u00e9n\u00e9gal (\u00e9quivalent \u00e0 l\u2019actuel Premier ministre), Mamadou Dia, avait \u00e9t\u00e9 accus\u00e9 de tentative de coup d\u2019Etat contre le Pr\u00e9sident L\u00e9opold S\u00e9dar Senghor et avait \u00e9t\u00e9 condamn\u00e9 avec plusieurs autres de ses compagnons. Ils furent \u00e9crou\u00e9s \u00e0 la prison de K\u00e9dougou et seront lib\u00e9r\u00e9s en 1974, suite \u00e0 une gr\u00e2ce pr\u00e9sidentielle. Une loi d\u2019amnistie avait \u00e9t\u00e9 adopt\u00e9e en 1976 pour effacer les faits. Cette loi d\u2019amnistie aura permis \u00e0 Mamadou Dia de participer aux \u00e9lections de 1983 et de 1988. Mamadou Dia et ses camarades n\u2019exigeaient pas moins la r\u00e9vision de leur proc\u00e8s. L\u2019un de ses avocats au proc\u00e8s de 1963, Me Abdoulaye Wade, devenu pr\u00e9sident de la R\u00e9publique du S\u00e9n\u00e9gal en 2000, proposa la r\u00e9ouverture du proc\u00e8s. Mais contre toute attente, Mamadou Dia d\u00e9clina l\u2019offre en 2001. Sa posture aura beaucoup d\u00e9\u00e7u certaines familles de ses compagnons d\u2019infortune, d\u2019autant qu\u2019au-del\u00e0 de l\u2019acte de r\u00e9habilitation, le r\u00e9gime de Abdoulaye Wade entendait, \u00e0 l\u2019issue d\u2019un nouveau proc\u00e8s, engager la responsabilit\u00e9 de l\u2019Etat et allouer des d\u00e9dommagements substantiels aux personnes vivantes et aux ayants droit des disparus. Les proches de Mamadou Dia expliqueront que la position du \u00abp\u00e8re Dia\u00bb ne relevait pas d\u2019un snobisme quelconque ou d\u2019une d\u00e9faillance mentale, comme d\u2019aucuns avaient pu le penser. En 2003, Mamadou Dia ne trouvait pas \u00e9quitable de tenir un nouveau proc\u00e8s auquel ne pouvait pas participer L\u00e9opold S\u00e9dar Senghor, qui \u00e9tait d\u00e9c\u00e9d\u00e9 le 20 d\u00e9cembre 2001.\nEn revanche, le Pr\u00e9sident Abdoulaye Wade avait la possibilit\u00e9 ou la latitude de rouvrir le proc\u00e8s de l\u2019affaire Me Babacar S\u00e8ye. Il se gardera de le faire et s\u2019empressa dans un premier temps d\u2019accorder une gr\u00e2ce, en f\u00e9vrier 2002, \u00e0 la \u00abbande \u00e0 Cl\u00e9dor S\u00e8ne\u00bb, jug\u00e9e coupable du meurtre du juge S\u00e8ye. La mesure de gr\u00e2ce ne semblait pas suffire aux b\u00e9n\u00e9ficiaires, qui se montraient tr\u00e8s prolixes sur les circonstances de l\u2019assassinat du juge. Ainsi, un d\u00e9put\u00e9 du parti du Pr\u00e9sident Wade, Ibrahima Isidore Ezzan, initiera subitement une loi d\u2019amnistie en 2005 pour enterrer d\u00e9finitivement cette sale affaire Me Babacar S\u00e8ye. On aura retenu que le Pr\u00e9sident Wade s\u2019\u00e9tait auto-amnisti\u00e9 pour une affaire dans laquelle sa responsabilit\u00e9 personnelle \u00e9tait beaucoup en cause.\nPour en revenir \u00e0 Karim Wade et Khalifa Sall, on leur dirait que s\u2019ils ont confiance en leur capacit\u00e9 de gagner la prochaine Pr\u00e9sidentielle, pourquoi ne se lanceraient-ils pas avec les conditions minimales qu\u2019offrirait une loi d\u2019amnistie, quitte \u00e0 faire r\u00e9viser leur proc\u00e8s une fois au pouvoir\u00a0? Nombre de ceux qui les encouragent \u00e0 rejeter l\u2019id\u00e9e d\u2019une loi d\u2019amnistie semblent ne pas leur vouloir que du bien. Le Pr Cheikh Anta Diop nous enjoignait : \u00abKu b\u00ebrey daan !\u00bb En d\u2019autres termes, on ne gagne pas un combat qu\u2019on n\u2019a pas livr\u00e9.<strong>Par Madiambal DIAGNE \u2013 <a href=\"mailto : mdiagne@lequotidien.sn\">mdiagne@lequotidien.sn<\/a><\/strong>\n","protected":false},"excerpt":{"rendered":"<p>Karim Wade et Khalifa Sall,la peur d\u2019\u00eatre candidat Par Madiambal A l\u2019issue de la r\u00e9union du Conseil des ministres du 29 septembre 2022, le Pr\u00e9sident Macky Sall avait demand\u00e9 \u00e0 son ministre de la Justice, Isma\u00efla Madior Fall, d\u2019examiner les conditions qui permettraient \u00e0 certaines personnalit\u00e9s politiques de se faire r\u00e9admettre dans le corps \u00e9lectoral, [&hellip;]<\/p>\n","protected":false},"author":8,"featured_media":0,"comment_status":"open","ping_status":"open","sticky":false,"template":"","format":"standard","meta":{"_jetpack_newsletter_access":"","_jetpack_dont_email_post_to_subs":false,"_jetpack_newsletter_tier_id":0,"_jetpack_memberships_contains_paywalled_content":false,"_jetpack_memberships_contains_paid_content":false,"footnotes":""},"categories":[45],"tags":[340,409,138],"class_list":["post-6081","post","type-post","status-publish","format-standard","hentry","category-contributions","tag-karim-wade","tag-khalifa-sall","tag-madiambal-diagne"],"jetpack_featured_media_url":"","jetpack_sharing_enabled":true,"_links":{"self":[{"href":"https:\/\/rp221.com\/index.php?rest_route=\/wp\/v2\/posts\/6081","targetHints":{"allow":["GET"]}}],"collection":[{"href":"https:\/\/rp221.com\/index.php?rest_route=\/wp\/v2\/posts"}],"about":[{"href":"https:\/\/rp221.com\/index.php?rest_route=\/wp\/v2\/types\/post"}],"author":[{"embeddable":true,"href":"https:\/\/rp221.com\/index.php?rest_route=\/wp\/v2\/users\/8"}],"replies":[{"embeddable":true,"href":"https:\/\/rp221.com\/index.php?rest_route=%2Fwp%2Fv2%2Fcomments&post=6081"}],"version-history":[{"count":0,"href":"https:\/\/rp221.com\/index.php?rest_route=\/wp\/v2\/posts\/6081\/revisions"}],"wp:attachment":[{"href":"https:\/\/rp221.com\/index.php?rest_route=%2Fwp%2Fv2%2Fmedia&parent=6081"}],"wp:term":[{"taxonomy":"category","embeddable":true,"href":"https:\/\/rp221.com\/index.php?rest_route=%2Fwp%2Fv2%2Fcategories&post=6081"},{"taxonomy":"post_tag","embeddable":true,"href":"https:\/\/rp221.com\/index.php?rest_route=%2Fwp%2Fv2%2Ftags&post=6081"}],"curies":[{"name":"wp","href":"https:\/\/api.w.org\/{rel}","templated":true}]}}