{"id":5606,"date":"2022-10-16T18:18:29","date_gmt":"2022-10-16T18:18:29","guid":{"rendered":"https:\/\/rp221.com\/?p=5606"},"modified":"2022-10-16T18:18:36","modified_gmt":"2022-10-16T18:18:36","slug":"lettre-ouverte-aux-controleurs-de-la-circulation-aerienne-par-cissokho-abdel-kader","status":"publish","type":"post","link":"https:\/\/rp221.com\/?p=5606","title":{"rendered":"Lettre ouverte aux contr\u00f4leurs de la circulation a\u00e9rienne Par CISSOKHO Abdel Kader"},"content":{"rendered":"\n<h3 class=\"red\"><strong><em>Lettre ouverte aux contr\u00f4leurs de la circulation a\u00e9rienne Par CISSOKHO Abdel Kader<\/em><\/strong><\/h3>\nDans un de ses multiples \u00e9crits, l\u2019USYCAA, organisation ill\u00e9gale, se morfond sur le sort des contr\u00f4leurs de la circulation a\u00e9rienne de l\u2019ASECNA en d\u00e9clarant de fa\u00e7on mensong\u00e8re que \u00ab trois piliers essentiels des contr\u00f4leurs ont continu\u00e9 dangereusement de s\u2019effriter depuis l\u2019arriv\u00e9e du Directeur g\u00e9n\u00e9ral en 2017. Il s\u2019agit notamment : du renforcement des capacit\u00e9s op\u00e9rationnelles, de l\u2019\u00e9panouissement professionnel et du plan de carri\u00e8re du contr\u00f4leur a\u00e9rien. \u00bb \n<h4 class=\"blue\"><strong><em>Fin de citation.<\/em><\/strong><\/h4>\n1-Du renforcement des capacit\u00e9s op\u00e9rationnelles\n2-Il est ind\u00e9niable que depuis 2017, l\u2019Agence n\u2019a jamais atteint ce niveau d\u2019avanc\u00e9e sur le plan op\u00e9rationnel.\nEn effet, l\u2019impl\u00e9mentation des radars, de l\u2019ADS-B ainsi que l\u2019extension VHF dans les zones non couvertes de notre espace a\u00e9rien ont hiss\u00e9 l\u2019ASECNA a un niveau technologique jamais atteint et \u00e9galant ainsi les pays les plus avanc\u00e9s au monde. En plus de ces \u00e9quipements, le SBAS est en cours de finalisation pour une impl\u00e9mentation imminente.\nCes outils qui ont renforc\u00e9 la s\u00e9curit\u00e9 et la r\u00e9gulation des vols dans notre espace a\u00e9rien et rendu plus ais\u00e9 le travail du contr\u00f4leur a\u00e9rien, a permis de renforcer leurs capacit\u00e9s op\u00e9rationnelles par les formations sp\u00e9cifiques ad\u00e9quates qui ont \u00e9t\u00e9 dispens\u00e9es pour leur permettre de les ma\u00eetriser. Ce renforcement de capacit\u00e9s op\u00e9rationnelles du contr\u00f4leur de l\u2019ASECNA lui permet d\u2019atteindre le niveau europ\u00e9en et am\u00e9ricain.\n3- De l\u2019\u00e9panouissement professionnel\nMalgr\u00e9 la situation financi\u00e8re difficile avec une menace de quasi-cessation de paiement des salaires que le Directeur G\u00e9n\u00e9ral actuel a trouv\u00e9 \u00e0 sa prise de service en 2017 et plus r\u00e9cemment les effets de la pand\u00e9mie de Covid-19 sur les finances de l\u2019agence, il est constant qu\u2019il a mis en \u0153uvre des actions salvatrices pour l\u2019\u00e9panouissement de tous les travailleurs dont les contr\u00f4leurs, en garantissant notamment les emplois et les salaires. Il faut rappeler que l\u2019industrie de l\u2019aviation civile a subi le plus lourd tribut de la crise sanitaire de Covid-19 et des centaines d\u2019entreprises du domaine ont mis la clef sous le paillasson, mettant ainsi dans la rue des centaines de milliers de travailleurs dans le monde.\nDans ce contexte particuli\u00e8rement difficile, il faut noter concernant le corps des contr\u00f4leurs que la masse salariale les concernant a \u00e9volu\u00e9 de 40% depuis 2017 et les effectifs de 14%. On d\u00e9nombre actuellement 93 contr\u00f4leurs a\u00e9riens en formation \u00e0 l\u2019EAMAC.\n4- Du plan de carri\u00e8re\nC\u2019est un mensonge grossier que d\u2019affirmer que les contr\u00f4leurs a\u00e9riens n\u2019ont pas de plan de carri\u00e8re quand on sait que l\u2019ASECNA a mis en place un syst\u00e8me de promotion interne, v\u00e9ritable plan de carri\u00e8re qui permet \u00e0 tout agent qui veut y faire carri\u00e8re de savoir d\u00e8s son recrutement quelle sera son \u00e9volution jusqu\u2019\u00e0 sa retraite sur la base de son exp\u00e9rience acquise et de sa bonne mani\u00e8re de servir, sans changement pour autant de poste de travail. Ce b\u00e9n\u00e9fique avantage octroy\u00e9 au personnel de l\u2019agence est unique en son genre en Afrique.\nFort de cet acquis, on compte de nos jours parmi les contr\u00f4leurs a\u00e9riens de l\u2019ASECNA, jadis recrut\u00e9s \u00e0 un niveau Bac+2, 80 qui sont class\u00e9s dans la cat\u00e9gorie C, cat\u00e9gorie r\u00e9serv\u00e9e aux ing\u00e9nieurs et Bac+5, 651 dans la cat\u00e9gorie B r\u00e9serv\u00e9e aux Bac+4.\n5- Des autres avantages des contr\u00f4leurs a\u00e9riens\n<h4 class=\"blue\"><strong><em>Il faut noter les autres avantages suivants octroy\u00e9s aux contr\u00f4leurs a\u00e9riens \u00e0 l\u2019ASECNA : <\/em><\/strong><\/h4>\nun salaire minimum d\u00e8s le recrutement de 950 000 FCFA et un salaire maximum de 1 600 000 FCFA une assurance maladie pour lui et toute sa famille une assurance pr\u00e9voyance d\u00e9c\u00e8s trois r\u00e9gimes de retraite : \nla retraite classique, une retraite compl\u00e9mentaire avec sortie de capital et une deuxi\u00e8me retraite compl\u00e9mentaire avec sortie en rentes certaines l\u2019octroi de plusieurs types de pr\u00eats en interne sans int\u00e9r\u00eat : \npr\u00eat \u00e9quipement, pr\u00eat consommation, pr\u00eat habitat, pr\u00eat scolaire, pr\u00eat Tabaski, etc.\nAu regard de leaders de l\u2019USYCAA, une n\u00e9buleuse au service des ennemis de l\u2019ASECNA pour la couler de l\u2019int\u00e9rieur.\nTout ce qui pr\u00e9c\u00e8de, il est difficile de ne pas croire \u00e0 une instrumentalisation de certains.\nTout contr\u00f4leur a\u00e9rien consciencieux et patriote doit se d\u00e9marquer de cette manipulation \u00e9hont\u00e9e et d\u00e9fendre la communaut\u00e9 ASECNA car d\u00e9fendre ses int\u00e9r\u00eats, c\u2019est d\u2019abord d\u00e9fendre l\u2019outil de travail et non le vilipender pour le d\u00e9truire.\nCISSOKHO Abdel Kader, ing\u00e9nieur de la navigation a\u00e9rienne \u00e0 la retraite\n","protected":false},"excerpt":{"rendered":"<p>Lettre ouverte aux contr\u00f4leurs de la circulation a\u00e9rienne Par CISSOKHO Abdel Kader Dans un de ses multiples \u00e9crits, l\u2019USYCAA, organisation ill\u00e9gale, se morfond sur le sort des contr\u00f4leurs de la circulation a\u00e9rienne de l\u2019ASECNA en d\u00e9clarant de fa\u00e7on mensong\u00e8re que \u00ab trois piliers essentiels des contr\u00f4leurs ont continu\u00e9 dangereusement de s\u2019effriter depuis l\u2019arriv\u00e9e du Directeur [&hellip;]<\/p>\n","protected":false},"author":8,"featured_media":0,"comment_status":"open","ping_status":"open","sticky":false,"template":"","format":"standard","meta":{"_jetpack_newsletter_access":"","_jetpack_dont_email_post_to_subs":false,"_jetpack_newsletter_tier_id":0,"_jetpack_memberships_contains_paywalled_content":false,"_jetpack_memberships_contains_paid_content":false,"footnotes":""},"categories":[45],"tags":[644,353,354],"class_list":["post-5606","post","type-post","status-publish","format-standard","hentry","category-contributions","tag-abdel-kader-cissokho","tag-asecna","tag-usycaa"],"jetpack_featured_media_url":"","jetpack_sharing_enabled":true,"_links":{"self":[{"href":"https:\/\/rp221.com\/index.php?rest_route=\/wp\/v2\/posts\/5606","targetHints":{"allow":["GET"]}}],"collection":[{"href":"https:\/\/rp221.com\/index.php?rest_route=\/wp\/v2\/posts"}],"about":[{"href":"https:\/\/rp221.com\/index.php?rest_route=\/wp\/v2\/types\/post"}],"author":[{"embeddable":true,"href":"https:\/\/rp221.com\/index.php?rest_route=\/wp\/v2\/users\/8"}],"replies":[{"embeddable":true,"href":"https:\/\/rp221.com\/index.php?rest_route=%2Fwp%2Fv2%2Fcomments&post=5606"}],"version-history":[{"count":0,"href":"https:\/\/rp221.com\/index.php?rest_route=\/wp\/v2\/posts\/5606\/revisions"}],"wp:attachment":[{"href":"https:\/\/rp221.com\/index.php?rest_route=%2Fwp%2Fv2%2Fmedia&parent=5606"}],"wp:term":[{"taxonomy":"category","embeddable":true,"href":"https:\/\/rp221.com\/index.php?rest_route=%2Fwp%2Fv2%2Fcategories&post=5606"},{"taxonomy":"post_tag","embeddable":true,"href":"https:\/\/rp221.com\/index.php?rest_route=%2Fwp%2Fv2%2Ftags&post=5606"}],"curies":[{"name":"wp","href":"https:\/\/api.w.org\/{rel}","templated":true}]}}