{"id":5476,"date":"2022-10-16T16:13:15","date_gmt":"2022-10-16T16:13:15","guid":{"rendered":"https:\/\/rp221.com\/?p=5476"},"modified":"2022-10-16T16:31:35","modified_gmt":"2022-10-16T16:31:35","slug":"sans-nomination-dun-nouveau-president-de-lofnac-le-17-octobre-2022-la-composition-de-linstitution-sera-totalement-irreguliere","status":"publish","type":"post","link":"https:\/\/rp221.com\/?p=5476","title":{"rendered":"Sans nomination d\u2019un nouveau Pr\u00e9sident de l\u2019OFNAC, le 17 octobre 2022, la composition de l\u2019Institution sera totalement irr\u00e9guli\u00e8re"},"content":{"rendered":"\n<h3 class=\"red\"><strong><em>Sans nomination d\u2019un nouveau Pr\u00e9sident de l\u2019OFNAC, le 17 octobre 2022, la composition de l\u2019Institution sera totalement irr\u00e9guli\u00e8re Par Seybani SOUGOU<\/em><\/strong><\/h3>\nL\u2019article 5 de la loi N\u00b0 2012-30 du 28 d\u00e9cembre 2012 portant cr\u00e9ation de l\u2019OFNAC dispose que \u00ab le pr\u00e9sident, le vice-pr\u00e9sident et les autres membres de l\u2019OFNAC sont nomm\u00e9s par d\u00e9cret, pour une p\u00e9riode de trois (3) ans, renouvelable une fois \u00bb.\nNomm\u00e9e Pr\u00e9sidente de l\u2019OFNAC en 2016, le mandat de Mme Seynabou N\u2019Diaye Diakhat\u00e9 a \u00e9t\u00e9 renouvel\u00e9, le 27 juillet 2019 par d\u00e9cret n\u00b02019-1306. Son mandat a pris fin le 26 juillet 2022.\nAux termes de l\u2019article 7 de ladite loi \u00ab\u00a0Le pr\u00e9sident \u00e9tablit l\u2019ordre du jour des r\u00e9unions, dirige les travaux, veille au bon fonctionnement de l\u2019OFNAC, signe tous les documents et correspondances et repr\u00e9sente l\u2019OFNAC aupr\u00e8s des autorit\u00e9s et de ses partenaires\u2026\u00a0\u00bb.\nLe dernier alin\u00e9a de l\u2019article 7 pr\u00e9cise \u00ab\u00a0<strong>qu\u2019en cas d\u2019emp\u00eachement, ou d\u2019absence du pr\u00e9sident, le vice-pr\u00e9sident assure la suppl\u00e9ance\u00a0\u00bb.<\/strong>\nOr, le mandat de l\u2019actuel Vice-Pr\u00e9sident de l\u2019OFNAC (M. Cheikh Tidiane MARA) qui a \u00e9t\u00e9 renouvel\u00e9 le 18 octobre 2019 arrive \u00e0 son terme le 17 octobre 2022.\nDans 72 heures, soit le lundi 17 octobre 2022, \u00e0 minuit, l\u2019OFNAC n\u2019aura ni Pr\u00e9sident, ni Vice- Pr\u00e9sident (les mandats de Seynabou N\u2019Diaye Diakhat\u00e9 et Cheikh Tidiane MARA ayant expir\u00e9). Il s\u2019y ajoute qu\u2019un 3\u00e9me membre devra \u00eatre nomm\u00e9 puisque Maitre Awa DIEYE a quitt\u00e9 l\u2019institution depuis qu\u2019elle a \u00e9t\u00e9 nomm\u00e9e membre du Conseil Constitutionnel.\nSans nomination\u00a0<strong>d\u2019un nouveau Pr\u00e9sident<\/strong>, le 17 octobre 2022, la composition de l\u2019OFNAC sera irr\u00e9guli\u00e8re et toute d\u00e9cision prise par l\u2019institution, sera totalement ill\u00e9gale.\nEn effet, l\u2019article 11 portant cr\u00e9ation de l\u2019OFNAC dispose que \u00ab\u00a0l\u2019OFNAC ne peut valablement d\u00e9lib\u00e9rer que si au moins les deux tiers de ses membres sont pr\u00e9sents, mais pr\u00e9cise n\u00e9anmoins qu\u2019en cas de partage des voix, celle du pr\u00e9sident est pr\u00e9pond\u00e9rante\u00a0\u00bb.\nLa pr\u00e9pond\u00e9rance de la voix du Pr\u00e9sident en cas d\u2019\u00e9galit\u00e9 (sa voix emporte la d\u00e9cision), prouve que sa pr\u00e9sence est n\u00e9cessaire et primordiale, au moment des d\u00e9lib\u00e9rations.\n<h4 class=\"blue\"><strong><em><u>Conclusion<\/u><\/em><\/strong><\/h4>\nCr\u00e9\u00e9e pour pr\u00e9venir, lutter contre les tous les actes de fraude ou de corruption, et favoriser la transparence dans l\u2019usage des deniers publics, dans le cadre d\u2019une gouvernance publique fond\u00e9e sur l\u2019\u00e9thique, l\u2019int\u00e9grit\u00e9 et la responsabilit\u00e9, on peut sans conteste affirmer, que l\u2019OFNAC n\u2019a pas r\u00e9pondu aux attentes plac\u00e9es en elle. Au bout de 10 ans, son bilan se r\u00e9sume \u00e0 la transmission de plus de 20 rapports au procureur de la R\u00e9publique, dont quasiment aucun n\u2019a donn\u00e9 lieu \u00e0 des poursuites judiciaires.\nA quoi bon produire des rapports s\u2019ils ne servent qu\u2019\u00e0 meubler la galerie\u00a0?\n<h4 class=\"blue\"><strong><em><u>Nota bene :<\/u><\/em><\/strong><\/h4>\nIl convient de magnifier l\u2019engagement et le travail remarquable de la Premi\u00e8re Pr\u00e9sidente de l\u2019OFNAC, Mme Nafi NGOM KEITA, qui, en d\u00e9pit des pressions de Macky SALL a fait preuve de solidit\u00e9 et de dignit\u00e9 pour exercer sa fonction, \u00e0 la t\u00eate de l\u2019institution. Mme KEITA n\u2019est pas comptable du bilan (insuffisant) de l\u2019OFNAC qu\u2019elle a quitt\u00e9 au bout d\u2019un an.\n","protected":false},"excerpt":{"rendered":"<p>Sans nomination d\u2019un nouveau Pr\u00e9sident de l\u2019OFNAC, le 17 octobre 2022, la composition de l\u2019Institution sera totalement irr\u00e9guli\u00e8re Par Seybani SOUGOU L\u2019article 5 de la loi N\u00b0 2012-30 du 28 d\u00e9cembre 2012 portant cr\u00e9ation de l\u2019OFNAC dispose que \u00ab le pr\u00e9sident, le vice-pr\u00e9sident et les autres membres de l\u2019OFNAC sont nomm\u00e9s par d\u00e9cret, pour une [&hellip;]<\/p>\n","protected":false},"author":8,"featured_media":0,"comment_status":"open","ping_status":"open","sticky":false,"template":"","format":"standard","meta":{"_jetpack_newsletter_access":"","_jetpack_dont_email_post_to_subs":false,"_jetpack_newsletter_tier_id":0,"_jetpack_memberships_contains_paywalled_content":false,"_jetpack_memberships_contains_paid_content":false,"footnotes":""},"categories":[45],"tags":[285,139],"class_list":["post-5476","post","type-post","status-publish","format-standard","hentry","category-contributions","tag-ofnac","tag-seybani-sougou"],"jetpack_featured_media_url":"","jetpack_sharing_enabled":true,"_links":{"self":[{"href":"https:\/\/rp221.com\/index.php?rest_route=\/wp\/v2\/posts\/5476","targetHints":{"allow":["GET"]}}],"collection":[{"href":"https:\/\/rp221.com\/index.php?rest_route=\/wp\/v2\/posts"}],"about":[{"href":"https:\/\/rp221.com\/index.php?rest_route=\/wp\/v2\/types\/post"}],"author":[{"embeddable":true,"href":"https:\/\/rp221.com\/index.php?rest_route=\/wp\/v2\/users\/8"}],"replies":[{"embeddable":true,"href":"https:\/\/rp221.com\/index.php?rest_route=%2Fwp%2Fv2%2Fcomments&post=5476"}],"version-history":[{"count":0,"href":"https:\/\/rp221.com\/index.php?rest_route=\/wp\/v2\/posts\/5476\/revisions"}],"wp:attachment":[{"href":"https:\/\/rp221.com\/index.php?rest_route=%2Fwp%2Fv2%2Fmedia&parent=5476"}],"wp:term":[{"taxonomy":"category","embeddable":true,"href":"https:\/\/rp221.com\/index.php?rest_route=%2Fwp%2Fv2%2Fcategories&post=5476"},{"taxonomy":"post_tag","embeddable":true,"href":"https:\/\/rp221.com\/index.php?rest_route=%2Fwp%2Fv2%2Ftags&post=5476"}],"curies":[{"name":"wp","href":"https:\/\/api.w.org\/{rel}","templated":true}]}}