{"id":4535,"date":"2022-10-03T17:07:20","date_gmt":"2022-10-03T17:07:20","guid":{"rendered":"https:\/\/rp221.com\/?p=4535"},"modified":"2022-10-03T17:07:24","modified_gmt":"2022-10-03T17:07:24","slug":"amnistie-de-karim-wade-et-khalifa-sall-ce-quen-pense-mamadou-diop-decroix","status":"publish","type":"post","link":"https:\/\/rp221.com\/?p=4535","title":{"rendered":"Amnistie de Karim Wade et Khalifa Sall : Ce qu&rsquo;en pense Mamadou Diop Decroix"},"content":{"rendered":"\n<h3 class=\"red\"><strong><em>Amnistie de Karim Wade et Khalifa Sall : Ce qu'en pense Mamadou Diop Decroix<\/em><\/strong><\/h3>\n<a href=\"https:\/\/www.seneweb.com\" data-saferedirecturl=\"https:\/\/www.google.com\/url?hl=fr&amp;q=https:\/\/www.seneweb.com&amp;source=gmail&amp;ust=1664898985503000&amp;usg=AOvVaw2xasOybfQQSYcWY_G8bTpa\">https:\/\/www.seneweb.com<\/a> En mai 2019, Mamadou Diop Decroix disait au Pr\u00e9sident Sall que la crise de confiance\u00a0 \u00e9tait profonde et qu'il ne servait \u00e0 rien de l'ignorer. Le s\u00e9jour prolong\u00e9 de Khalifa Sall en prison tout comme l'exil de Karim Wade et leur exclusion de la derni\u00e8re pr\u00e9sidentielle alors qu'ils sont r\u00e9put\u00e9s repr\u00e9sentatifs \u00e0 c\u00f4t\u00e9 d'une vingtaine d'autres candidats \u00e9taient totalement anti d\u00e9mocratiques. Invit\u00e9\u00a0 l'\u00e9mission Opinion\u00a0 de Walf, il a affirm\u00e9 : \"\n<h4 class=\"blue\"><strong><em>\u00a0Si Macky avait accept\u00e9\u00a0 ses conseils, on en serait \u00e0 un autre niveau aujourd'hui.\" Mais, estime Decroix, il n'est jamais trop tard pour bien faire.<\/em><\/strong><\/h4>\nAutrement, il approuve cette consigne donn\u00e9e au Ministre de la Justice, Garde des Sceaux par le Chef de l'Etat de\u00a0 trouver une possibilit\u00e9 de r\u00e9tablir l'\u00e9ligibilit\u00e9 \u00e0 certains\u00a0 hommes politiques. Une d\u00e9cision du Chef de l'\u00c9tat en Conseil des Ministres qui\u00a0 fait penser\u00a0 \u00e0 l'Amnistie de Karim Wade et Khalifa Sall.\" Ce qui nous int\u00e9resse en tant qu'opposition est que la libert\u00e9 d\u00e9mocratique pass\u00e9e outre en ce qui concerne Karim Wade soit r\u00e9tablie. Dans un tribunal d'exception, la loi n'est pas respect\u00e9e. Quand tu m'accuses de m'enrichir illicitement, il te revient de le prouver et non le contraire. C'est la m\u00eame chose pour Khalifa Sall. Les raisons pour lesquelles ils ont \u00e9t\u00e9 condamn\u00e9s ne sont que politiques. Rien de ce qu'on leur reproche n'est prouv\u00e9. Ils ont cherch\u00e9 dans toutes les banques et n'ont jamais rien trouv\u00e9. Beaucoup ont \u00e9t\u00e9 \u00e9pingl\u00e9s dans leur gestion sans suite\".\nSur un probable rejet de la loi par l'Assembl\u00e9e nationale, Decroix affirme qu'on verra le moment venu. Sur une recomposition de l'espace politique avec un retour de khalifa et Karim, il a fait savoir\u00a0 que ces derniers sont d\u00e9j\u00e0 dans l'ar\u00e8ne politique. Quid de Ousmane Sonko,?\"il n'avait pas encore de parti a r\u00e9pondu l'invit\u00e9.\n","protected":false},"excerpt":{"rendered":"<p>Amnistie de Karim Wade et Khalifa Sall : Ce qu&rsquo;en pense Mamadou Diop Decroix https:\/\/www.seneweb.com En mai 2019, Mamadou Diop Decroix disait au Pr\u00e9sident Sall que la crise de confiance\u00a0 \u00e9tait profonde et qu&rsquo;il ne servait \u00e0 rien de l&rsquo;ignorer. Le s\u00e9jour prolong\u00e9 de Khalifa Sall en prison tout comme l&rsquo;exil de Karim Wade et [&hellip;]<\/p>\n","protected":false},"author":8,"featured_media":0,"comment_status":"open","ping_status":"open","sticky":false,"template":"","format":"standard","meta":{"_jetpack_newsletter_access":"","_jetpack_dont_email_post_to_subs":false,"_jetpack_newsletter_tier_id":0,"_jetpack_memberships_contains_paywalled_content":false,"_jetpack_memberships_contains_paid_content":false,"footnotes":""},"categories":[45],"tags":[340,409,486,515],"class_list":["post-4535","post","type-post","status-publish","format-standard","hentry","category-contributions","tag-karim-wade","tag-khalifa-sall","tag-loi-d-amnestie","tag-mamadou-diop-decroix"],"jetpack_featured_media_url":"","jetpack_sharing_enabled":true,"_links":{"self":[{"href":"https:\/\/rp221.com\/index.php?rest_route=\/wp\/v2\/posts\/4535","targetHints":{"allow":["GET"]}}],"collection":[{"href":"https:\/\/rp221.com\/index.php?rest_route=\/wp\/v2\/posts"}],"about":[{"href":"https:\/\/rp221.com\/index.php?rest_route=\/wp\/v2\/types\/post"}],"author":[{"embeddable":true,"href":"https:\/\/rp221.com\/index.php?rest_route=\/wp\/v2\/users\/8"}],"replies":[{"embeddable":true,"href":"https:\/\/rp221.com\/index.php?rest_route=%2Fwp%2Fv2%2Fcomments&post=4535"}],"version-history":[{"count":0,"href":"https:\/\/rp221.com\/index.php?rest_route=\/wp\/v2\/posts\/4535\/revisions"}],"wp:attachment":[{"href":"https:\/\/rp221.com\/index.php?rest_route=%2Fwp%2Fv2%2Fmedia&parent=4535"}],"wp:term":[{"taxonomy":"category","embeddable":true,"href":"https:\/\/rp221.com\/index.php?rest_route=%2Fwp%2Fv2%2Fcategories&post=4535"},{"taxonomy":"post_tag","embeddable":true,"href":"https:\/\/rp221.com\/index.php?rest_route=%2Fwp%2Fv2%2Ftags&post=4535"}],"curies":[{"name":"wp","href":"https:\/\/api.w.org\/{rel}","templated":true}]}}