{"id":4337,"date":"2022-09-30T21:48:56","date_gmt":"2022-09-30T21:48:56","guid":{"rendered":"https:\/\/rp221.com\/?p=4337"},"modified":"2022-09-30T21:48:59","modified_gmt":"2022-09-30T21:48:59","slug":"presidentielle-2024-la-fin-de-la-bipolarisation","status":"publish","type":"post","link":"https:\/\/rp221.com\/?p=4337","title":{"rendered":"PRESIDENTIELLE 2024\u00a0 : La fin de la bipolarisation"},"content":{"rendered":"\n<h3 class=\"red\"><strong><em>PRESIDENTIELLE 2024\u00a0 : La fin de la bipolarisation<\/em><\/strong><\/h3>\n<h4 class=\"blue\"><strong><em>Dos au mur, le pr\u00e9sident de la R\u00e9publique envisage de faire voter une loi d\u2019amnistie, de ramener Khalifa Sall et Karim Wade et de mettre ainsi un terme \u00e0 la bipolarisation de la vie politique<\/em><\/strong><\/h4>\nC\u2019est de mani\u00e8re tr\u00e8s laconique\u00a0; en une seule phrase, quatre seules lignes, que le pr\u00e9sident de la R\u00e9publique a annonc\u00e9, hier en Conseil des ministres, ce qui \u00e9tait attendu par beaucoup de S\u00e9n\u00e9galais, depuis plusieurs mois, voire des ann\u00e9es. Si Macky Sall va jusqu\u2019au bout de son instruction donn\u00e9e au ministre de la Justice, Garde des Sceaux, Karim Wade et Khalifa Ababacar Sall pourraient participer aux prochaines \u00e9ch\u00e9ances \u00e9lectorales de f\u00e9vrier 2024. En effet, abordant la question de la consolidation du dialogue national et l\u2019ouverture politique, le Pr\u00e9sident de la R\u00e9publique a \u00e9t\u00e9 sans \u00e9quivoque. Il intime au Garde des Sceaux l\u2019ordre \u2018\u2019d\u2019examiner les possibilit\u00e9s et le sch\u00e9ma ad\u00e9quat d\u2019amnistie pour des personnes ayant perdu leurs droits de vote.\u2019\u2019 Et d\u2019apr\u00e8s les instructions du chef de l\u2019Etat, cela doit \u00eatre fait \u2018\u2019sans d\u00e9lai\u2019\u2019.\nCela pourrait ainsi s\u2019av\u00e9rer le premier cadeau du pr\u00e9sident de la R\u00e9publique \u00e0 la toute nouvelle Assembl\u00e9e nationale et devrait passer sans grande difficult\u00e9, si l\u2019on sait que l\u2019opposition politique l\u2019a toujours r\u00e9clam\u00e9. En ce qui concerne la proc\u00e9dure, le Conseil constitutionnel, dans l\u2019affaire Maitre S\u00e8ye, avait soutenu ce qui suit\u00a0dans son consid\u00e9rant num\u00e9ro 4\u00a0 : \u2018\u2019Ni la Constitution ni aucune valeur de valeur constitutionnelle ne limitent le pouvoir du l\u00e9gislateur d\u2019amnistier des cat\u00e9gories criminelles, correctionnelles ou contraventionnelles, ni les faits d\u00e9j\u00e0 amnisti\u00e9s sous r\u00e9serve du respect du principe de l\u2019intangibilit\u00e9 des droits acquis.\u2019\u2019\nIl appartient donc au Gouvernement de d\u00e9terminer les infractions concern\u00e9es ainsi qu\u2019au besoin les personnes b\u00e9n\u00e9ficiaires de la prochaine loi d\u2019amnistie. Ce qui ne devrait pas tarder, si les directives du pr\u00e9sident de la R\u00e9publique sont mises \u00e0 ex\u00e9cution. De l\u2019avis de Guy Marius Sagna, l\u2019objectif du pouvoir actuel ne serait pas que d\u2019effacer les effets de la condamnation de Karim Wade et Khalifa Sall, il s\u2019agit surtout de se couvrir. Il peste\u00a0 : \u2018\u2019Apr\u00e8s avoir vol\u00e9 l\u2019argent des S\u00e9n\u00e9galais, assassin\u00e9 des S\u00e9n\u00e9galais, ils veulent effacer leurs crimes \u00e9conomiques et de sang \u00e0 travers une auto-amnistie. Amnistiez-vous, si vous voulez. Nous vous d\u00e9-amnistierons.\u2019\u2019\nEn attendant, cette loi risque de redistribuer carr\u00e9ment les cartes dans l\u2019ar\u00e8ne politique. Avec le retour de ces deux t\u00e9nors, \u00e7a pourrait \u00eatre la fin de la bipolarisation de l\u2019espace politique par Macky Sall et Ousmane Sonko. D\u00e9sormais, il va falloir compter sur Khalifa Ababacar Sall et Karim Wade pour les prochaines \u00e9lections de F\u00e9vrier 2024. La seule incertitude reste la participation de Macky Sall \u00e0 ces joutes \u00e9lectorales. S\u2019il d\u00e9cide de ne pas se pr\u00e9senter, qui sera son candidat pour <em>2024\u00a0? Les jours qui viennent vont \u00eatre sans doute plus \u00e9difiants.<\/em>\n<h4 class=\"blue\"><strong><em>Le Pr\u00e9sident enjoint ses hommes de descendre au front<\/em><\/strong><\/h4>\nEn Conseil des ministres, hier, le\u00a0pr\u00e9sident de la R\u00e9publique a invit\u00e9 chaque ministre \u00e0 lui pr\u00e9senter sur la p\u00e9riode octobre 2022 et octobre 2023, des actions minist\u00e9rielles cibl\u00e9es et chiffr\u00e9es, avec un calendrier d\u2019ex\u00e9cution des projets et de r\u00e9alisation des r\u00e9formes. Il a aussi insist\u00e9 sur la n\u00e9cessit\u00e9 d\u2019accorder une attention sp\u00e9ciale au suivi de la gouvernance du secteur parapublic (agences, \u00e9tablissements publics, soci\u00e9t\u00e9s nationales et entit\u00e9s similaires) et \u00e0 la r\u00e9novation de la gestion du Portefeuille de l\u2019Etat.\nInvitant les ministres \u00e0 agir en mode \u2018\u2019Fast Track\u2019\u2019, Macky Sall leur a instruit d\u2019accompagner le d\u00e9veloppement du secteur priv\u00e9 national \u00e0 travers\u00a0\u2018\u2019des mesures d\u2019am\u00e9lioration de l\u2019environnement des affaires\u00a0; le renforcement de l\u2019attractivit\u00e9 du S\u00e9n\u00e9gal et de la comp\u00e9titivit\u00e9 de nos entreprises\u00a0; l\u2019acc\u00e9l\u00e9ration de la mise en \u0153uvre de la strat\u00e9gie nationale d\u2019industrialisation (avec l\u2019\u00e9mergence rapide des zones \u00e9conomiques sp\u00e9ciales et des agropoles) et l\u2019ex\u00e9cution optimale des partenariats publics-priv\u00e9s\u00a0 et de la commande publique.\u2019\u2019\nLe pr\u00e9sident de la R\u00e9publique a, dans la m\u00eame veine, instruit ses hommes de clarifier au quotidien l\u2019action de l\u2019Etat devant les populations ou \u00e0 travers les m\u00e9dias et les r\u00e9seaux sociaux. Il a par ailleurs inform\u00e9 le Conseil de la reprise des tourn\u00e9es \u00e9conomiques, des Conseils des ministres d\u00e9localis\u00e9s et des s\u00e9ances d\u2019\u00e9coutes et d\u2019\u00e9changes avec les forces vives de la nation dans la continuit\u00e9 des rencontres \u2018\u2019Jokko ak Macky\u2019\u2019.\n<h4 class=\"blue\"><strong><em>Le DG du Port emport\u00e9 par la col\u00e8re des op\u00e9rateurs \u00e9conomiques, Abdoulaye Bald\u00e9 promu<\/em><\/strong><\/h4>\nAu titre des mesures individuelles prises en Conseil des ministres, Maitre Malick Sall a \u00e9t\u00e9 nomm\u00e9 Secr\u00e9taire permanent du Comit\u00e9 d\u2019orientation strat\u00e9gique du P\u00e9trole et du Gaz, en remplacement de M. Ousmane Ndiaye\u00a0; Monsieur Ababacar S\u00e9dikh B\u00e8ye quitte la direction du Port autonome de Dakar qu\u2019il c\u00e8de \u00e0 l\u2019ancien DG de l\u2019APIX Mountaga Sy. Il retourne ainsi \u00e0 la direction de l\u2019ANSD qu\u2019il a occup\u00e9e, avant sa promotion au Port. Ababacar Sadikh B\u00e8ye fait ainsi les frais des multiples probl\u00e8mes qui freinent le d\u00e9veloppement du Port autonome de Dakar. En Conseil des ministres, il y a, en outre, eu la nomination d\u2019Abdoulaye Bald\u00e9 \u00e0 la t\u00eate de l\u2019APIX qui a \u00e9t\u00e9 l\u2019une des grandes surprises.\n","protected":false},"excerpt":{"rendered":"<p>PRESIDENTIELLE 2024\u00a0 : La fin de la bipolarisation Dos au mur, le pr\u00e9sident de la R\u00e9publique envisage de faire voter une loi d\u2019amnistie, de ramener Khalifa Sall et Karim Wade et de mettre ainsi un terme \u00e0 la bipolarisation de la vie politique C\u2019est de mani\u00e8re tr\u00e8s laconique\u00a0; en une seule phrase, quatre seules lignes, [&hellip;]<\/p>\n","protected":false},"author":8,"featured_media":0,"comment_status":"open","ping_status":"open","sticky":false,"template":"","format":"standard","meta":{"_jetpack_newsletter_access":"","_jetpack_dont_email_post_to_subs":false,"_jetpack_newsletter_tier_id":0,"_jetpack_memberships_contains_paywalled_content":false,"_jetpack_memberships_contains_paid_content":false,"footnotes":""},"categories":[45],"tags":[217],"class_list":["post-4337","post","type-post","status-publish","format-standard","hentry","category-contributions","tag-election-presidentielle-2024"],"jetpack_featured_media_url":"","jetpack_sharing_enabled":true,"_links":{"self":[{"href":"https:\/\/rp221.com\/index.php?rest_route=\/wp\/v2\/posts\/4337","targetHints":{"allow":["GET"]}}],"collection":[{"href":"https:\/\/rp221.com\/index.php?rest_route=\/wp\/v2\/posts"}],"about":[{"href":"https:\/\/rp221.com\/index.php?rest_route=\/wp\/v2\/types\/post"}],"author":[{"embeddable":true,"href":"https:\/\/rp221.com\/index.php?rest_route=\/wp\/v2\/users\/8"}],"replies":[{"embeddable":true,"href":"https:\/\/rp221.com\/index.php?rest_route=%2Fwp%2Fv2%2Fcomments&post=4337"}],"version-history":[{"count":0,"href":"https:\/\/rp221.com\/index.php?rest_route=\/wp\/v2\/posts\/4337\/revisions"}],"wp:attachment":[{"href":"https:\/\/rp221.com\/index.php?rest_route=%2Fwp%2Fv2%2Fmedia&parent=4337"}],"wp:term":[{"taxonomy":"category","embeddable":true,"href":"https:\/\/rp221.com\/index.php?rest_route=%2Fwp%2Fv2%2Fcategories&post=4337"},{"taxonomy":"post_tag","embeddable":true,"href":"https:\/\/rp221.com\/index.php?rest_route=%2Fwp%2Fv2%2Ftags&post=4337"}],"curies":[{"name":"wp","href":"https:\/\/api.w.org\/{rel}","templated":true}]}}