{"id":3466,"date":"2022-09-23T15:58:40","date_gmt":"2022-09-23T15:58:40","guid":{"rendered":"https:\/\/rp221.com\/?p=3466"},"modified":"2022-09-23T15:58:43","modified_gmt":"2022-09-23T15:58:43","slug":"3e-mandat-macky-sall-a-tenu-un-discours-tres-clair","status":"publish","type":"post","link":"https:\/\/rp221.com\/?p=3466","title":{"rendered":"3e mandat : \u00abMacky Sall a tenu un discours tr\u00e8s clair &#8230;"},"content":{"rendered":"\n<h3 class=\"red\"><strong><em>3e mandat : \u00abMacky Sall a tenu un discours tr\u00e8s clair \u2026, Ibrahima S\u00e8ne<\/em><\/strong><\/h3>\n<strong><a href=\"https:\/\/senego.com\" data-saferedirecturl=\"https:\/\/www.google.com\/url?hl=fr&amp;q=https:\/\/senego.com&amp;source=gmail&amp;ust=1664030599463000&amp;usg=AOvVaw2tQGJOVYw_9aYf5SoYqfTH\">https:\/\/senego.com<\/a> Le secr\u00e9taire national charg\u00e9 des questions \u00e9conomiques du Parti de l\u2019ind\u00e9pendance et du travail (PIT), Ibrahima S\u00e8ne est formel : \u00ab\u00a0l\u2019opposition et ses soutiens dans la soci\u00e9t\u00e9 civile, devraient prendre leur mal en patience\u00a0\u00bb. Selon lui, le Pr\u00e9sident Macky Sall a tenu un discours tr\u00e8s clair sur la question de sa probable candidature \u00e0 un 3e mandat.<\/strong>\n\u00ab\u00a0Macky Sall exprimera clairement sa position sur cette question, pour le moment, il travaille \u00e0 finir son mandat en cours, en s\u2019attelant \u00e0 r\u00e9aliser les projets qui lui restent pour ce mandat, puisqu\u2019 il ne veut pas plonger le S\u00e9n\u00e9gal dans une campagne \u00e9lectorale pr\u00e9matur\u00e9e de 6 mois, pour une \u00e9lection qui se tiendra en f\u00e9vrier 2024, ce qui emp\u00eacherait le pays de se mettre au travail, pour faire face aux urgences et aux d\u00e9fis auxquels le peuple et le pays sont confront\u00e9s\u00a0\u00bb, d\u00e9clare Ibrahima S\u00e8ne.\nPour M. S\u00e8ne, le calendrier \u00e9lectoral lui donne, en effet, la latitude d\u2019attendre jusqu\u2019au 31 d\u00e9cembre 2023, pour, apr\u00e8s avoir pr\u00e9sent\u00e9 au peuple, le bilan de son quinquennat qui finit, et en abordant les perspectives pour 2024, d\u00e9clarer s\u2019il va, ou bien solliciter une troisi\u00e8me candidature, ou bien, proposer un candidat de Benno, qu\u2019il demandera au peuple d\u2019\u00e9lire, pour parachever son \u0153uvre.\n\u00ab\u00a0Donc, tr\u00eave de bavardage, et au travail ! C\u2019est peine perdue que d\u2019essayer de le contraindre \u00e0 autre chose. L\u2019organisation de marches, ou de concerts, n\u2019y peut rien. De m\u00eame, que toutes tentatives de d\u00e9stabiliser le pays \u00e0 cet effet, sont vou\u00e9es \u00e0 l\u2019\u00e9chec\u00a0\u00bb, estime-t-il.\nA l\u2019en croire, la R\u00e9publique d\u00e9mocratique du S\u00e9n\u00e9gal s\u2019est dot\u00e9e des moyens l\u00e9gaux et de forces de D\u00e9fense et de s\u00e9curit\u00e9, pour d\u00e9fendre la stabilit\u00e9 de ses Institutions, et la s\u00e9curit\u00e9 de ses populations, dans un climat propice au travail !\n<h4 class=\"blue\"><strong><em>Irr\u00e9el pays<\/em><\/strong><\/h4>\nLeTemoin-Il me semble avoir rat\u00e9 quelque chose\u2026 Bon, s\u00e9rieusement je n\u2019ai rien manqu\u00e9. J\u2019ai tout zieut\u00e9 et croyais \u00eatre le seul \u00e0 me sentir si idiot \u00e0 tirer la langue. Seulement la langue, n\u2019en doutez surtout pas. Et voil\u00e0 que j\u2019apprends par les r\u00e9seaux sociaux qui font perdre son sang-froid au Chef qu\u2019il y en avait des mecs qui avaient l\u2019esprit tr\u00e8s martel\u00e9 \u00e0 la vue de belles rondeurs envelopp\u00e9es sur une taille basse. Depuis lors, \u00e7a d\u00e9lire.\nEt \u00e7a disserte sur ce que devrait \u00eatre une taille basse. Le spectacle se tenait \u00e0 l\u2019Assembl\u00e9e nationale. Il faut reconnaitre que la craquante \u00ab illusionniste \u00bb m\u2019avait crev\u00e9 les yeux le jour de l\u2019\u00e9pique installation des d\u00e9put\u00e9s. Ce jour-l\u00e0, elle ne se dandinait pas mais tentait de s\u2019interposer entre deux mecs et j\u2019ai aper\u00e7u ce qui rend certains si\u2026excit\u00e9s. Les broutards ! Bon, il faut que je redevienne un peu s\u00e9rieux. Mais comment l\u2019\u00eatre dans ce pays des paradoxes qui constitue une grosse farce. Ce pays o\u00f9 tout est irr\u00e9el. Vous avez vu comment se d\u00e9roulent les passations de services entre ministres ? On se croirait dans des f\u00eates foraines ! L\u2019id\u00e9e que la fonction de ministre constitue une rente y est bien perceptible. Et cela, c\u2019est plus que vrai. Ces c\u00e9r\u00e9monies sont le rendez-vous de la famille, des amis, des coquins et des militants qui ne survivent que par la g\u00e9n\u00e9rosit\u00e9 de leurs leaders.\nHier, j\u2019ai vu par hasard le spectacle f\u00e9erique de la passation de service de l\u2019un de ces bienheureux ministres et j\u2019en suis sorti fort estomaqu\u00e9. Ma conclusion est que si vous pensez que ces messieurs et dames bossent pour notre bonheur, vous vous fourrez un doigt dans l\u2019\u0153il. Ils se battent pour occuper la fonction de ministre rien que pour se servir et servir leurs proches. Vous avez vu la gu\u00e9guerre qui s\u2019est install\u00e9e au sein du parti du P\u00e8re L\u00e9o ?\nL\u2019un qui ne voudrait pas perdre ses privil\u00e8ges s\u2019est carr\u00e9ment d\u00e9fauss\u00e9 sur ses camarades qui voudraient lui \u00f4ter le pain de la bouche. Et tant pis pour la populace. Une passation de service aux allures de f\u00eate, \u00e7a ne se passe que chez nous autres n\u00e8gres avec bien entendu en t\u00eate le partage du g\u00e2teau que cette accession \u00e0 la fonction de ministre va permettre\u2026 Nos soucis d\u2019argent sont termin\u00e9s !<strong>KACCOOR BI \u2013 LE TEMOIN<\/strong>\n","protected":false},"excerpt":{"rendered":"<p>3e mandat : \u00abMacky Sall a tenu un discours tr\u00e8s clair \u2026, Ibrahima S\u00e8ne https:\/\/senego.com Le secr\u00e9taire national charg\u00e9 des questions \u00e9conomiques du Parti de l\u2019ind\u00e9pendance et du travail (PIT), Ibrahima S\u00e8ne est formel : \u00ab\u00a0l\u2019opposition et ses soutiens dans la soci\u00e9t\u00e9 civile, devraient prendre leur mal en patience\u00a0\u00bb. Selon lui, le Pr\u00e9sident Macky Sall [&hellip;]<\/p>\n","protected":false},"author":8,"featured_media":0,"comment_status":"open","ping_status":"open","sticky":false,"template":"","format":"standard","meta":{"_jetpack_newsletter_access":"","_jetpack_dont_email_post_to_subs":false,"_jetpack_newsletter_tier_id":0,"_jetpack_memberships_contains_paywalled_content":false,"_jetpack_memberships_contains_paid_content":false,"footnotes":""},"categories":[45],"tags":[58,59],"class_list":["post-3466","post","type-post","status-publish","format-standard","hentry","category-contributions","tag-ibrahima-sene","tag-macky-sall"],"jetpack_featured_media_url":"","jetpack_sharing_enabled":true,"_links":{"self":[{"href":"https:\/\/rp221.com\/index.php?rest_route=\/wp\/v2\/posts\/3466","targetHints":{"allow":["GET"]}}],"collection":[{"href":"https:\/\/rp221.com\/index.php?rest_route=\/wp\/v2\/posts"}],"about":[{"href":"https:\/\/rp221.com\/index.php?rest_route=\/wp\/v2\/types\/post"}],"author":[{"embeddable":true,"href":"https:\/\/rp221.com\/index.php?rest_route=\/wp\/v2\/users\/8"}],"replies":[{"embeddable":true,"href":"https:\/\/rp221.com\/index.php?rest_route=%2Fwp%2Fv2%2Fcomments&post=3466"}],"version-history":[{"count":0,"href":"https:\/\/rp221.com\/index.php?rest_route=\/wp\/v2\/posts\/3466\/revisions"}],"wp:attachment":[{"href":"https:\/\/rp221.com\/index.php?rest_route=%2Fwp%2Fv2%2Fmedia&parent=3466"}],"wp:term":[{"taxonomy":"category","embeddable":true,"href":"https:\/\/rp221.com\/index.php?rest_route=%2Fwp%2Fv2%2Fcategories&post=3466"},{"taxonomy":"post_tag","embeddable":true,"href":"https:\/\/rp221.com\/index.php?rest_route=%2Fwp%2Fv2%2Ftags&post=3466"}],"curies":[{"name":"wp","href":"https:\/\/api.w.org\/{rel}","templated":true}]}}