{"id":3464,"date":"2022-09-23T15:59:59","date_gmt":"2022-09-23T15:59:59","guid":{"rendered":"https:\/\/rp221.com\/?p=3464"},"modified":"2022-09-23T16:00:02","modified_gmt":"2022-09-23T16:00:02","slug":"mamadou-lamine-diallo-amadou-ba-a-endette-le-paysil-vient-pour-quoi-faire","status":"publish","type":"post","link":"https:\/\/rp221.com\/?p=3464","title":{"rendered":"Mamadou Lamine Diallo : \u00abAmadou Ba a endett\u00e9 le pays,il vient pour quoi faire ?\u00bb"},"content":{"rendered":"\n<h3 class=\"red\"><strong><em>Mamadou Lamine Diallo : \u00abAmadou Ba a endett\u00e9 le pays,il vient pour quoi faire ?\u00bb<\/em><\/strong><\/h3>\n<strong><a href=\"https:\/\/senego.com\" data-saferedirecturl=\"https:\/\/www.google.com\/url?hl=fr&amp;q=https:\/\/senego.com&amp;source=gmail&amp;ust=1664030599463000&amp;usg=AOvVaw2tQGJOVYw_9aYf5SoYqfTH\">https:\/\/senego.com<\/a> \u00ab\u00a0Ils ont rendu l\u2019\u00e9conomie s\u00e9n\u00e9galaise plus vuln\u00e9rable aux chocs ext\u00e9rieurs et c\u2019est la flamb\u00e9e de tous les prix, y compris le loyer\u00a0\u00bb, r\u00e9v\u00e8le le d\u00e9put\u00e9 et leader du mouvement \u00ab\u00a0Tekki\u00a0\u00bb, Mamadou Lamine Diallo.<\/strong>\n\u00ab\u00a0Amadou Ba sera soutenu par l\u2019Ancien DG du budget AM Ba avec qui il a g\u00e9r\u00e9 l\u2019\u00e9conomie du pays apr\u00e8s l\u2019\u00e9vincement de Abdoul Mbaye. Ils savent ce qu\u2019ils ont fait pour endetter le S\u00e9n\u00e9gal et mettre l\u2019\u00e9conomie dans le p\u00e9trin et les S\u00e9n\u00e9galais dans des trappes de mis\u00e8re\u00a0\u00bb, d\u00e9clare Mamadou Lamine Diallo.\nSelon M. Diallo, comme leur chef (Macky) demande qu\u2019ils rencontrent les acteurs \u00e9conomiques et sociaux, ce sera l\u2019occasion pour eux de rencontrer l\u2019entreprise s\u00e9n\u00e9galaise et de comprendre qu\u2019il faut la d\u00e9fendre dans cette situation post covid.\n\u00ab\u00a0Reste la question de la corruption qui a pris une pente plus forte depuis 2019 avec les march\u00e9s gr\u00e9 \u00e0 gr\u00e9 et les offres spontan\u00e9es. A moins que la question \u00e9conomique ne soit qu\u2019un paravent, alors, Amadou Ba serait premier ministre pour d\u00e9voiler ses ambitions politiques. Mimi a \u00e9t\u00e9 d\u00e9fenestr\u00e9e pour cela. Chez la dynastie FayeSall, quand on mange, on se tait et on ob\u00e9it\u00a0\u00bb, ajoute-t-il.\n","protected":false},"excerpt":{"rendered":"<p>Mamadou Lamine Diallo : \u00abAmadou Ba a endett\u00e9 le pays,il vient pour quoi faire ?\u00bb https:\/\/senego.com \u00ab\u00a0Ils ont rendu l\u2019\u00e9conomie s\u00e9n\u00e9galaise plus vuln\u00e9rable aux chocs ext\u00e9rieurs et c\u2019est la flamb\u00e9e de tous les prix, y compris le loyer\u00a0\u00bb, r\u00e9v\u00e8le le d\u00e9put\u00e9 et leader du mouvement \u00ab\u00a0Tekki\u00a0\u00bb, Mamadou Lamine Diallo. \u00ab\u00a0Amadou Ba sera soutenu par l\u2019Ancien [&hellip;]<\/p>\n","protected":false},"author":8,"featured_media":0,"comment_status":"open","ping_status":"open","sticky":false,"template":"","format":"standard","meta":{"_jetpack_newsletter_access":"","_jetpack_dont_email_post_to_subs":false,"_jetpack_newsletter_tier_id":0,"_jetpack_memberships_contains_paywalled_content":false,"_jetpack_memberships_contains_paid_content":false,"footnotes":""},"categories":[45],"tags":[164,301,115],"class_list":["post-3464","post","type-post","status-publish","format-standard","hentry","category-contributions","tag-amadou-ba","tag-dynastie-fayesall","tag-mamadou-lamine-diallo"],"jetpack_featured_media_url":"","jetpack_sharing_enabled":true,"_links":{"self":[{"href":"https:\/\/rp221.com\/index.php?rest_route=\/wp\/v2\/posts\/3464","targetHints":{"allow":["GET"]}}],"collection":[{"href":"https:\/\/rp221.com\/index.php?rest_route=\/wp\/v2\/posts"}],"about":[{"href":"https:\/\/rp221.com\/index.php?rest_route=\/wp\/v2\/types\/post"}],"author":[{"embeddable":true,"href":"https:\/\/rp221.com\/index.php?rest_route=\/wp\/v2\/users\/8"}],"replies":[{"embeddable":true,"href":"https:\/\/rp221.com\/index.php?rest_route=%2Fwp%2Fv2%2Fcomments&post=3464"}],"version-history":[{"count":0,"href":"https:\/\/rp221.com\/index.php?rest_route=\/wp\/v2\/posts\/3464\/revisions"}],"wp:attachment":[{"href":"https:\/\/rp221.com\/index.php?rest_route=%2Fwp%2Fv2%2Fmedia&parent=3464"}],"wp:term":[{"taxonomy":"category","embeddable":true,"href":"https:\/\/rp221.com\/index.php?rest_route=%2Fwp%2Fv2%2Fcategories&post=3464"},{"taxonomy":"post_tag","embeddable":true,"href":"https:\/\/rp221.com\/index.php?rest_route=%2Fwp%2Fv2%2Ftags&post=3464"}],"curies":[{"name":"wp","href":"https:\/\/api.w.org\/{rel}","templated":true}]}}