{"id":3454,"date":"2022-09-23T15:54:56","date_gmt":"2022-09-23T15:54:56","guid":{"rendered":"https:\/\/rp221.com\/?p=3454"},"modified":"2022-09-23T15:54:59","modified_gmt":"2022-09-23T15:54:59","slug":"arrestations-tous-azimuts-et-lentrave-a-la-liberte-dexpression-article-19-interpelle-les-autorites-senegalaises","status":"publish","type":"post","link":"https:\/\/rp221.com\/?p=3454","title":{"rendered":"Arrestations tous azimuts et l\u2019entrave \u00e0 la libert\u00e9 d\u2019expression : Article 19 interpelle les autorit\u00e9s s\u00e9n\u00e9galaises"},"content":{"rendered":"\n<h3 class=\"red\"><strong><em>Arrestations tous azimuts et l\u2019entrave \u00e0 la libert\u00e9 d\u2019expression : Article 19 interpelle les autorit\u00e9s s\u00e9n\u00e9galaises<\/em><\/strong><\/h3>\n<a href=\"https:\/\/www.pressafrik.com\" data-saferedirecturl=\"https:\/\/www.google.com\/url?hl=fr&amp;q=https:\/\/www.pressafrik.com&amp;source=gmail&amp;ust=1664030599464000&amp;usg=AOvVaw2dLuByS1kEP2JbyFea3qFX\">https:\/\/www.pressafrik.com<\/a> Dans une note publi\u00e9e jeudi, Article 19 informe avoir document\u00e9, ces derniers temps, un certain nombre de violations et de restrictions du droit \u00e0 la libert\u00e9 d\u2019expression au S\u00e9n\u00e9gal.\n\u00ab\u00a0Le 10 juin 2022, Abdou Bara Dolly, membre du parlement d\u2019alors, a \u00e9t\u00e9 arr\u00eat\u00e9 suite \u00e0 des propos critiques qu\u2019il a tenus \u00e0 l\u2019encontre du pr\u00e9sident Macky Sall lors d\u2019une manifestation des deux (2) coalitions de l\u2019opposition (Yewi Askan Wi et Wallu Askan Wi) \u00e0 Dakar. Il a \u00e9t\u00e9 inculp\u00e9 et plac\u00e9 sous mandat de d\u00e9p\u00f4t pour les d\u00e9lits d\u2019offense au chef de l\u2019\u00e9tat (article 80 du code p\u00e9nal), de diffusion de fausses nouvelles (article 255 du code p\u00e9nal), et de diffamation (article 258 du code p\u00e9nal)\u00a0\u00bb, rappelle le document qui indique qu\u2019apr\u00e8s presque un mois de d\u00e9tention, il a finalement obtenu la libert\u00e9 provisoire le 8 juillet 2022 mais reste tout de m\u00eame \u00e0 la disposition de la justice pour son proc\u00e8s.\nL\u2019organisation fait \u00e9galement \u00e9tat de l\u2019arrestation, le 3 ao\u00fbt 2022, de Pape Ibra Gu\u00e8ye, plus connu sous le nom de Papito Kara. L\u2019activiste politique, a \u00e9t\u00e9 arr\u00eat\u00e9 pour le d\u00e9lit de diffusion de fausses nouvelles, mais aussi pour \u00ab effacement, modification, fabrication et introduction de donn\u00e9es informatiques \u00bb, suite \u00e0 des plaintes de groupes de m\u00e9dias. Quelques jours plus tard, lit-on dans le document, \u00ab\u00a0un autre activiste et membre d\u2019un groupe appel\u00e9 Mafia Cacc Cacc, Outhmane Diagne a \u00e9t\u00e9 arr\u00eat\u00e9 et plac\u00e9 en d\u00e9tention pour avoir diffus\u00e9 de fausses nouvelles et pour avoir chang\u00e9 la Une des journaux. Cela s\u2019est produit apr\u00e8s qu\u2019il ait partag\u00e9 les premi\u00e8res pages de journaux satiriques sur sa page Facebook, accompagn\u00e9es de trois \u2018\u2019emojis\u2019\u2019 en forme de smiley\u00a0\u00bb.\nLe placement en 8 garde \u00e0 vue d\u2019Abdou Karim Gu\u00e8ye alias Xrum Xaax et de Cheikh Oumar Diagne suite \u00e0 des propos tenus lors d\u2019une \u00e9mission de t\u00e9l\u00e9vision diffus\u00e9e apr\u00e8s le d\u00e9c\u00e8s de l\u2019imam Alioune Badara Ndao, fait \u00e9galement partie des \u00ab\u00a0cas\u00a0\u00bb r\u00e9pertori\u00e9s par Article 19.\nPoursuivant, le document explique que \u00ab\u00a0les deux pr\u00e9venus ont accus\u00e9 l\u2019\u00c9tat d\u2019\u00eatre \u00e0 l\u2019origine de la maladie de l\u2019imam Ndao. Ils ont \u00e9t\u00e9 plac\u00e9s en d\u00e9tention depuis le 12 septembre et poursuivis pour \u00ab diffusion de fausses nouvelles \u00bb\u00a0\u00bb. Actuellement, Pape Ibra Gu\u00e8ye, tout comme Outhmane Diagne, Abdou Karim Gu\u00e8ye et Cheikh Oumar Diagne sont tous en d\u00e9tention\u00a0\u00bb, constate Article 19.\n<h4 class=\"blue\"><strong><em>\u00ab\u00a0Toute personne a droit \u00e0 la libert\u00e9 d\u2019expression\u00a0\u00bb<\/em><\/strong><\/h4>\nSelon David Diaz-Jogeix, Directeur Principal des programmes \u00e0 ARTICLE 19,\u00a0\u00bbcette tendance des autorit\u00e9s s\u00e9n\u00e9galaises \u00e0 refuser toute critique et \u00e0 museler les voix dissidentes et la libert\u00e9 d\u2019expression bafoue les principes fondamentaux de la d\u00e9mocratie. L\u2019effet paralysant et dissuasif de ces pratiques sur les activistes, les organisations de la soci\u00e9t\u00e9 civile, les m\u00e9dias et autres, encourage l\u2019autocensure\u00a0\u00bb.\nPour lui, les valeurs fondamentales de la d\u00e9mocratie et des libert\u00e9s que le pays a mis des ann\u00e9es \u00e0 acqu\u00e9rir doivent \u00eatre pr\u00e9serv\u00e9es. Article 19 rappelle aux autorit\u00e9s s\u00e9n\u00e9galaises leur obligation d\u00e9coulant de l\u2019article 19 du Pacte international relatif aux droits civils et politiques qui pr\u00e9voit que : \u00ab Toute personne a droit \u00e0 la libert\u00e9 d\u2019expression; ce droit comprend la libert\u00e9 de rechercher, de recevoir et de r\u00e9pandre des informations et des id\u00e9es de toute esp\u00e8ce, sans consid\u00e9ration de fronti\u00e8res, sous une forme orale, \u00e9crite, imprim\u00e9e ou artistique, ou par tout autre moyen de son choix \u00bb.\nDans le m\u00eame sillage, Article 19 rappelle, \u00e9galement, aux autorit\u00e9s s\u00e9n\u00e9galaises \u00ab\u00a0que les restrictions \u00e0 la libert\u00e9 d\u2019expression ne sont admissibles que si elles respectent strictement le test en trois parties \u00e9tabli par l\u2019article 19(3) du PIDCP. Elles doivent r\u00e9pondre au crit\u00e8re de l\u00e9galit\u00e9 (qui exige que la base juridique de la restriction soit claire, accessible et pr\u00e9visible), poursuivre un but l\u00e9gitime, et \u00eatre n\u00e9cessaires et proportionn\u00e9es pour atteindre ce but\u00a0\u00bb. Cette organisation qui \u0153uvre pour la libert\u00e9 d\u2019expression d\u2019ajouter que la criminalisation d\u2019une expression prot\u00e9g\u00e9e telle que la satire, la critique envers l\u2019Etat ou les agents publics constitue une violation de l\u2019article 19.\nEn outre, \u00ab\u00a0le principe de proportionnalit\u00e9 exige que la p\u00e9nalisation de l\u2019expression soit toujours exceptionnelle et de dernier recours et que les restrictions du droit \u00e0 la libert\u00e9 d\u2019expression \u00bb doivent \u00eatre l\u2019instrument le moins intrusif parmi ceux qui peuvent remplir leur fonction de protection\u00a0\u00bb.\n<h4 class=\"blue\"><strong><em>Idy,quel avenir dans Benno ?<\/em><\/strong><\/h4>\nLeTemoin-Au lendemain de la nomination d\u2019Amadou Ba \u00e0 la Primature, quel destin politique pour Idrissa Seck ? Un avenir incertain au sein de la mouvance pr\u00e9sidentielle compte tenu de la nomination du Pre- mier ministre et de la redistribution des cartes provoqu\u00e9e par les r\u00e9sultats mit- ig\u00e9s obtenus par Bby lors des \u00e9lections locales et l\u00e9gislatives. A l\u2019analyse, les perspectives personnelles d\u2019Idrissa Seck semblent \u00eatre an\u00e9anties puisque son destin politique est d\u00e9sormais li\u00e9 \u00e0 celui de Macky Sall\u2026\nPour mieux camper le d\u00e9bat, \u00ab Le T\u00e9- moin \u00bb vous livre en exclusivit\u00e9 les extraits d\u2019une conversation audio (fuit\u00e9e) entre deux hauts responsables de Rewmi au lendemain de la nomination d\u2019Amadou Ba comme Premier ministre. Morceaux choi- sis : \u00ab Vous savez, entre Macky et Idy, il y avait un pacte de non au troisi\u00e8me mandat. Et le jour o\u00f9 le pr\u00e9sident de la R\u00e9publique a enregistr\u00e9 son discours \u00e0 la Nation, le pr\u00e9si- dent Idrissa Seck \u00e9tait au Palais. Mal- heureusement, il a boud\u00e9 les lieux sacr\u00e9s lorsque Macky n\u2019a pas voulu se prononcer sur le troisi\u00e8me mandat. Pour preuve, jusqu\u2019au jour du grand magal de Touba, et je parle sous le contr\u00f4le du marabout (\u2026), le poste de Premier ministre devait revenir \u00e0 Idrissa Seck. On ne sait ce qui s\u2019est pass\u00e9 entre temps (\u2026). Je suis convaincu que si Macky Sall n\u2019a pas nomm\u00e9 Idy au poste de Premier ministre, c\u2019est parce que ce dernier n\u2019a pas voulu cautionner un \u00e9ventuel troisi\u00e8me mandat. C\u2019est cette position ferme du pr\u00e9sident Idrissa Seck qui aurait chang\u00e9 la donne. Mais, quoi qu\u2019il en soit, le pr\u00e9si- dent Idrissa doit quitter cette mouvance pr\u00e9sidentielle car ses ambitions politiques d\u00e9passent le Cese \u00bb se d\u00e9sole ce cadre du parti Rewmi et proche d\u2019Idrissa Seck dont l\u2019audio a \u00e9t\u00e9 fil\u00e9 au \u00ab T\u00e9moin \u00bb. Son inter- locuteur confirme et r\u00e9plique : \n<h4 class=\"blue\"><strong><em>\u00ab Oui ! Tu as parfaitement raison (\u2026). Moi, j\u2019ai des r\u00e9seaux au Palais, donc je suis bien plac\u00e9 pour te dire que le pr\u00e9sident Macky Sall n\u2019a aucune consid\u00e9ration pour Idrissa Seck.<\/em><\/strong><\/h4>\nDonc, \u00e0 quelque quinze mois de la pr\u00e9siden- tielle 2024, Idrissa Seck doit quitter BBy pour prendre son destin politique en main. Il est temps qu\u2019il quitte les capitales r\u00e9gionales comme Dakar et Thi\u00e8s pour d\u00e9marrer sa campagne \u00e9lectorale \u00e0 l\u2019int\u00e9rieur du pays c\u2019est-\u00e0-dire dans le S\u00e9n\u00e9gal des profondeurs. Et s\u2019il ne le fait pas tr\u00e8s t\u00f4t, il va d\u00e9cr\u00e9ter sa mort politique (\u2026) Vraiment, je suis d\u00e9\u00e7u et je n\u2019ai plus espoir ! \u00bb d\u00e9sesp\u00e8re ce second cadre de Rewmi. Ces postures radicales de deux responsables du parti de M. Idrissa Seck sont r\u00e9v\u00e9latrices de la crise politique que traverse cette formation actuellement.\n<h4 class=\"blue\"><strong><em>L\u2019\u00e9quipe \u00abRewmi\u00bb jouera-t-elle le maintien\u2026<\/em><\/strong><\/h4>\nToujours est-il que si cette redistribution des cartes politiques \u00e9tait un championnat de football \u00e0 points et \u00e0 goal-average parti- culier, on serait forc\u00e9 d\u2019en conclure qu\u2019Idrissa Seck n\u2019a plus son destin en main pour \u00eatre champion ! Pis, le pr\u00e9sident du parti Rewmi risquerait m\u00eame de jouer le maintien c\u2019est-\u00e0-dire rester, de gr\u00e9 ou de force, dans la mouvance pr\u00e9sidentielle pour \u00e9viter de se retrouver dans une zone rel\u00e9- gable. Pour y parvenir, Idrissa Seck est oblig\u00e9 de soutenir l\u2019action du pr\u00e9sident Macky Sall et foncer dans sa dynamique. Les analystes politiques contact\u00e9s par \u00ab Le T\u00e9moin \u00bb se disent convaincus qu\u2019avec la nomination d\u2019A- madou Ba au poste de Premier ministre, les perspectives personnelles d\u2019Idrissa Seck se sont amenuis\u00e9es. Autrement dit, son destin politique est d\u00e9sormais li\u00e9 \u00e0 celui de Macky Sall. Il est vrai qu\u2019au sortir des \u00e9lections lo- cales et l\u00e9gislatives, les r\u00e9sultats cata- strophiques de Bby auraient sans doute affaibli les fondements du pacte \u00ab Mbourou Ak Sow \u00bb. Ou alors chang\u00e9 la donne jusqu\u2019 \u00e0 faire vaciller le Parti-Etat sur ses bases et ar- ri\u00e8re-bases ! Car, la plupart des partis de l\u2019opposition \u00e0 savoir le Pastef d\u2019Ousmane Sonko, le Taxawu-S\u00e9n\u00e9gal de Khalifa Sall et le Pds d\u2019Abdoulaye Wade ont consid\u00e9rable- ment gagn\u00e9 du terrain. Ils ont obtenu des r\u00e9- sultats consid\u00e9r\u00e9s comme une performance historique. Dans tous les cas, certains voient mal comment le Rewmi d\u2019Idrissa Sek, une fois sorti de Bby, pourrait combler ce grand retard d\u2019implantation sur l\u2019\u00e9tendue du terri- toire national \u00e0 quelques mois de la pr\u00e9si- dentielle 2024.\nToutefois, selon un membre du secr\u00e9tariat ex\u00e9cutif national de l\u2019Alliance pour la R\u00e9publique (Apr) et tr\u00e8s proche de Macky Sall, ceux qui conseillent \u00e0 Idrissa Seck de quitter la mouvance pr\u00e9sidentielle sont de vrais novices en politique. \u00ab D\u2019abord, au lendemain de la publication de la liste du nouveau gouvernement, tout le monde a constat\u00e9 que le parti Rewmi d\u2019Idrissa Seck a conserv\u00e9 ses deux postes minist\u00e9riels d\u00e9vo- lus aux ministres Yakhoba Diattara et Aly Saleh Diop. Mieux, Rewmi a \u00e9t\u00e9 renforc\u00e9 avec le minist\u00e8re le plus populaire qu\u2019est celui des Sports confi\u00e9 \u00e0 Yakhoba Diattara. Avec ce minist\u00e8re en prise directe sur les je- unes, le Rewmi peut consolider et \u00e9largir sa base politique au profit de la mouvance pr\u00e9sidentielle. Donc, malgr\u00e9 sa contre per- formance politique sur le terrain, Idrissa Seck a convers\u00e9 le nombre de ses ministres. Et cela veut dire que le pr\u00e9sident Macky Sall n\u2019a jamais vari\u00e9 dans sa relation avec Idrissa Seck. Certains responsables de Rewmi doivent \u00e9viter de faire de Idy un habitu\u00e9 au long feu. Mieux, il n\u2019y a pas de p\u00e9ril en la demeure. Parce que la recette \u00ab Mbourou ak Sow \u00bb est toujours tr\u00e8s bien conserv\u00e9e au frigo de la confiance pour \u00e9viter toute moi- sissure de nature \u00e0 provoquer une intoxica- tion alimentaire au sein de l\u2019alliance \u00bb ironise notre interlocuteur, histoire de faire croire que rien ne peut plus s\u00e9parer les deux partenaires politiques que sont Macky Sall et Idrissa Seck.\nIl est vrai qu\u2019en politique, tout est possible et qu\u2019il ne faut jamais dire jamais ! Les poli- tologues vous le diront, tout grand homme politique est un Ph\u00e9nix qui rena\u00eet de ses cen- dres. C\u2019est-\u00e0-dire un homme exceptionnel toujours pr\u00eat \u00e0 se relever avec une force de r\u00e9silience impressionnante. Mais Idrissa Seck aurait-il le temps et l\u2019espace de re- naitre de ses cendres \u00e0 quelques petits mois d\u2019une comp\u00e9tition pr\u00e9sidentielle de tous les dangers ?\nEn fin strat\u00e8ge, il ne prendra jamais le risque de quitter la mouvance pr\u00e9siden- tielle. Et m\u00eame s\u2019il avait des divergences avec Macky Sall, il aurait l\u2019intelligence de les g\u00e9rer \u00e0 l\u2019interne. Il est surtout appel\u00e9 \u00e0 suivre le rythme du pr\u00e9sident de la R\u00e9publique et continuer \u00e0 lui apporter son soutien \u00e0 travers son nouveau gouverne- ment dirig\u00e9 par Amadou Ba. Car la nouvelle configuration politique (Primature, Gou- vernement et Assembl\u00e9e nationale) impose \u00e9galement \u00e0 Idrissa Seck de mouiller davan- tage le maillot et de faire une contribution personnelle pour la suivie de l\u2019Apr au front de la pr\u00e9sidentielle 2024. Car, en cas de con- treperformance \u00e9lectorale de l\u2019Apr,Macky entrainera in\u00e9luctablement Idy dans sa chute ! Ce qui ne serait \u00e9videmment de l\u2019in- t\u00e9r\u00eat ni de l\u2019un, ni de l\u2019autre. Ni de \u00ab Mbourou \u00bb, ni de \u00ab Soow \u00bb.Pape Ndiaye\n","protected":false},"excerpt":{"rendered":"<p>Arrestations tous azimuts et l\u2019entrave \u00e0 la libert\u00e9 d\u2019expression : Article 19 interpelle les autorit\u00e9s s\u00e9n\u00e9galaises https:\/\/www.pressafrik.com Dans une note publi\u00e9e jeudi, Article 19 informe avoir document\u00e9, ces derniers temps, un certain nombre de violations et de restrictions du droit \u00e0 la libert\u00e9 d\u2019expression au S\u00e9n\u00e9gal. \u00ab\u00a0Le 10 juin 2022, Abdou Bara Dolly, membre du [&hellip;]<\/p>\n","protected":false},"author":8,"featured_media":0,"comment_status":"open","ping_status":"open","sticky":false,"template":"","format":"standard","meta":{"_jetpack_newsletter_access":"","_jetpack_dont_email_post_to_subs":false,"_jetpack_newsletter_tier_id":0,"_jetpack_memberships_contains_paywalled_content":false,"_jetpack_memberships_contains_paid_content":false,"footnotes":""},"categories":[45],"tags":[299,300],"class_list":["post-3454","post","type-post","status-publish","format-standard","hentry","category-contributions","tag-article-19","tag-liberte-dexpression"],"jetpack_featured_media_url":"","jetpack_sharing_enabled":true,"_links":{"self":[{"href":"https:\/\/rp221.com\/index.php?rest_route=\/wp\/v2\/posts\/3454","targetHints":{"allow":["GET"]}}],"collection":[{"href":"https:\/\/rp221.com\/index.php?rest_route=\/wp\/v2\/posts"}],"about":[{"href":"https:\/\/rp221.com\/index.php?rest_route=\/wp\/v2\/types\/post"}],"author":[{"embeddable":true,"href":"https:\/\/rp221.com\/index.php?rest_route=\/wp\/v2\/users\/8"}],"replies":[{"embeddable":true,"href":"https:\/\/rp221.com\/index.php?rest_route=%2Fwp%2Fv2%2Fcomments&post=3454"}],"version-history":[{"count":0,"href":"https:\/\/rp221.com\/index.php?rest_route=\/wp\/v2\/posts\/3454\/revisions"}],"wp:attachment":[{"href":"https:\/\/rp221.com\/index.php?rest_route=%2Fwp%2Fv2%2Fmedia&parent=3454"}],"wp:term":[{"taxonomy":"category","embeddable":true,"href":"https:\/\/rp221.com\/index.php?rest_route=%2Fwp%2Fv2%2Fcategories&post=3454"},{"taxonomy":"post_tag","embeddable":true,"href":"https:\/\/rp221.com\/index.php?rest_route=%2Fwp%2Fv2%2Ftags&post=3454"}],"curies":[{"name":"wp","href":"https:\/\/api.w.org\/{rel}","templated":true}]}}