{"id":32350,"date":"2024-09-27T09:14:44","date_gmt":"2024-09-27T09:14:44","guid":{"rendered":"https:\/\/rp221.com\/?p=32350"},"modified":"2024-09-27T09:15:57","modified_gmt":"2024-09-27T09:15:57","slug":"senegal-la-croissance-est-au-meme-point-depuis-2012-gouvernementla-croissance-hors-activites-agricoles-du-senegal-na-pas-change-depuis-2012-a-declare-le-ministre-de-lecono","status":"publish","type":"post","link":"https:\/\/rp221.com\/?p=32350","title":{"rendered":"S\u00e9n\u00e9gal : la croissance est au m\u00eame point depuis 2012 (Gouvernement)La croissance\u00a0 hors activit\u00e9s agricoles du S\u00e9n\u00e9gal n\u2019a pas chang\u00e9 depuis 2012, a d\u00e9clar\u00e9 le ministre de l\u2019Economie et des Finances, Abdourahmane Sarr.\u00a0 \u00ab En v\u00e9r\u2026 Source\u00a0: https:\/\/www.ouestaf.com\/senegal-la-croissance-est-au-meme-point-depuis-2012-gouvernement\/"},"content":{"rendered":"\n<p class=\"wp-block-paragraph\">S\u00e9n\u00e9gal : les chiffres sur le d\u00e9ficit budg\u00e9taire et la dette publique sont \u00ab erron\u00e9s \u00bb (Gouvernement)<br>Les r\u00e9sultats des audits de la situation financi\u00e8re et budg\u00e9taire de l\u2019\u00c9tat du S\u00e9n\u00e9gal ont r\u00e9v\u00e9l\u00e9 que le d\u00e9ficit budg\u00e9taire qui \u00e9tait annonc\u00e9 \u00e0 5,5 % en moyenne\u2026 Source&nbsp;: Ouestaf.com https:\/\/search.app\/MtbVS6Yxbp9VJhzi7<\/p>\n\n\n\n<p class=\"wp-block-paragraph\">S\u00e9n\u00e9gal : l\u2019Etat a renonc\u00e9 \u00e0 d\u00e9caisser 237 milliards de FCFA aupr\u00e8s du FMI (Premier ministre)<br>C\u2019est le S\u00e9n\u00e9gal lui-m\u00eame qui a demand\u00e9 au Fonds mon\u00e9taire international (FMI) de reporter son rendez-vous de juin pour se donner le temps de faire le point sur\u2026 Source&nbsp;: Ouestaf.com https:\/\/search.app\/9RbPJHKFH3KTE5ge9<\/p>\n","protected":false},"excerpt":{"rendered":"<p>S\u00e9n\u00e9gal : les chiffres sur le d\u00e9ficit budg\u00e9taire et la dette publique sont \u00ab erron\u00e9s \u00bb (Gouvernement)Les r\u00e9sultats des audits de la situation financi\u00e8re et budg\u00e9taire de l\u2019\u00c9tat du S\u00e9n\u00e9gal ont r\u00e9v\u00e9l\u00e9 que le d\u00e9ficit budg\u00e9taire qui \u00e9tait annonc\u00e9 \u00e0 5,5 % en moyenne\u2026 Source&nbsp;: Ouestaf.com https:\/\/search.app\/MtbVS6Yxbp9VJhzi7 S\u00e9n\u00e9gal : l\u2019Etat a renonc\u00e9 \u00e0 d\u00e9caisser 237 [&hellip;]<\/p>\n","protected":false},"author":1,"featured_media":0,"comment_status":"open","ping_status":"open","sticky":false,"template":"","format":"standard","meta":{"_jetpack_newsletter_access":"","_jetpack_dont_email_post_to_subs":false,"_jetpack_newsletter_tier_id":0,"_jetpack_memberships_contains_paywalled_content":false,"_jetpack_memberships_contains_paid_content":false,"footnotes":""},"categories":[42],"tags":[],"class_list":["post-32350","post","type-post","status-publish","format-standard","hentry","category-economie"],"jetpack_featured_media_url":"","jetpack_sharing_enabled":true,"_links":{"self":[{"href":"https:\/\/rp221.com\/index.php?rest_route=\/wp\/v2\/posts\/32350","targetHints":{"allow":["GET"]}}],"collection":[{"href":"https:\/\/rp221.com\/index.php?rest_route=\/wp\/v2\/posts"}],"about":[{"href":"https:\/\/rp221.com\/index.php?rest_route=\/wp\/v2\/types\/post"}],"author":[{"embeddable":true,"href":"https:\/\/rp221.com\/index.php?rest_route=\/wp\/v2\/users\/1"}],"replies":[{"embeddable":true,"href":"https:\/\/rp221.com\/index.php?rest_route=%2Fwp%2Fv2%2Fcomments&post=32350"}],"version-history":[{"count":0,"href":"https:\/\/rp221.com\/index.php?rest_route=\/wp\/v2\/posts\/32350\/revisions"}],"wp:attachment":[{"href":"https:\/\/rp221.com\/index.php?rest_route=%2Fwp%2Fv2%2Fmedia&parent=32350"}],"wp:term":[{"taxonomy":"category","embeddable":true,"href":"https:\/\/rp221.com\/index.php?rest_route=%2Fwp%2Fv2%2Fcategories&post=32350"},{"taxonomy":"post_tag","embeddable":true,"href":"https:\/\/rp221.com\/index.php?rest_route=%2Fwp%2Fv2%2Ftags&post=32350"}],"curies":[{"name":"wp","href":"https:\/\/api.w.org\/{rel}","templated":true}]}}