{"id":3176,"date":"2022-09-21T22:53:05","date_gmt":"2022-09-21T22:53:05","guid":{"rendered":"https:\/\/rp221.com\/?p=3176"},"modified":"2022-09-21T22:53:08","modified_gmt":"2022-09-21T22:53:08","slug":"amadou-ba-peut-il-gagner-la-bataille-contre-la-vie-dure-des-senegalais","status":"publish","type":"post","link":"https:\/\/rp221.com\/?p=3176","title":{"rendered":"Amadou Ba peut-il gagner la bataille contre la vie dure des S\u00e9n\u00e9galais ?\u2026"},"content":{"rendered":"\n<h3 class=\"red\"><strong><em>Amadou Ba peut-il gagner la bataille contre la vie dure des S\u00e9n\u00e9galais ?\u2026 Par Mamadou Lamine Diallo<\/em><\/strong><\/h3>\nC\u2019est apparemment la t\u00e2che que lui confie Macky Sall, pr\u00e9cis\u00e9e dans son discours \u00e0 la nation du vendredi 16 septembre; pas de condol\u00e9ances aux familles des victimes des routes du Magal et de l\u2019effondrement d\u2019un immeuble \u00e0 Dakar; discours b\u00e2cl\u00e9 et improvis\u00e9, mais guerrier, traduisant une certaine panique.\nAmadou Ba sera soutenu par l\u2019Ancien DG du budget AM Ba avec qui il a g\u00e9r\u00e9 l\u2019\u00e9conomie du pays apr\u00e8s l\u2019\u00e9vincement de Abdoul Mbaye. Ils savent ce qu\u2019ils ont fait pour endetter le S\u00e9n\u00e9gal et mettre l\u2019\u00e9conomie dans le p\u00e9trin et les S\u00e9n\u00e9galais dans des trappes de mis\u00e8re.\nIls ont rendu l\u2019\u00e9conomie s\u00e9n\u00e9galaise plus vuln\u00e9rable aux chocs ext\u00e9rieurs et\nc\u2019est la flamb\u00e9e de tous les prix, y compris le loyer.\nPeuvent-ils changer de paradigme? J\u2019en doute.\nComme leur chef demande qu\u2019ils rencontrent les acteurs \u00e9conomiques et sociaux, ce sera l\u2019occasion pour eux de rencontrer l\u2019entreprise s\u00e9n\u00e9galaise et de comprendre qu\u2019il faut la d\u00e9fendre dans cette situation post covid.\nReste la question de la corruption qui a pris une pente plus forte depuis 2019 avec les march\u00e9s gr\u00e9 \u00e0 gr\u00e9 et les offres spontan\u00e9es.\nA moins que la question \u00e9conomique ne soit qu\u2019un paravent, alors, Amadou Ba serait premier ministre pour d\u00e9voiler ses ambitions politiques. Mimi a \u00e9t\u00e9 d\u00e9fenestr\u00e9e pour cela. Chez la dynastie FayeSall, quand on mange, on se tait et on ob\u00e9it.<strong>Mamadou Lamine Diallo<\/strong>\n","protected":false},"excerpt":{"rendered":"<p>Amadou Ba peut-il gagner la bataille contre la vie dure des S\u00e9n\u00e9galais ?\u2026 Par Mamadou Lamine Diallo C\u2019est apparemment la t\u00e2che que lui confie Macky Sall, pr\u00e9cis\u00e9e dans son discours \u00e0 la nation du vendredi 16 septembre; pas de condol\u00e9ances aux familles des victimes des routes du Magal et de l\u2019effondrement d\u2019un immeuble \u00e0 Dakar; [&hellip;]<\/p>\n","protected":false},"author":8,"featured_media":0,"comment_status":"open","ping_status":"open","sticky":false,"template":"","format":"standard","meta":{"_jetpack_newsletter_access":"","_jetpack_dont_email_post_to_subs":false,"_jetpack_newsletter_tier_id":0,"_jetpack_memberships_contains_paywalled_content":false,"_jetpack_memberships_contains_paid_content":false,"footnotes":""},"categories":[45],"tags":[164,115],"class_list":["post-3176","post","type-post","status-publish","format-standard","hentry","category-contributions","tag-amadou-ba","tag-mamadou-lamine-diallo"],"jetpack_featured_media_url":"","jetpack_sharing_enabled":true,"_links":{"self":[{"href":"https:\/\/rp221.com\/index.php?rest_route=\/wp\/v2\/posts\/3176","targetHints":{"allow":["GET"]}}],"collection":[{"href":"https:\/\/rp221.com\/index.php?rest_route=\/wp\/v2\/posts"}],"about":[{"href":"https:\/\/rp221.com\/index.php?rest_route=\/wp\/v2\/types\/post"}],"author":[{"embeddable":true,"href":"https:\/\/rp221.com\/index.php?rest_route=\/wp\/v2\/users\/8"}],"replies":[{"embeddable":true,"href":"https:\/\/rp221.com\/index.php?rest_route=%2Fwp%2Fv2%2Fcomments&post=3176"}],"version-history":[{"count":0,"href":"https:\/\/rp221.com\/index.php?rest_route=\/wp\/v2\/posts\/3176\/revisions"}],"wp:attachment":[{"href":"https:\/\/rp221.com\/index.php?rest_route=%2Fwp%2Fv2%2Fmedia&parent=3176"}],"wp:term":[{"taxonomy":"category","embeddable":true,"href":"https:\/\/rp221.com\/index.php?rest_route=%2Fwp%2Fv2%2Fcategories&post=3176"},{"taxonomy":"post_tag","embeddable":true,"href":"https:\/\/rp221.com\/index.php?rest_route=%2Fwp%2Fv2%2Ftags&post=3176"}],"curies":[{"name":"wp","href":"https:\/\/api.w.org\/{rel}","templated":true}]}}