{"id":3100,"date":"2022-09-20T23:04:56","date_gmt":"2022-09-20T23:04:56","guid":{"rendered":"https:\/\/rp221.com\/?p=3100"},"modified":"2022-09-20T23:06:37","modified_gmt":"2022-09-20T23:06:37","slug":"amadou-ba-bou-2023-passe-dagni-siy-tegate-yenene-5-ans-mouy-2028-bouniou-fa-jogue-mou-dess-5-ans","status":"publish","type":"post","link":"https:\/\/rp221.com\/?p=3100","title":{"rendered":"Amadou B\u00e2 : \u00abBou 2023 pass\u00e9, dagni siy t\u00e9gate y\u00e9n\u00e8ne 5 ans mouy 2028, bouniou fa jogu\u00e9 mou d\u00e9ss 5 ans\u2026\u00bb"},"content":{"rendered":"\n<h3 class=\"red\"><strong><em>Amadou B\u00e2 : \u00abBou 2023 pass\u00e9, dagni siy t\u00e9gate y\u00e9n\u00e8ne 5 ans mouy 2028, bouniou fa jogu\u00e9 mou d\u00e9ss 5 ans\u2026\u00bb<\/em><\/strong><\/h3>\n<a href=\"https:\/\/senego.com\" data-saferedirecturl=\"https:\/\/www.google.com\/url?hl=fr&amp;q=https:\/\/senego.com&amp;source=gmail&amp;ust=1663777319058000&amp;usg=AOvVaw3OwZat93H56eMiVJgeSIZH\">https:\/\/senego.com<\/a> Au temps, une frange de la mouvance pr\u00e9sidentielle le soup\u00e7onnait d\u2019\u00eatre proche du farouche opposant du Pr\u00e9sident Macky Sall, Ousmane Sonko pour ne pas le nommer. Certains avan\u00e7aient m\u00eame qu\u2019il le soutenait financi\u00e8rement. Alors, invit\u00e9 de Pape Ngagne Ndiaye \u00e0 l\u2019\u00e9dition sp\u00e9ciale du 28 juin 2020 sur la TFM, Amadou B\u00e2 \u00e9claire la lanterne des S\u00e9n\u00e9galais&nbsp; sur cette pol\u00e9mique non sans r\u00e9it\u00e9rer son engagement et celui du gouvernement \u00e0 r\u00e9aliser la vision du Pr\u00e9sident Macky Sall pour un S\u00e9n\u00e9gal \u00e9mergent.\nLa vid\u00e9o date de 02 ans mais dans le contexte actuel de l\u2019actualit\u00e9 politique, elle demeure int\u00e9ressante pour avoir une id\u00e9e sur le pourquoi de la nomination de Amadou B\u00e2 comme Premier ministre alors \u00e9vinc\u00e9 lors du dernier remaniement.\nAlors ministre des Affaires \u00e9trang\u00e8res et des S\u00e9n\u00e9galais de l\u2019ext\u00e9rieur, Amadou B\u00e2 se\nvoulait \u00eatre ferme en battant en br\u00e8che les propos selon lesquels il soutenait\nOusmane Sonko. Une argumentation assez solide puisqu\u2019il \u00e9tait all\u00e9 tr\u00e8s loin en \u00e9mettant que la volont\u00e9 du gouvernement, de la mouvance pr\u00e9sidentielle en quelque sorte devrait bien travailler pour que le Pr\u00e9sident Macky Sall ait 20 ans au pouvoir.\n<em>Je vous dit. Je connais bien Ousmane Sonko. Il m\u2019a trouv\u00e9 aux Imp\u00f4ts et Domaines. Je ne pense pas et je n\u2019ai jamais pens\u00e9 \u00e0 aider quiconque en tant agent de l\u2019\u00c9tat.&nbsp; Je ne suis pas fou pour le faire. En connaissant bien comment fonctionne l\u2019\u00c9tat, quand tu entends des gens dirent certaines choses, je m\u2019en rigole. Puisque si cela est vrai, \u00e7a implique que l\u2019\u00c9tat n\u2019est pas solide. Ensuite, je me b\u00e2t pour le Pr\u00e9sident Macky Sall mais aussi pour la continuit\u00e9 de sa vision qui est fix\u00e9e en 2035. Je suis venu \u00e0 l\u2019Assembl\u00e9e nationale et leur ai dit que 2019 n\u2019a pas asse d\u2019importance mais plut\u00f4t 2018. Parce, c\u2019est \u00e0 partir de cette date qu\u2019on commence \u00e0 r\u00e9aliser les travaux de son quinquennat sur le PSE. Pour moi 2023 est l\u2019ann\u00e9e essentielle. Sommes tous concentr\u00e9s et nous devrons \u00eatre concentr\u00e9s pour que sa vision soit traduite en acte.<\/em>\n<em>Apr\u00e8s 2023, on ajoute 5 autres ann\u00e9es c\u2019est -\u00e0-dire en 2028 et on y ajoute encore un<\/em>\n<em>dernier quinquennat ce qui fait 20 ans du Pr\u00e9sident Macky SALL pour r\u00e9ussir sa vision\u2026 b<\/em>avait t-il dit \u00e0 l\u2019\u00e9dition sp\u00e9ciale de la TFM.\nUne d\u00e9claration qui avait peut-\u00eatre \u00e9chapp\u00e9 \u00e0 bon nombre de S\u00e9n\u00e9galais. Donc, n\u2019est\nil pas clair et net que le Pr\u00e9sident Macky Sall est dans sa posture d\u2019une troisi\u00e8me\ncandidature? La nomination de Amadou B\u00e2 n\u2019y est t-il pas quelque chose puisque\nc\u2019est lui qui d\u00e9fendait ses 20 ans de r\u00e8gne.Le temps nous \u00e9difiera peut-\u00eatre ce qu\u2019en est-il exactement.\n","protected":false},"excerpt":{"rendered":"<p>Amadou B\u00e2 : \u00abBou 2023 pass\u00e9, dagni siy t\u00e9gate y\u00e9n\u00e8ne 5 ans mouy 2028, bouniou fa jogu\u00e9 mou d\u00e9ss 5 ans\u2026\u00bb https:\/\/senego.com Au temps, une frange de la mouvance pr\u00e9sidentielle le soup\u00e7onnait d\u2019\u00eatre proche du farouche opposant du Pr\u00e9sident Macky Sall, Ousmane Sonko pour ne pas le nommer. Certains avan\u00e7aient m\u00eame qu\u2019il le soutenait financi\u00e8rement. [&hellip;]<\/p>\n","protected":false},"author":8,"featured_media":0,"comment_status":"open","ping_status":"open","sticky":false,"template":"","format":"standard","meta":{"_jetpack_newsletter_access":"","_jetpack_dont_email_post_to_subs":false,"_jetpack_newsletter_tier_id":0,"_jetpack_memberships_contains_paywalled_content":false,"_jetpack_memberships_contains_paid_content":false,"footnotes":""},"categories":[45],"tags":[151,164],"class_list":["post-3100","post","type-post","status-publish","format-standard","hentry","category-contributions","tag-3e-mandat","tag-amadou-ba"],"jetpack_featured_media_url":"","jetpack_sharing_enabled":true,"_links":{"self":[{"href":"https:\/\/rp221.com\/index.php?rest_route=\/wp\/v2\/posts\/3100","targetHints":{"allow":["GET"]}}],"collection":[{"href":"https:\/\/rp221.com\/index.php?rest_route=\/wp\/v2\/posts"}],"about":[{"href":"https:\/\/rp221.com\/index.php?rest_route=\/wp\/v2\/types\/post"}],"author":[{"embeddable":true,"href":"https:\/\/rp221.com\/index.php?rest_route=\/wp\/v2\/users\/8"}],"replies":[{"embeddable":true,"href":"https:\/\/rp221.com\/index.php?rest_route=%2Fwp%2Fv2%2Fcomments&post=3100"}],"version-history":[{"count":0,"href":"https:\/\/rp221.com\/index.php?rest_route=\/wp\/v2\/posts\/3100\/revisions"}],"wp:attachment":[{"href":"https:\/\/rp221.com\/index.php?rest_route=%2Fwp%2Fv2%2Fmedia&parent=3100"}],"wp:term":[{"taxonomy":"category","embeddable":true,"href":"https:\/\/rp221.com\/index.php?rest_route=%2Fwp%2Fv2%2Fcategories&post=3100"},{"taxonomy":"post_tag","embeddable":true,"href":"https:\/\/rp221.com\/index.php?rest_route=%2Fwp%2Fv2%2Ftags&post=3100"}],"curies":[{"name":"wp","href":"https:\/\/api.w.org\/{rel}","templated":true}]}}