{"id":30620,"date":"2024-08-10T16:11:20","date_gmt":"2024-08-10T16:11:20","guid":{"rendered":"https:\/\/rp221.com\/?p=30620"},"modified":"2024-08-10T16:12:02","modified_gmt":"2024-08-10T16:12:02","slug":"retraites-du-senegal-%f0%9f%87%b8%f0%9f%87%b3-lexemple-ivoirien-par-salif-ndiaye","status":"publish","type":"post","link":"https:\/\/rp221.com\/?p=30620","title":{"rendered":"Retrait\u00e9s du S\u00e9n\u00e9gal \ud83c\uddf8\ud83c\uddf3 L\u2019exemple ivoirien Par Salif Ndiaye"},"content":{"rendered":"\n<p class=\"wp-block-paragraph\">Dans son message \u00e0 la nation en date du 6 Aout 2024, le pr\u00e9sident ivoirien a d\u00e9cid\u00e9 d\u2019octroyer le 1 er Septembre de chaque ann\u00e9e, une prime sp\u00e9ciale du 1\/3 de leur pension mensuelle comme il le pr\u00e9cise aux vaillants retrait\u00e9s du public comme du priv\u00e9 avec effet imm\u00e9diat. Donc dans quelques semaines. Un 13eme mois en quelque sorte<br>Des mesures de cette nature sont \u00e0 saluer et tout dirigeant soucieux et conscient doit s\u2019en inspirer car elles contribuent \u00e0 l\u2019am\u00e9lioration des conditions de vie de cette couche vuln\u00e9rable par son impact dans le porte-monnaie afin de mieux faire face \u00e0 la conjoncture.<br>Malheureusement, c\u2019est l\u2019oc\u00e9an entre les retrait\u00e9s du S\u00e9n\u00e9gal et ceux de la sous-r\u00e9gion en mati\u00e8re de revenus et de prise en charge ad\u00e9quate des soins de sant\u00e9<br>Je crois, j\u2019esp\u00e8re et je souhaite que les nouvelles autorit\u00e9s qui soit dit en passant n\u2019ont aucune responsabilit\u00e9 sur la situation de l\u2019IPRES, soient assez bien inspir\u00e9s pour se pencher sur cette probl\u00e9matique et de trouver rapidement les meilleures solutions possibles dans le cadre d\u2019un \u00ab JUBANTI \u00bb pour cette importante masse de ses pensionn\u00e9s qui continuent avec leurs maigres revenus de tenir leurs familles en assurant le quotidien en plus des autres services sociaux de base<br>Le br\u00e9viaire est d\u00e9j\u00e0 entre leurs mains, \u00e0 savoir le dernier DPBE 2025-2027, rapport disponible et dont le concepteur est l\u2019actuel Ministre des Finances et du Budget<br>Le diagnostic est d\u00e9j\u00e0 fait, il ne reste que la th\u00e9rapie \u00e0 appliquer pour un redressement durable de notre institution que l\u2019\u00e9tat du S\u00e9n\u00e9gal en premier lieu et certains de ses d\u00e9membrements ont plomb\u00e9 et vampiris\u00e9 du fait de leurs immunit\u00e9s d\u2019ex\u00e9cution que rien ne justifie d\u2019ailleurs et dans ce lot, nous avons l\u2019h\u00f4pital Principal, COUD, DDD etc. qui doivent plus 70 Milliards \u00e0 l\u2019institution. C\u2019est presque l\u2019\u00e9quivalent d\u2019une ann\u00e9e de paiement de pensions et ce n\u2019est pas juste.<br>Cet h\u00f4pital principal a la f\u00e2cheuse habitude de refouler les retrait\u00e9s malades de l\u2019ipres en leur disant que l\u2019Ipres nous doit de l\u2019argent et se garder de dire que l\u2019h\u00f4pital aussi doit \u00e0 l\u2019ipres<br>La situation d\u00e9bitrice de ces entit\u00e9s n\u2019est que du DDP (D\u00e9tournement de Deniers Priv\u00e9s) et cela doit cesser<br>Avec un certain niveau de salari\u00e9s, toutes les soci\u00e9t\u00e9s du pays sont tenues de payer leurs cotisations sociales \u00e0 l\u2019Ipres le 10 du mois suivant le paiement sous peine de p\u00e9nalit\u00e9s. Ces cotisations sociales sont tir\u00e9es \u00e0 hauteur de 5,6% au R\u00e9gime G\u00e9n\u00e9ral et 2,8 pour le R\u00e9gime Cadre et ces ponctions sont p\u00e9r\u00e9es sur le bulletin du salari\u00e9 donc sur ses revenus et l\u2019entreprise est tenue de reverser sa part qui \u00e9quivaut \u00e0 8,4% au RG et 3,2% au RCC. Donc 14% au RG et 6% au RCC. Voil\u00e0 le principe<br>Maintenant si une entit\u00e9 de l\u2019\u00e9tat, retient les pourcentages cit\u00e9s plus haut sur les revenus des retrait\u00e9s et en plus ne lib\u00e8re pas la part patronale, c\u2019est du d\u00e9tournement de deniers priv\u00e9s par l\u2019\u00e9tat et ses d\u00e9membrements.<br>Pour avoir v\u00e9cu pareille situation je m\u2019inqui\u00e8te si cette situation perdure car ce sont les futurs retrait\u00e9s de ces entit\u00e9s qui vont en p\u00e2tir. Pour avoir \u00e9t\u00e9 confront\u00e9 \u00e0 ce genre de situation \u00e0 partir de 1989 dans une grande soci\u00e9t\u00e9 du parapublic ou j\u2019ai \u00e9t\u00e9 recrut\u00e9 comme auditeur interne suite \u00e0 un d\u00e9tournement et qui avait \u00e0 l\u2019\u00e9poque un capital social de 3.600.000.000 dont 96,14% appartenait \u00e0 l\u2019\u00e9tat et pr\u00e8s de 1.000 salari\u00e9s. On comptait \u00e0 l\u2019\u00e9poque les soci\u00e9t\u00e9s qui avaient un tel capital social. Je venais du priv\u00e9, \u00e0 jour de mes cotisations dans les structures ant\u00e9rieures ou j\u2019ai eu \u00e0 travailler, mais j\u2019ignorais la situation de la soci\u00e9t\u00e9 envers l\u2019ipres<br>C\u2019est \u00e0 partir de1990 quand on m\u2019a confi\u00e9 le d\u00e9partement comptabilit\u00e9 et tr\u00e9sorerie que j\u2019ai d\u00e9couvert dans les \u00e9tats financiers la dette colossale de la soci\u00e9t\u00e9 envers les organismes dont l\u2019ipres pour pr\u00e8s d\u2019un milliard et pr\u00e8s de 400.000.000 pour la caisse<br>Pr\u00e8s d\u2019une vingtaine du personnel allait \u00e0 la retraite chaque ann\u00e9e et ne pouvait percevoir leurs pensions \u00e0 taux plein. Gr\u00e2ce \u00e0 la magnanimit\u00e9 des dirigeants de l\u2019ipres de l\u2019\u00e9poque, nous avions pu obtenir de liquider les sommes dues qui les concernaient \u00e0 l\u2019ipres afin qu\u2019ils aient la pension compl\u00e8te, mais la dette se creusait davantage avec les cotisations nouvelles \u00e0 payer. Il nous a fallu 10 ans pour voir cette ardoise effac\u00e9e gr\u00e2ce au concours de l\u2019AFD qui avait conditionn\u00e9 son financement en demandant la liquidation pure et simple de cette soci\u00e9t\u00e9 du parapublic. Apr\u00e8s un travail acharn\u00e9 que j\u2019ai effectu\u00e9 avec le cabinet de feu Mayoro Wade, la situation des salari\u00e9s a \u00e9t\u00e9 sauv\u00e9e. Les dirigeants de l\u2019ipres peuvent t\u00e9moigner de la situation que j\u2019\u00e9voque.<br>C\u2019est \u00e0 partir de la 1 \u00e8re alternance que l\u2019ipres a commenc\u00e9 \u00e0 \u00eatre une v\u00e9ritable vache \u00e0 lait avec Wade qui a puis\u00e9 27 milliards pour cette statue de Ouakam que je ne peux qualifier par pudeur, la seconde alternance ne cotisait pas et demandait \u00e0 l\u2019ipres de pr\u00e9financer des augmentations avec promesse de participer sans jamais respecter ses engagements depuis la pension minimale pour finir nous parler de \u00ab tensions de tr\u00e9sorerie \u00bb<br>Et il faut l\u2019avouer aussi, nous avons eu des augmentations de la pension de plus de 50% depuis 2012, mais l\u2019impact est tr\u00e8s marginal pour la majorit\u00e9 des retrait\u00e9s (ceux qui touchent la pension minimale de 35.000 CFA) et les veuves qui n\u2019en ont pas b\u00e9n\u00e9fici\u00e9 ce qui est une injustice. Les grands b\u00e9n\u00e9ficiaires de ces augmentations de 10% \u00e0 chaque fois sont ceux qui comme moi b\u00e9n\u00e9ficient du statut de cadres<br>Le probl\u00e8me de l\u2019ipres est essentiellement dans ses statuts obsol\u00e8tes qui datent de 1958 et inchang\u00e9s depuis lors et un r\u00e8glement int\u00e9rieur inadapt\u00e9 qu\u2019il y\u2019a lieu de r\u00e9former<br>En C\u00f4te d\u2019ivoire on am\u00e9liore la situation des retrait\u00e9s, ici l\u2019\u00e9tat et ses structures d\u00e9tournent impun\u00e9ment l\u2019argent des retrait\u00e9s depuis 25 ans et cela doit cesser.Xibaaru<\/p>\n\n\n\n<p class=\"wp-block-paragraph\">Salif Ndiaye<br>Retrait\u00e9 membre ARVOS<\/p>\n","protected":false},"excerpt":{"rendered":"<p>Dans son message \u00e0 la nation en date du 6 Aout 2024, le pr\u00e9sident ivoirien a d\u00e9cid\u00e9 d\u2019octroyer le 1 er Septembre de chaque ann\u00e9e, une prime sp\u00e9ciale du 1\/3 de leur pension mensuelle comme il le pr\u00e9cise aux vaillants retrait\u00e9s du public comme du priv\u00e9 avec effet imm\u00e9diat. Donc dans quelques semaines. Un 13eme [&hellip;]<\/p>\n","protected":false},"author":1,"featured_media":0,"comment_status":"open","ping_status":"open","sticky":false,"template":"","format":"standard","meta":{"_jetpack_newsletter_access":"","_jetpack_dont_email_post_to_subs":false,"_jetpack_newsletter_tier_id":0,"_jetpack_memberships_contains_paywalled_content":false,"_jetpack_memberships_contains_paid_content":false,"footnotes":""},"categories":[42],"tags":[],"class_list":["post-30620","post","type-post","status-publish","format-standard","hentry","category-economie"],"jetpack_featured_media_url":"","jetpack_sharing_enabled":true,"_links":{"self":[{"href":"https:\/\/rp221.com\/index.php?rest_route=\/wp\/v2\/posts\/30620","targetHints":{"allow":["GET"]}}],"collection":[{"href":"https:\/\/rp221.com\/index.php?rest_route=\/wp\/v2\/posts"}],"about":[{"href":"https:\/\/rp221.com\/index.php?rest_route=\/wp\/v2\/types\/post"}],"author":[{"embeddable":true,"href":"https:\/\/rp221.com\/index.php?rest_route=\/wp\/v2\/users\/1"}],"replies":[{"embeddable":true,"href":"https:\/\/rp221.com\/index.php?rest_route=%2Fwp%2Fv2%2Fcomments&post=30620"}],"version-history":[{"count":0,"href":"https:\/\/rp221.com\/index.php?rest_route=\/wp\/v2\/posts\/30620\/revisions"}],"wp:attachment":[{"href":"https:\/\/rp221.com\/index.php?rest_route=%2Fwp%2Fv2%2Fmedia&parent=30620"}],"wp:term":[{"taxonomy":"category","embeddable":true,"href":"https:\/\/rp221.com\/index.php?rest_route=%2Fwp%2Fv2%2Fcategories&post=30620"},{"taxonomy":"post_tag","embeddable":true,"href":"https:\/\/rp221.com\/index.php?rest_route=%2Fwp%2Fv2%2Ftags&post=30620"}],"curies":[{"name":"wp","href":"https:\/\/api.w.org\/{rel}","templated":true}]}}