{"id":30241,"date":"2024-07-29T22:20:47","date_gmt":"2024-07-29T22:20:47","guid":{"rendered":"https:\/\/rp221.com\/?p=30241"},"modified":"2024-07-29T22:25:26","modified_gmt":"2024-07-29T22:25:26","slug":"vers-lintegration-de-leducation-a-leconomie-d-va-energie-dans-le-programme-scolaire","status":"publish","type":"post","link":"https:\/\/rp221.com\/?p=30241","title":{"rendered":"Vers l\u2019int\u00e9gration de l\u2019\u00e9ducation \u00e0 l\u2019\u00e9conomie d\u2019 va \u00e9nergie dans le programme scolaire"},"content":{"rendered":"\n<p class=\"wp-block-paragraph\">L\u2019AEME et les acteurs de l\u2019\u00e9cole publique, particuli\u00e8rement l\u2019Inspection d\u2019acad\u00e9mie (IA) de Dakar et l\u2019inspection de l\u2019\u00e9ducation et de la formation (IEF) de Dakar-Plateau sont en conclave pour travailler sur les l\u2019int\u00e9gration de l\u2019\u00e9ducation \u00e0 l\u2019\u00e9conomie d\u2019\u00e9nergie dans le programme de l\u2019\u00e9cole \u00e9l\u00e9mentaire.<\/p>\n\n\n\n<p class=\"wp-block-paragraph\">Jeter les bases de l\u2019int\u00e9gration de l\u2019\u00e9conomie d\u2019\u00e9nergie dans le programme scolaire, tel est l\u2019objectif de l\u2019atelier de production de ressources p\u00e9dagogiques ouvert ce lundi 29 juillet et pour trois jours, \u00e0 l\u2019h\u00f4tel Al Afifa par Mme Mame Coumba NDIAYE, Directeur g\u00e9n\u00e9ral de l\u2019Agence pour l\u2019\u00c9conomie et la Ma\u00eetrise de l\u2019\u00c9nergie (AEME). Cet atelier entre dans le cadre de la mise en \u0153uvre d\u2019une convention sign\u00e9e entre les Minist\u00e8res en charge de l\u2019\u00e9nergie et de l\u2019\u00e9ducation pour une promotion de l\u2019enseignement de l\u2019\u00e9conomie d\u2019\u00e9nergie dans les \u00e9coles primaires.<br>Pour Mme Ndiaye, Directeur g\u00e9n\u00e9ral de l\u2019AEME, cet atelier est \u00abun pas de plus\u00bb dans la relation d\u00e9j\u00e0 f\u00e9conde avec le secteur de l\u2019\u00e9ducation nationale. Il s\u2019agit en effet de \u00abpasser par le secteur de l\u2019\u00e9ducation pour sensibiliser et \u00e9duquer les nouvelles g\u00e9n\u00e9rations \u00e0 \u00eatre conscientes de l\u2019importance de la ma\u00eetrise de l\u2019\u00e9nergie, donc former le citoyen de demain, devient indispensable\u00bb. Mieux, l\u2019AEME esp\u00e8re, \u00e0 travers l\u2019\u00e9cole, \u00ab aller au-del\u00e0 de l\u2019enfant, en touchant \u00e9galement les parents et toute la soci\u00e9t\u00e9 \u00bb.<br>Pour Mouhamadou Bassirou Diallo, Secr\u00e9taire g\u00e9n\u00e9ral de l\u2019IA de Dakar, passer par l\u2019\u00e9cole afin de former le citoyen de demain est obligatoire. \u00abLe point de d\u00e9part c\u2019est l\u2019\u00e9cole ; l\u2019\u00e9cole est le passage oblig\u00e9 pour impliquer les apprenants \u00e0 l\u2019\u00e9ducation \u00e0 l\u2019\u00e9conomie d\u2019\u00e9nergie pour en faire une pratique courante\u00bb, a d\u00e9clar\u00e9 M. Diallo qui rappelle qu\u2019au sortir de cet atelier, il s\u2019agira de capaciter les enseignants, voir comment ins\u00e9rer l\u2019efficacit\u00e9 \u00e9nerg\u00e9tique dans enseignements et revisiter les strat\u00e9gies p\u00e9dagogiques les mieux adapt\u00e9es.<\/p>\n","protected":false},"excerpt":{"rendered":"<p>L\u2019AEME et les acteurs de l\u2019\u00e9cole publique, particuli\u00e8rement l\u2019Inspection d\u2019acad\u00e9mie (IA) de Dakar et l\u2019inspection de l\u2019\u00e9ducation et de la formation (IEF) de Dakar-Plateau sont en conclave pour travailler sur les l\u2019int\u00e9gration de l\u2019\u00e9ducation \u00e0 l\u2019\u00e9conomie d\u2019\u00e9nergie dans le programme de l\u2019\u00e9cole \u00e9l\u00e9mentaire. Jeter les bases de l\u2019int\u00e9gration de l\u2019\u00e9conomie d\u2019\u00e9nergie dans le programme scolaire, [&hellip;]<\/p>\n","protected":false},"author":1,"featured_media":0,"comment_status":"open","ping_status":"open","sticky":false,"template":"","format":"standard","meta":{"_jetpack_newsletter_access":"","_jetpack_dont_email_post_to_subs":false,"_jetpack_newsletter_tier_id":0,"_jetpack_memberships_contains_paywalled_content":false,"_jetpack_memberships_contains_paid_content":false,"footnotes":""},"categories":[42],"tags":[],"class_list":["post-30241","post","type-post","status-publish","format-standard","hentry","category-economie"],"jetpack_featured_media_url":"","jetpack_sharing_enabled":true,"_links":{"self":[{"href":"https:\/\/rp221.com\/index.php?rest_route=\/wp\/v2\/posts\/30241","targetHints":{"allow":["GET"]}}],"collection":[{"href":"https:\/\/rp221.com\/index.php?rest_route=\/wp\/v2\/posts"}],"about":[{"href":"https:\/\/rp221.com\/index.php?rest_route=\/wp\/v2\/types\/post"}],"author":[{"embeddable":true,"href":"https:\/\/rp221.com\/index.php?rest_route=\/wp\/v2\/users\/1"}],"replies":[{"embeddable":true,"href":"https:\/\/rp221.com\/index.php?rest_route=%2Fwp%2Fv2%2Fcomments&post=30241"}],"version-history":[{"count":0,"href":"https:\/\/rp221.com\/index.php?rest_route=\/wp\/v2\/posts\/30241\/revisions"}],"wp:attachment":[{"href":"https:\/\/rp221.com\/index.php?rest_route=%2Fwp%2Fv2%2Fmedia&parent=30241"}],"wp:term":[{"taxonomy":"category","embeddable":true,"href":"https:\/\/rp221.com\/index.php?rest_route=%2Fwp%2Fv2%2Fcategories&post=30241"},{"taxonomy":"post_tag","embeddable":true,"href":"https:\/\/rp221.com\/index.php?rest_route=%2Fwp%2Fv2%2Ftags&post=30241"}],"curies":[{"name":"wp","href":"https:\/\/api.w.org\/{rel}","templated":true}]}}