{"id":30136,"date":"2024-07-27T18:35:22","date_gmt":"2024-07-27T18:35:22","guid":{"rendered":"https:\/\/rp221.com\/?p=30136"},"modified":"2024-07-27T18:35:25","modified_gmt":"2024-07-27T18:35:25","slug":"contribution-relative-au-nouveau-compact-sur-leconomie-bleue","status":"publish","type":"post","link":"https:\/\/rp221.com\/?p=30136","title":{"rendered":"CONTRIBUTION RELATIVE AU NOUVEAU \u201cCOMPACT\u201d SUR L\u2019\u00c9CONOMIE BLEUE."},"content":{"rendered":"\n<p class=\"wp-block-paragraph\">Pour \u00eatre efficace, le management strat\u00e9gique de cette \u201c\u00e9conomie dite bleue\u201d devrait relever de la Primature, et son management op\u00e9rationnel, du Minist\u00e8re charg\u00e9 des Affaires maritimes (MPIPM), principalement, en association avec d\u2019autres minist\u00e8res, notamment l\u2019Environnement, l\u2019Energie (petrole et gaz offshore, voire m\u00eame inshore en cas de proximit\u00e9 d\u2019avec des ressources aquatiques naturelles et artificielles), l\u2019Agriculture, les Mines, l\u2019Industrie, etc..<\/p>\n\n\n\n<p class=\"wp-block-paragraph\">\u00c0 cet effet, un cadre doit \u00eatre mis en place et, en anticipation, ce cadre existe d\u00e9j\u00e0 au S\u00e9n\u00e9gal depuis plus de 14 ans, plus pr\u00e9cis\u00e9ment depuis le 22 f\u00e9vrier 2010, par l\u2019arr\u00eat\u00e9 primatorial n\u00b0&nbsp;1656.<\/p>\n\n\n\n<p class=\"wp-block-paragraph\">En effet, \u00e0 cette date, un \u201cComit\u00e9 interminist\u00e9riel de la Mer (d\u00e9nomm\u00e9 \u201cCIM\u201d), a \u00e9t\u00e9 cr\u00e9\u00e9 et plac\u00e9 sous l\u2019autorit\u00e9 du Premier Ministre. Mais ce comit\u00e9 n\u2019a jamais fonctionn\u00e9 \u00e0 ce jour.<br>Le r\u00f4le de ce CIM est de coordonner les diverses utilisations fluviomaritimes, \u00e9conomiques, sociales et autres, de la Mer et de ses d\u00e9pendances imm\u00e9diates (dont les zones c\u00f4ti\u00e8res, dont, par exemple, les NIAYES), entre autres.<\/p>\n\n\n\n<p class=\"wp-block-paragraph\">Ce CIM est une sorte de pr\u00e9curseur avant la lettre du concept de <em>l\u2019Economie Bleue<\/em> dont le concept litt\u00e9ral est v\u00e9ritablement n\u00e9 deux (02) ans plus tard, lors de la 3\u00e8me Conf\u00e9rence Internationale des Nations unies sur les PED, tenue \u00e0 Samoa en 2014.<\/p>\n\n\n\n<p class=\"wp-block-paragraph\">Journal officiel du S\u00e9n\u00e9gal | ARRETE PRIMATORAL n\u00b0&nbsp;1656 du 22 f\u00e9vrier 2010<\/p>\n\n\n\n<p class=\"wp-block-paragraph\">ARRETE PRIMATORAL N\u00b0&nbsp;1656 EN DATE DU 22 F\u00c9VRIER 2010 INSTITUANT UN COMIT\u00c9 INTERMINIST\u00c9RIEL DE LA MER (CIM).<\/p>\n\n\n\n<p class=\"wp-block-paragraph\">Art.&nbsp;premier&nbsp;\u2014&nbsp; Cr\u00e9ation.<br>Il est institu\u00e9 un Comit\u00e9 interminist\u00e9riel de la Mer (CIM), charg\u00e9 de coordonner, d'harmoniser et de promouvoir les politiques et les strat\u00e9gies maritimes de l'Etat.<br>Le Comit\u00e9 interminist\u00e9riel de la Mer est plac\u00e9 sous l'autorit\u00e9 du Premier Ministre.<\/p>\n\n\n\n<p class=\"wp-block-paragraph\">Art.&nbsp;2&nbsp;\u2014&nbsp; Champ d'action et missions.<br>Le champ d'action du Comit\u00e9 interminist\u00e9riel de la Mer est circonscrit du Domaine public maritime jusqu'\u00e0 la limite ext\u00e9rieure de la Zone \u00e9conomique exclusive (ZEE).<br>Dans cet espace, le CIM a pour missions&nbsp;:<br>\u2043 d'assurer une veille sur la mer, dans l'objectif de promouvoir la protection et l'exploitation rationnelle de ses ressources et de ses potentialit\u00e9s&nbsp;;<br>\u2043 de coordonner et d'harmoniser les politiques et strat\u00e9gies du Gouvernement dans les diff\u00e9rents domaines li\u00e9s \u00e0 la mer&nbsp;;<br>\u2043 de faciliter le d\u00e9veloppement d'une approche \u00e9cosyst\u00e9mique de gestion de la mer telle que pr\u00e9conis\u00e9e par les Organisations internationales comp\u00e9tentes&nbsp;;<br>\u2043 d'assurer, en collaboration avec le Minist\u00e8re charg\u00e9 des Affaires \u00e9trang\u00e8res, la Commission nationale pour l'UNESCO et la D\u00e9l\u00e9gation permanente du S\u00e9n\u00e9gal aupr\u00e8s de l'UNESCO, la liaison avec la Commission oc\u00e9anographique intergouvernementale (COI) de l'UNESCO et les autres organisations intergouvernementales similaires&nbsp;;<br>\u2043 de faire r\u00e9aliser toutes \u00e9tudes ou analyses qui participent de la politique de gestion int\u00e9gr\u00e9e des ressources maritimes.<\/p>\n\n\n\n<p class=\"wp-block-paragraph\">Art.&nbsp;3&nbsp;\u2014&nbsp; Le Comit\u00e9 interminist\u00e9riel de la Mer.<br>Le Comit\u00e9 interminist\u00e9riel de la Mer est constitu\u00e9 des membres ci-apr\u00e8s&nbsp;:<br>\u2043 le Premier Ministre, Pr\u00e9sident&nbsp;;<br>\u2043 le Ministre charg\u00e9 de l'Int\u00e9rieur&nbsp;;<br>\u2043 le Ministre charg\u00e9 des Affaires \u00e9trang\u00e8res&nbsp;;<br>\u2043 le Ministre charg\u00e9 des Finances&nbsp;;<br>\u2043 le Ministre charg\u00e9 des Forces arm\u00e9es&nbsp;;<br>\u2043 le Ministre charg\u00e9 de l'Environnement&nbsp;;<br>\u2043 le Ministre charg\u00e9 de l'Am\u00e9nagement du Territoire et des Infrastructures&nbsp;;<br>\u2043 le Ministre charg\u00e9 de l'Urbanisme&nbsp;;<br>\u2043 le Ministre charg\u00e9 des Mines et de l'Industrie&nbsp;;<br>\u2043 le Ministre charg\u00e9 des T\u00e9l\u00e9communications&nbsp;;<br>\u2043 le Ministre charg\u00e9 de l'Energie&nbsp;;<br>\u2043 le Ministre charg\u00e9 de la P\u00eache et des Transports maritimes&nbsp;;<br>\u2043 le Ministre charg\u00e9 des Collectivit\u00e9s locales&nbsp;;<br>\u2043 le Ministre charg\u00e9 de l'Agriculture&nbsp;;<br>\u2043 le Ministre charg\u00e9 de la Pisciculture&nbsp;;<br>\u2043 le Ministre charg\u00e9 du Tourisme&nbsp;;<br>\u2043 le Ministre charg\u00e9 de l'Assainissement&nbsp;;<br>\u2043 et, en tant que de besoin, les autres membres du Gouvernement.<br>Le Comit\u00e9 peut s'adjoindre toute comp\u00e9tence jug\u00e9e utile.<\/p>\n\n\n\n<p class=\"wp-block-paragraph\">Art.&nbsp;4&nbsp;\u2014&nbsp; Les organes d'appui au Comit\u00e9 interminist\u00e9riel de la Mer :<br>Le Comit\u00e9 interminist\u00e9riel de la Mer est assist\u00e9 dans ses missions par un Comit\u00e9 consultatif d'Experts et un Secr\u00e9taire permanent.<\/p>\n\n\n\n<ul class=\"wp-block-list\">\n<li>Le Comit\u00e9 consultatif d'Experts est un organe technique du Comit\u00e9 interminist\u00e9riel de la Mer. Il est pr\u00e9sid\u00e9 par un scientifique de haut niveau, sp\u00e9cialis\u00e9 dans une des disciplines de la Mer.<br>Le Pr\u00e9sident du Comit\u00e9 consultatif d'Experts est nomm\u00e9 par arr\u00eat\u00e9 du Premier Ministre, sur proposition du Ministre charg\u00e9 de l'Economie maritime.<br>Le Comit\u00e9 consultatif d'Experts est compos\u00e9 d'experts de toutes les disciplines de la Mer, choisis dans toutes les structures et nomm\u00e9s par arr\u00eat\u00e9 du Premier Ministre.<br>Sa composition, son organisation et son fonctionnement sont fix\u00e9s par arr\u00eat\u00e9 du Premier Ministre, sur proposition du Ministre charg\u00e9 de l'Economie maritime.<\/li>\n\n\n\n<li>Le Secr\u00e9taire permanent est plac\u00e9 sous l'autorit\u00e9 du Ministre charg\u00e9 de l'Economie maritime.<br>Le Secr\u00e9taire permanent pr\u00e9pare les rencontres du Comit\u00e9 interminist\u00e9riel de la Mer, assure le suivi de l'application de ses d\u00e9cisions ainsi que la liaison entre le Comit\u00e9 interminist\u00e9riel de la Mer et le Comit\u00e9 consultatif d'Experts.<br>Il assure, en outre, la liaison avec la Commission oc\u00e9anographique intergouvernementale de l'UNESCO (COI) et toutes les organisations intergouvernementales similaires.<br>Il est nomm\u00e9 par arr\u00eat\u00e9 du Ministre charg\u00e9 de l'Economie maritime.<\/li>\n<\/ul>\n\n\n\n<p class=\"wp-block-paragraph\">Art.&nbsp;5&nbsp;\u2014&nbsp; R\u00e9union du Comit\u00e9 interminist\u00e9riel de la Mer.<br>Le Comit\u00e9 interminist\u00e9riel de la Mer se r\u00e9unit au moins une fois par an, sur convocation du Premier Ministre, pour d\u00e9lib\u00e9rer sur toutes questions relevant de sa comp\u00e9tence.<\/p>\n\n\n\n<p class=\"wp-block-paragraph\">Art.&nbsp;6&nbsp;\u2014&nbsp; R\u00e9unions du Comit\u00e9 consultatif des Experts.<br>Le Comit\u00e9 consultatif d'Experts se r\u00e9unit, chaque fois que de besoin, sur convocation de son Pr\u00e9sident, pour examiner toutes questions qui lui sont soumises par le Comit\u00e9 interminist\u00e9riel de la Mer.<\/p>\n\n\n\n<p class=\"wp-block-paragraph\">Art.&nbsp;7&nbsp;\u2014&nbsp; Disposition finale.<br>Le Ministre d'Etat, Ministre de l'Int\u00e9rieur, le Ministre d'Etat, Ministre de l'Economie et des Finances, le Ministre d'Etat, Ministre des Forces arm\u00e9es, le Ministre d'Etat, Ministre de l'Environnement, de la Protection de la Nature, des Bassins de r\u00e9tention et des Lacs artificiels, le Ministre d'Etat, Ministre de la Coop\u00e9ration internationale, de l'Am\u00e9nagement du Territoire, des Transports a\u00e9riens et des Infrastructures, le Ministre d'Etat, Ministre de l'Urbanisme, de l'Habitat, de la Construction et de l'Hydraulique, le Ministre d'Etat, Ministre des Mines, de l'Industrie, de la Transformation alimentaire, des produits agricoles et des PME, le Ministre des T\u00e9l\u00e9communications, des TIC, des Transports terrestres et des Transports ferroviaires, le Ministre de l'Energie, le Ministre de l'Economie maritime, de la P\u00eache et des Transports maritimes, le Ministre de la D\u00e9centralisation et des Collectivit\u00e9s locales, le Ministre de l'Agriculture, de la Pisciculture et des Biocarburants, le Ministre de l'Artisanat, du Tourisme et des Relations avec le Secteur priv\u00e9 et le Secteur informel, le Ministre de l'Assainissement et de l'Hygi\u00e8ne publique, sont charg\u00e9s, chacun en ce qui le concerne, de l'ex\u00e9cution du pr\u00e9sent arr\u00eat\u00e9 qui sera publi\u00e9 au Journal officiel.<\/p>\n\n\n\n<p class=\"wp-block-paragraph\">Ma proposition est :<\/p>\n\n\n\n<ul class=\"wp-block-list\">\n<li>d\u2019activer ce CIM ;<\/li>\n\n\n\n<li>\u2060de renforcer son r\u00f4le de coordination horizontale de toutes les activit\u00e9s li\u00e9es directement ou indirectement \u00e0 la mer et aux autres \u00e9tendues marines et fluviales adjacentes, par la transformation de l\u2019arr\u00eat\u00e9 n* 1656 du 22 f\u00e9vrier 2010 en d\u00e9cret.<\/li>\n<\/ul>\n\n\n\n<p class=\"wp-block-paragraph\">Sign\u00e9 : Y\u00e9rim Thioube.<br>Vice-Pr\u00e9sident du Groupe Secteur priv\u00e9 et D\u00e9veloppement (GSPD), charg\u00e9 de l\u2019Economie bleue.<\/p>\n","protected":false},"excerpt":{"rendered":"<p>Pour \u00eatre efficace, le management strat\u00e9gique de cette \u201c\u00e9conomie dite bleue\u201d devrait relever de la Primature, et son management op\u00e9rationnel, du Minist\u00e8re charg\u00e9 des Affaires maritimes (MPIPM), principalement, en association avec d\u2019autres minist\u00e8res, notamment l\u2019Environnement, l\u2019Energie (petrole et gaz offshore, voire m\u00eame inshore en cas de proximit\u00e9 d\u2019avec des ressources aquatiques naturelles et artificielles), l\u2019Agriculture, [&hellip;]<\/p>\n","protected":false},"author":1,"featured_media":0,"comment_status":"open","ping_status":"open","sticky":false,"template":"","format":"standard","meta":{"_jetpack_newsletter_access":"","_jetpack_dont_email_post_to_subs":false,"_jetpack_newsletter_tier_id":0,"_jetpack_memberships_contains_paywalled_content":false,"_jetpack_memberships_contains_paid_content":false,"footnotes":""},"categories":[42],"tags":[],"class_list":["post-30136","post","type-post","status-publish","format-standard","hentry","category-economie"],"jetpack_featured_media_url":"","jetpack_sharing_enabled":true,"_links":{"self":[{"href":"https:\/\/rp221.com\/index.php?rest_route=\/wp\/v2\/posts\/30136","targetHints":{"allow":["GET"]}}],"collection":[{"href":"https:\/\/rp221.com\/index.php?rest_route=\/wp\/v2\/posts"}],"about":[{"href":"https:\/\/rp221.com\/index.php?rest_route=\/wp\/v2\/types\/post"}],"author":[{"embeddable":true,"href":"https:\/\/rp221.com\/index.php?rest_route=\/wp\/v2\/users\/1"}],"replies":[{"embeddable":true,"href":"https:\/\/rp221.com\/index.php?rest_route=%2Fwp%2Fv2%2Fcomments&post=30136"}],"version-history":[{"count":0,"href":"https:\/\/rp221.com\/index.php?rest_route=\/wp\/v2\/posts\/30136\/revisions"}],"wp:attachment":[{"href":"https:\/\/rp221.com\/index.php?rest_route=%2Fwp%2Fv2%2Fmedia&parent=30136"}],"wp:term":[{"taxonomy":"category","embeddable":true,"href":"https:\/\/rp221.com\/index.php?rest_route=%2Fwp%2Fv2%2Fcategories&post=30136"},{"taxonomy":"post_tag","embeddable":true,"href":"https:\/\/rp221.com\/index.php?rest_route=%2Fwp%2Fv2%2Ftags&post=30136"}],"curies":[{"name":"wp","href":"https:\/\/api.w.org\/{rel}","templated":true}]}}