{"id":30119,"date":"2024-07-27T12:24:41","date_gmt":"2024-07-27T12:24:41","guid":{"rendered":"https:\/\/rp221.com\/?p=30119"},"modified":"2024-07-27T18:04:46","modified_gmt":"2024-07-27T18:04:46","slug":"mitta-communique-de-presse-laeroport-ousmane-masseck-ndiaye-de-saint-louis-integre-lasecna-apres-une-decennie-de-tentatives-infructueuses","status":"publish","type":"post","link":"https:\/\/rp221.com\/?p=30119","title":{"rendered":"MITTA| Communiqu\u00e9 de Presse, L&rsquo;A\u00e9roport Ousmane Masseck NDIAYE de Saint-Louis int\u00e8gre l&rsquo;ASECNA apr\u00e8s une D\u00e9cennie de Tentatives Infructueuses"},"content":{"rendered":"\n<p class=\"wp-block-paragraph\">Ouagadougou, le 27 juillet 2024 \u2013 Apr\u00e8s une d\u00e9cennie de tentatives infructueuses, le Ministre El Malick NDIAYE et ses \u00e9quipes ont travaill\u00e9 d\u2019arrache-pied pour corriger les impairs et \u00e9changer intens\u00e9ment avec les autorit\u00e9s pendant trois mois, r\u00e9ussissant ainsi \u00e0 int\u00e9grer l\u2019a\u00e9roport de Saint-Louis \u00e0 l\u2019ASECNA. Cette r\u00e9alisation a \u00e9t\u00e9 officialis\u00e9e lors de la 73\u00e8me session du Comit\u00e9 des Ministres de l\u2019ASECNA, tenue le 26 juillet 2024 \u00e0 Ouagadougou, avec la participation de quinze ministres.<\/p>\n\n\n\n<p class=\"wp-block-paragraph\">Un point important de l\u2019ordre du jour \u00e9tait l\u2019examen de l\u2019int\u00e9gration de l\u2019a\u00e9roport de Saint-Louis (S\u00e9n\u00e9gal) \u00e0 l\u2019ASECNA, une demande introduite par le S\u00e9n\u00e9gal. Le Ministre S\u00e9n\u00e9galais a su convaincre ses pairs gr\u00e2ce au niveau satisfaisant de la mise aux normes de l\u2019OACI de l\u2019a\u00e9roport de Saint-Louis, condition indispensable pour son admission aux activit\u00e9s communautaires de l\u2019ASECNA.<\/p>\n\n\n\n<p class=\"wp-block-paragraph\">Le Comit\u00e9 des Ministres a ainsi adopt\u00e9 une r\u00e9solution pour inscrire l\u2019a\u00e9roport de Saint-Louis au titre des activit\u00e9s communautaires de l\u2019ASECNA \u00e0 partir du 1er janvier 2025. Cette d\u00e9cision majeure assurera une meilleure s\u00e9curit\u00e9 de la navigation a\u00e9rienne et permettra au S\u00e9n\u00e9gal de r\u00e9aliser des \u00e9conomies annuelles de pr\u00e8s de deux milliards de francs CFA, couvrant les charges de personnel, la maintenance et le calibrage des \u00e9quipements de navigation a\u00e9rienne, de m\u00e9t\u00e9orologie et de s\u00e9curit\u00e9 incendie.<\/p>\n\n\n\n<p class=\"wp-block-paragraph\">\u00c0 partir du 1er janvier 2025, l\u2019ASECNA prendra en charge la gestion des services de navigation a\u00e9rienne, tandis que AIBD SA continuera \u00e0 s\u2019occuper de la gestion commerciale de l\u2019a\u00e9rogare de Saint-Louis, en se concentrant sur sa croissance et le d\u00e9veloppement des activit\u00e9s connexes pour la r\u00e9alisation des a\u00e9ropoles.<\/p>\n\n\n\n<p class=\"wp-block-paragraph\">Le ministre a donn\u00e9 aussi son accord de principe pour l'int\u00e9gration prochaine de la Gambie, une fois les conditions remplies.<\/p>\n\n\n\n<p class=\"wp-block-paragraph\">L\u2019ASECNA, cr\u00e9\u00e9e \u00e0 Saint-Louis le 12 d\u00e9cembre 1959, compte aujourd'hui 19 \u00c9tats membres.<\/p>\n\n\n\n<p class=\"wp-block-paragraph\">La c\u00e9r\u00e9monie d\u2019ouverture de cette session a eu lieu en pr\u00e9sence du Premier Ministre du Burkina Faso. \u00c0 cette occasion, Monsieur An\u00fbuyirtole Roland SOMBA, Ministre Burkinab\u00e9 charg\u00e9 des Transports a\u00e9riens, a \u00e9t\u00e9 officiellement install\u00e9 en tant que nouveau Pr\u00e9sident du Comit\u00e9 des Ministres, succ\u00e9dant \u00e0 son homologue Congolais.<\/p>\n\n\n\n<p class=\"wp-block-paragraph\">Avant le d\u00e9but des travaux, les Ministres ont \u00e9t\u00e9 re\u00e7us par le Pr\u00e9sident Burkinab\u00e9, le Capitaine Ibrahim TRAORE, Chef de l\u2019\u00c9tat du Faso, et se sont recueillis au m\u00e9morial Thomas SANKARA.<\/p>\n\n\n\n<p class=\"wp-block-paragraph\">L\u2019examen et l\u2019approbation des rapports du comit\u00e9 des experts, r\u00e9unis le 25 juillet 2024 en pr\u00e9lude \u00e0 la session, ainsi que ceux du Pr\u00e9sident du Conseil d\u2019administration et du Directeur g\u00e9n\u00e9ral, ont permis des discussions approfondies sur des questions cruciales telles que la s\u00e9curit\u00e9, la gestion financi\u00e8re, les ressources humaines, les investissements, et le projet de ciel unique pour l\u2019Afrique.<\/p>\n","protected":false},"excerpt":{"rendered":"<p>Ouagadougou, le 27 juillet 2024 \u2013 Apr\u00e8s une d\u00e9cennie de tentatives infructueuses, le Ministre El Malick NDIAYE et ses \u00e9quipes ont travaill\u00e9 d\u2019arrache-pied pour corriger les impairs et \u00e9changer intens\u00e9ment avec les autorit\u00e9s pendant trois mois, r\u00e9ussissant ainsi \u00e0 int\u00e9grer l\u2019a\u00e9roport de Saint-Louis \u00e0 l\u2019ASECNA. Cette r\u00e9alisation a \u00e9t\u00e9 officialis\u00e9e lors de la 73\u00e8me session [&hellip;]<\/p>\n","protected":false},"author":1,"featured_media":0,"comment_status":"open","ping_status":"open","sticky":false,"template":"","format":"standard","meta":{"_jetpack_newsletter_access":"","_jetpack_dont_email_post_to_subs":false,"_jetpack_newsletter_tier_id":0,"_jetpack_memberships_contains_paywalled_content":false,"_jetpack_memberships_contains_paid_content":false,"footnotes":""},"categories":[42],"tags":[],"class_list":["post-30119","post","type-post","status-publish","format-standard","hentry","category-economie"],"jetpack_featured_media_url":"","jetpack_sharing_enabled":true,"_links":{"self":[{"href":"https:\/\/rp221.com\/index.php?rest_route=\/wp\/v2\/posts\/30119","targetHints":{"allow":["GET"]}}],"collection":[{"href":"https:\/\/rp221.com\/index.php?rest_route=\/wp\/v2\/posts"}],"about":[{"href":"https:\/\/rp221.com\/index.php?rest_route=\/wp\/v2\/types\/post"}],"author":[{"embeddable":true,"href":"https:\/\/rp221.com\/index.php?rest_route=\/wp\/v2\/users\/1"}],"replies":[{"embeddable":true,"href":"https:\/\/rp221.com\/index.php?rest_route=%2Fwp%2Fv2%2Fcomments&post=30119"}],"version-history":[{"count":0,"href":"https:\/\/rp221.com\/index.php?rest_route=\/wp\/v2\/posts\/30119\/revisions"}],"wp:attachment":[{"href":"https:\/\/rp221.com\/index.php?rest_route=%2Fwp%2Fv2%2Fmedia&parent=30119"}],"wp:term":[{"taxonomy":"category","embeddable":true,"href":"https:\/\/rp221.com\/index.php?rest_route=%2Fwp%2Fv2%2Fcategories&post=30119"},{"taxonomy":"post_tag","embeddable":true,"href":"https:\/\/rp221.com\/index.php?rest_route=%2Fwp%2Fv2%2Ftags&post=30119"}],"curies":[{"name":"wp","href":"https:\/\/api.w.org\/{rel}","templated":true}]}}