{"id":29870,"date":"2024-07-22T13:15:26","date_gmt":"2024-07-22T13:15:26","guid":{"rendered":"https:\/\/rp221.com\/?p=29870"},"modified":"2024-07-22T13:15:35","modified_gmt":"2024-07-22T13:15:35","slug":"coalition-des-confederations-syndicales-de-travailleuses-et-travailleurs-du-senegal-ccss","status":"publish","type":"post","link":"https:\/\/rp221.com\/?p=29870","title":{"rendered":"COALITION DES CONFEDERATIONS SYNDICALES DE TRAVAILLEUSES ET TRAVAILLEURS DU SENEGAL -CCSS &#8211;"},"content":{"rendered":"\n<p class=\"wp-block-paragraph\">Suite \u00e0 la d\u00e9cision du Ministre du travail infirmant l\u2019autorisation de licenciement des d\u00e9l\u00e9gu\u00e9s du personnel de la CBAO<br>La Coalition a pris connaissance de la d\u00e9cision du Ministre du travail, de l\u2019Emploi et des Relations avec les Institutions n\u00b0 960 du 19 juillet 2024 infirmant l\u2019autorisation n\u00b0 001319 IRTSS du 14 mars 2024 de licencier les trois d\u00e9l\u00e9gu\u00e9s du personnel de la CBAO en l\u2019occurrence Papa Doudou Tounkara, Mansour Diallo et Alioune Seck.<br>C\u2019est une d\u00e9cision salvatrice digne d\u2019\u00e9loge salu\u00e9e par l\u2019ensemble des travailleurs et les organisations syndicales qui aspirent \u00e0 la promotion des emplois d\u00e9cents et \u00e0 la pr\u00e9servation des droits des travailleurs et la sauvegarde des libert\u00e9s syndicales consacr\u00e9es par la constitution du S\u00e9n\u00e9gal et garantit par les Conventions fondamentales de l\u2019OIT notamment les conventions 87 et 98 sur les libert\u00e9s syndicales ratifi\u00e9es par l\u2019Etat du S\u00e9n\u00e9gal respectivement le 4 \/11\/ 1960 et le 28\/07\/1961.<br>Cet acte de haute port\u00e9e sociale illustre parfaitement la mat\u00e9rialisation des id\u00e9aux du Jub, Jubbal Jubbanti enclench\u00e9s sous le magist\u00e8re du Pr\u00e9sident de la R\u00e9publique Mr Bassirou Diomaye Diakhar Faye et de son Premier Ministre Monsieur Ousmane Sonko.<br>C\u2019est un signal fort pour tous les acteurs du monde du travail et doit \u00eatre suivi par la mise en place d\u2019un cadre de dialogue social appropri\u00e9 au sein de la CBAO dans un souci d\u2019apaisement et de renforcement du climat social.<br>La CCSS invite la Direction g\u00e9n\u00e9rale de la CBAO et toutes les parties prenantes \u00e0 travailler dans ce sens pour le retour \u00e0 la paix sociale, la consolidation des acquis, le d\u00e9veloppement de l\u2019outil de travail et l\u2019\u00e9panouissement des travailleurs.<br>Fait \u00e0 Dakar, le 22 juillet 2024<br>La Coalition<\/p>\n","protected":false},"excerpt":{"rendered":"<p>Suite \u00e0 la d\u00e9cision du Ministre du travail infirmant l\u2019autorisation de licenciement des d\u00e9l\u00e9gu\u00e9s du personnel de la CBAOLa Coalition a pris connaissance de la d\u00e9cision du Ministre du travail, de l\u2019Emploi et des Relations avec les Institutions n\u00b0 960 du 19 juillet 2024 infirmant l\u2019autorisation n\u00b0 001319 IRTSS du 14 mars 2024 de licencier [&hellip;]<\/p>\n","protected":false},"author":1,"featured_media":0,"comment_status":"open","ping_status":"open","sticky":false,"template":"","format":"standard","meta":{"_jetpack_newsletter_access":"","_jetpack_dont_email_post_to_subs":false,"_jetpack_newsletter_tier_id":0,"_jetpack_memberships_contains_paywalled_content":false,"_jetpack_memberships_contains_paid_content":false,"footnotes":""},"categories":[42],"tags":[],"class_list":["post-29870","post","type-post","status-publish","format-standard","hentry","category-economie"],"jetpack_featured_media_url":"","jetpack_sharing_enabled":true,"_links":{"self":[{"href":"https:\/\/rp221.com\/index.php?rest_route=\/wp\/v2\/posts\/29870","targetHints":{"allow":["GET"]}}],"collection":[{"href":"https:\/\/rp221.com\/index.php?rest_route=\/wp\/v2\/posts"}],"about":[{"href":"https:\/\/rp221.com\/index.php?rest_route=\/wp\/v2\/types\/post"}],"author":[{"embeddable":true,"href":"https:\/\/rp221.com\/index.php?rest_route=\/wp\/v2\/users\/1"}],"replies":[{"embeddable":true,"href":"https:\/\/rp221.com\/index.php?rest_route=%2Fwp%2Fv2%2Fcomments&post=29870"}],"version-history":[{"count":0,"href":"https:\/\/rp221.com\/index.php?rest_route=\/wp\/v2\/posts\/29870\/revisions"}],"wp:attachment":[{"href":"https:\/\/rp221.com\/index.php?rest_route=%2Fwp%2Fv2%2Fmedia&parent=29870"}],"wp:term":[{"taxonomy":"category","embeddable":true,"href":"https:\/\/rp221.com\/index.php?rest_route=%2Fwp%2Fv2%2Fcategories&post=29870"},{"taxonomy":"post_tag","embeddable":true,"href":"https:\/\/rp221.com\/index.php?rest_route=%2Fwp%2Fv2%2Ftags&post=29870"}],"curies":[{"name":"wp","href":"https:\/\/api.w.org\/{rel}","templated":true}]}}