{"id":29378,"date":"2024-07-09T14:10:43","date_gmt":"2024-07-09T14:10:43","guid":{"rendered":"https:\/\/rp221.com\/?p=29378"},"modified":"2024-07-09T14:11:27","modified_gmt":"2024-07-09T14:11:27","slug":"aes-cedeao-sonko-diomaye-invites-a-operer-la-reconnexion","status":"publish","type":"post","link":"https:\/\/rp221.com\/?p=29378","title":{"rendered":"AES \/ CEDEAO : \u00ab\u00a0SONKO \u2013 DIOMAYE\u00a0\u00bb invit\u00e9s \u00e0 op\u00e9rer la reconnexion !"},"content":{"rendered":"\n<p class=\"wp-block-paragraph\">Excellence, Monsieur Le Pr\u00e9sident de la R\u00e9publique, Bassirou Diomaye Diakhar FAYE et Monsieur Le Premier Ministre, Ousmane SONKO :<\/p>\n\n\n\n<p class=\"wp-block-paragraph\">C\u2019est avec beaucoup de regrets que nous avons appris sans surprise que les pays de l\u2019Alliance des Etats du Sahel (AES) ont pris la ferme d\u00e9cision de tourner \"irr\u00e9vocablement le dos \u00e0 la Communaut\u00e9 Economique des Etats de l\u2019Afrique de l\u2019Ouest (CEDEAO)\".<\/p>\n\n\n\n<p class=\"wp-block-paragraph\">Pour rappel, l\u2019annonce a \u00e9t\u00e9 faite ce week-end (Samedi 06 juillet 2024) \u00e0 Niamey par le Son Excellence le G\u00e9n\u00e9ral de Brigade Abdourahmane TIANI, Pr\u00e9sident du Conseil National pour la Sauvegarde de la Patrie, Chef de l\u2019Etat du Niger, en pr\u00e9sence de Son Excellence le Colonel Assimi GOITA, Pr\u00e9sident de la Transition, Chef de l\u2019Etat du Mali et de Son Excellence le Capitaine Ibrahim TRAORE, Pr\u00e9sident du Faso, Chef de l\u2019Etat, lors du Premier Sommet des Chefs d\u2019Etats de l\u2019AES, actant en m\u00eame temps la cr\u00e9ation de la \"Conf\u00e9d\u00e9ration de l\u2019AES\".<\/p>\n\n\n\n<p class=\"wp-block-paragraph\">Cette annonce survient dans un contexte o\u00f9 Dakar multiplie les efforts pour reconnecter les pays de l\u2019AES au reste de la CEDEAO, qui a besoin de faire sa mue pour mieux endiguer les p\u00e9rils qui minent la sous-r\u00e9gion.<\/p>\n\n\n\n<p class=\"wp-block-paragraph\">Nous les f\u00e9licitons pour avoir r\u00e9ussi la cr\u00e9ation de cette Conf\u00e9d\u00e9ration et leur souhaitons bonne chance.<\/p>\n\n\n\n<p class=\"wp-block-paragraph\">\u25aa \"Diomaye mooy Sonko\" et \"Sonko mooy Diomaye\"<br>Excellence, Monsieur Le Pr\u00e9sident de la R\u00e9publique, Bassirou Diomaye Diakhar FAYE et Monsieur Le Premier Ministre, Ousmane SONKO : C\u2019est bien parce que \"Diomaye mooy Sonko\" et vice versa \"Sonko mooy Diomaye\", que je m\u2019adresse, \u00e0 la fois et en m\u00eame temps \u00e0 vous, bien que reconnaissant et respectant notre Constitution qui stipule, plus ou moins, que la diplomatie est du domaine exclusif du Pr\u00e9sident de la R\u00e9publique, pour (vous) dire que Nos fr\u00e8res et s\u0153urs de l\u2019Alliance des Etats du Sahel (AES), notamment le Burkina Faso, le Mali et le Niger attendent beaucoup de Vous et de Nous, le Peuple S\u00e9n\u00e9galais.<\/p>\n\n\n\n<p class=\"wp-block-paragraph\">N\u00e9anmoins, je fais partie de ces s\u00e9n\u00e9galais qui pr\u00f4nent le dynamisme et l\u2019\u00e9volution que nous impose la r\u00e9alit\u00e9 politique issue des derni\u00e8res \u00e9lections pr\u00e9sidentielles plut\u00f4t que de faire du surplace. Cette situation in\u00e9dite a donn\u00e9 beaucoup d\u2019espoir au Peuple et au-del\u00e0, partout en Afrique et surtout dans cet espace de la CEDEAO.<\/p>\n\n\n\n<p class=\"wp-block-paragraph\">Excellence, Monsieur Le Pr\u00e9sident de la R\u00e9publique, et Monsieur Le Premier Ministre, non seulement une bonne partie du territoire du S\u00e9n\u00e9gal se trouve g\u00e9ographiquement dans le \"Sahel\", mais nous partageons avec ces trois (03) pays et les peuples fr\u00e8res de l\u2019AES, les m\u00eames destins, les m\u00eames conditions et les m\u00eames espoirs.<\/p>\n\n\n\n<p class=\"wp-block-paragraph\">Je vais survoler le cas du Mali qui est beaucoup plus \u00e9vident compte tenu du fait que l\u2019on partage avec lui \"Un m\u00eame Peuple, Un m\u00eame But et Une m\u00eame Foi\", pour parler de ceux du Burkina Faso et du Niger. En effet, ce qui lie le S\u00e9n\u00e9gal et le Mali \u00e0 travers l\u2019histoire, la g\u00e9ographie et le peuplement, d\u00e9passe les contingences actuelles.<\/p>\n\n\n\n<p class=\"wp-block-paragraph\">\u25aa L\u2019attente et l\u2019espoir des pays-fr\u00e8res de l\u2019AES envers le S\u00e9n\u00e9gal<br>Excellence, Monsieur Le Pr\u00e9sident de la R\u00e9publique, et Monsieur Le Premier Ministre, je n\u2019ai pas la pr\u00e9tention de connaitre l\u2019agenda des dirigeants de ces pays-fr\u00e8res ou d\u2019\u00eatre dans le secret des autorit\u00e9s politiques. Mais je puis vous dire que j\u2019ai une bonne connaissance de ces peuples. En effet, depuis bient\u00f4t trois (03) ans, j\u2019ai eu l\u2019opportunit\u00e9 de visiter plusieurs fois ces pays, d\u2019y travailler dans les capitales, mais aussi dans les zones rurales, d\u2019\u00e9changer avec les populations de toutes couches sociales, les fonctionnaires des administrations, etc.<\/p>\n\n\n\n<p class=\"wp-block-paragraph\">D\u00e9j\u00e0, pour le cas du Niger, avant le 26 juillet 2023, j\u2019avais d\u00e9j\u00e0 senti que les populations dans leur grande majorit\u00e9 \u00e9taient attir\u00e9es par le vent de changement venu du Burkina et du Mali avec qui ils partagent la m\u00eame crise s\u00e9curitaire au Sahel.<\/p>\n\n\n\n<p class=\"wp-block-paragraph\">Actuellement, nous pouvons sentir que partout en Afrique, particuli\u00e8rement en Afrique de l\u2019Ouest nos Peuples, surtout les jeunes, r\u00e9clament beaucoup plus de responsabilit\u00e9 et de souverainet\u00e9 \u00e0 leurs dirigeants.<\/p>\n\n\n\n<p class=\"wp-block-paragraph\">En outre, m\u00eame si je ne suis pas pour le \"d\u00e9gagisme populiste\" \u00e0 l\u2019endroit de la France, car nous aussi avons notre part de responsabilit\u00e9, je reste convaincu que le S\u00e9n\u00e9gal doit \u00eatre parmi le peloton de t\u00eate des Etats qui incarne cette soif de changement et souverainet\u00e9 de la jeunesse et des populations africaines.<\/p>\n\n\n\n<p class=\"wp-block-paragraph\">\u25aa Le S\u00e9n\u00e9gal ne doit pas manquer ce combat, ce rendez-vous !<br>Excellence, Monsieur Le Pr\u00e9sident de la R\u00e9publique, et Monsieur Le Premier Ministre, c\u2019est clair et affirm\u00e9, les trois (03) pays de l\u2019AES, ne reviendront pas de sit\u00f4t au sein de la CEDEAO, dans sa forme et son fonctionnement actuels. Ne nous ber\u00e7ons pas d\u2019illusions, car le mal est profond, les liens qui nous unissaient et nous unissent encore ont \u00e9t\u00e9 malmen\u00e9s par les d\u00e9clarations va-t\u2019en guerre, les menaces d\u2019invasions militaires et surtout, oui surtout, les sanctions \u00e9conomiques. Ces derni\u00e8res qualifi\u00e9es \u00e0 plusieurs reprises, d\u2019\"inhumaines\" et per\u00e7ues comme \u00e9tant t\u00e9l\u00e9command\u00e9es par certaines puissances \u00e9trang\u00e8res, ont fatalement rompu les liens de confiance. Cependant je puis vous assurer que les c\u0153urs sont rest\u00e9s mutuellement ouverts. Nous le ressentons, comme le dit l\u2019adage wolof \"Xol dey guiss\u00e9\".<\/p>\n\n\n\n<p class=\"wp-block-paragraph\">Excellence, Monsieur Le Pr\u00e9sident de la R\u00e9publique, et Monsieur Le Premier Ministre, malgr\u00e9 tout cela, je pense et j\u2019ai espoir que cette crise peut \u00eatre surmont\u00e9e, que le S\u00e9n\u00e9gal est en mesure de r\u00e9ussir ce pari. En effet, on peut, sans risque de se tromper, soutenir que le S\u00e9n\u00e9gal peut d\u00e9ployer de nombreux efforts pour pacifier cet espace g\u00e9opolitique.<\/p>\n\n\n\n<p class=\"wp-block-paragraph\">\u25aa L\u2019invitation au S\u00e9n\u00e9gal de rejoindre l\u2019AES<br>Excellence, Monsieur Le Pr\u00e9sident de la R\u00e9publique, et Monsieur Le Premier Ministre, le S\u00e9n\u00e9galais se fait rapidement reconnaitre en tant que tel lorsqu\u2019il voyage dans la sous-r\u00e9gion. En effet, si pour certains, le S\u00e9n\u00e9galais se reconnait par la \"noirceur \u00e9b\u00e8ne\" de sa peau ou par sa plus ou moins grande taille, nous devons s\u00fbrement ce pr\u00e9jug\u00e9 aux cousins\/esclaves \"S\u00e9r\u00e8res\" (toutes cat\u00e9gories confondues) ou aux \"Di\u00e9dhiou\" (je ne parle pas des autres \"Diolas\"), pour d\u2019autres c\u2019est par notre \"accent\" si particulier.<\/p>\n\n\n\n<p class=\"wp-block-paragraph\">Si le premier crit\u00e8re est quelque fois faillible, le S\u00e9n\u00e9gal \u00e9tant cosmopolite, le second ne faillit presque jamais. A tous les contacts, il suffit de prononcer un simple \"Bonjour\" pour que l\u2019on se fasse rep\u00e9rer et dire \"Toi tu es S\u00e9n\u00e9galais\". En effet, nous avons un accent si \"unique\" qui ne trahit jamais, s\u00fbrement imprim\u00e9 par la langue \"Wolof\" et\/ou le \"Thi\u00e9bou djeun\".<\/p>\n\n\n\n<p class=\"wp-block-paragraph\">Excellence, Monsieur Le Pr\u00e9sident de la R\u00e9publique, et Monsieur Le Premier Ministre, \u00e0 plusieurs occasions, apr\u00e8s avoir \u00e9t\u00e9 identifi\u00e9 comme tel, je me suis fait interpeller de la sorte : \"Ah ! toi le S\u00e9n\u00e9galais, on vous attend \u00e0 l\u2019AES\", ou bien \"Il faut dire \u00e0 Diomaye et \u00e0 Sonko de nous rejoindre au sein de l\u2019AES, nous sommes vos fr\u00e8res\". Ainsi s\u2019engageaient des discussions souvent passionnantes et interminables.<\/p>\n\n\n\n<p class=\"wp-block-paragraph\">Excellence, Monsieur Le Pr\u00e9sident de la R\u00e9publique, \u00e9videmment, vous l\u2019avez affirm\u00e9, le S\u00e9n\u00e9gal, en qualit\u00e9 de membre fondateur, ne va pas sortir de la CEDEAO pour int\u00e9grer l\u2019AES, mais le S\u00e9n\u00e9gal peut impulser une profonde r\u00e9forme et inviter nos fr\u00e8res de l\u2019AES \u00e0 reconstruire ensemble, sur la base de ce que la CEDEAO a r\u00e9ussi, une nouvelle organisation sous r\u00e9gionale prenant en compte nos aspirations communes et luttant ensemble contre l\u2019imp\u00e9rialisme sous toutes ses formes, dont le plus d\u00e9vastateur : le terrorisme.<\/p>\n\n\n\n<p class=\"wp-block-paragraph\">\u25aa La CEDEAO, l\u2019AES et le deadline du 31 d\u00e9cembre 2024<br>Excellence, Monsieur Le Pr\u00e9sident de la R\u00e9publique, reconnaissons-le sans \u00e9quivoque, la CEDEAO a atteint ses limites dans la gestion des crises politiques dans son espace. M\u00eame si elle reste performante dans les secteurs de l\u2019\u00e9conomie, de la sant\u00e9, de l\u2019\u00e9nergie, de la circulation des biens et des personnes, etc., cette d\u00e9faillance politique la handicape lourdement.<\/p>\n\n\n\n<p class=\"wp-block-paragraph\">En effet, si l\u2019on s\u2019emporte all\u00e8grement \u00e0 condamner les \"Coups d\u2019Etat militaires\" pourtant souvent \"approuv\u00e9s et soutenus\" par les peuples, il faudrait aussi d\u00e9noncer, pour garder l\u2019\u00e9quilibre, les \"coup d\u2019Etat institutionnels\" qui sont \u00e9galement l\u00e9gions dans la CEDEAO. Cette situation de deux poids, deux mesures est r\u00e9ellement un probl\u00e8me.<\/p>\n\n\n\n<p class=\"wp-block-paragraph\">De ce point de vue, nous pensons que les chefs d\u2019Etat issus de ces r\u00e9gimes sont tout \u00e0 fait l\u00e9gitimes, \u00e9tant port\u00e9s par leurs Peuples.<\/p>\n\n\n\n<p class=\"wp-block-paragraph\">En revanche, m\u00eame si tout n\u2019est pas parfait, il faudrait s\u2019atteler \u00e0 la r\u00e9former en profondeur avec nos fr\u00e8res de l\u2019AES et le S\u00e9n\u00e9gal au premier plan en tant que porteur de ce projet.<\/p>\n\n\n\n<p class=\"wp-block-paragraph\">Fr\u00e8res de l\u2019AES, nous vous comprenons nous allons continuer \u00e0 \u00eatre ensemble. La corde qui nous lie se tend, mais ne rompra pas !<\/p>\n\n\n\n<p class=\"wp-block-paragraph\">\u25aa L\u2019occasion pour le S\u00e9n\u00e9gal de passer du statut de puissance \u00e0 superpuissance diplomatique<br>Excellence, Monsieur Le Pr\u00e9sident de la R\u00e9publique, je ne suis pas de ceux qui pensent que la proposition \u00e0 vous faite de prendre la Pr\u00e9sidence de la CEDEAO soit un \"cadeau empoisonn\u00e9\" ou pr\u00e9matur\u00e9e eu \u00e9gard \u00e0 votre jeunesse ou \u00e0 la situation actuelle que vit l\u2019organisation. Je suis plut\u00f4t d\u2019avis que c\u2019est une excellente occasion pour le S\u00e9n\u00e9gal, pour la jeunesse de l\u2019Afrique de l\u2019Ouest de s\u2019engager r\u00e9solument vers les r\u00e9formes n\u00e9cessaires de la CEDEAO.<\/p>\n\n\n\n<p class=\"wp-block-paragraph\">En effet, Dakar ne cesse de confirmer son statut de puissance diplomatique au plan sous-r\u00e9gional et consolide ainsi la diplomatie de bon voisinage \u00e9rig\u00e9 en dogme.<\/p>\n\n\n\n<p class=\"wp-block-paragraph\">Excellence, Monsieur Le Pr\u00e9sident de la R\u00e9publique, je vous prie de bien vouloir accepter de prendre la Pr\u00e9sidence de la CEDEAO afin de r\u00e9affirmer et de consolider le statut du S\u00e9n\u00e9gal qui doit passer d\u2019une situation de puissance \u00e0 celle de superpuissance diplomatique, en r\u00e9alisant les cinq (05) objectifs suivants :<\/p>\n\n\n\n<ol class=\"wp-block-list\">\n<li>Faire du S\u00e9n\u00e9gal un pays-arbitre comme la Suisse ;<\/li>\n\n\n\n<li>Reconnecter l\u2019AES, en tant que nouvelle entit\u00e9 sous r\u00e9gionale \"Conf\u00e9d\u00e9ration\", au reste de la CEDEAO ;<\/li>\n\n\n\n<li>Engager le projet de r\u00e9forme de la CEDEAO et\/ou de cr\u00e9ation d\u2019une nouvelle organisation sous r\u00e9gionale ;<\/li>\n\n\n\n<li>Lutter ensemble avec nos fr\u00e8res de l\u2019AES contre le terrorisme dans le Sahel ;<\/li>\n\n\n\n<li>Et Renforcer le patriotisme \u00e9conomique sous-r\u00e9gional.<br>Enfin, Monsieur Le Premier Ministre Ousmane SONKO, Pr\u00e9sident du PASTEF, veuillez continuer \u00e0 garder cette identit\u00e9 PATRIOTIQUE et surtout PANAFRICAINE du PASTEF, pour en faire son ADN unique.<\/li>\n<\/ol>\n\n\n\n<p class=\"wp-block-paragraph\">Boubacar DIALLO<\/p>\n\n\n\n<p class=\"wp-block-paragraph\">Pr\u00e9sident du parti Nouvelle Vision pour le S\u00e9n\u00e9gal (NVS)<\/p>\n\n\n\n<p class=\"wp-block-paragraph\">G\u00e9ographe, Sp\u00e9cialiste S\u00e9nior en Conformit\u00e9 et Sauvegarde Sociale, ESG et R\u00e9installation.<\/p>\n\n\n\n<p class=\"wp-block-paragraph\">(+221) 77 568 15 90<\/p>\n\n\n\n<p class=\"wp-block-paragraph\">tbbdiallo@gmail.com<\/p>\n","protected":false},"excerpt":{"rendered":"<p>Excellence, Monsieur Le Pr\u00e9sident de la R\u00e9publique, Bassirou Diomaye Diakhar FAYE et Monsieur Le Premier Ministre, Ousmane SONKO : C\u2019est avec beaucoup de regrets que nous avons appris sans surprise que les pays de l\u2019Alliance des Etats du Sahel (AES) ont pris la ferme d\u00e9cision de tourner \u00ab\u00a0irr\u00e9vocablement le dos \u00e0 la Communaut\u00e9 Economique des [&hellip;]<\/p>\n","protected":false},"author":1,"featured_media":0,"comment_status":"open","ping_status":"closed","sticky":false,"template":"","format":"standard","meta":{"_jetpack_newsletter_access":"","_jetpack_dont_email_post_to_subs":false,"_jetpack_newsletter_tier_id":0,"_jetpack_memberships_contains_paywalled_content":false,"_jetpack_memberships_contains_paid_content":false,"footnotes":""},"categories":[42],"tags":[],"class_list":["post-29378","post","type-post","status-publish","format-standard","hentry","category-economie"],"jetpack_featured_media_url":"","jetpack_sharing_enabled":true,"_links":{"self":[{"href":"https:\/\/rp221.com\/index.php?rest_route=\/wp\/v2\/posts\/29378","targetHints":{"allow":["GET"]}}],"collection":[{"href":"https:\/\/rp221.com\/index.php?rest_route=\/wp\/v2\/posts"}],"about":[{"href":"https:\/\/rp221.com\/index.php?rest_route=\/wp\/v2\/types\/post"}],"author":[{"embeddable":true,"href":"https:\/\/rp221.com\/index.php?rest_route=\/wp\/v2\/users\/1"}],"replies":[{"embeddable":true,"href":"https:\/\/rp221.com\/index.php?rest_route=%2Fwp%2Fv2%2Fcomments&post=29378"}],"version-history":[{"count":0,"href":"https:\/\/rp221.com\/index.php?rest_route=\/wp\/v2\/posts\/29378\/revisions"}],"wp:attachment":[{"href":"https:\/\/rp221.com\/index.php?rest_route=%2Fwp%2Fv2%2Fmedia&parent=29378"}],"wp:term":[{"taxonomy":"category","embeddable":true,"href":"https:\/\/rp221.com\/index.php?rest_route=%2Fwp%2Fv2%2Fcategories&post=29378"},{"taxonomy":"post_tag","embeddable":true,"href":"https:\/\/rp221.com\/index.php?rest_route=%2Fwp%2Fv2%2Ftags&post=29378"}],"curies":[{"name":"wp","href":"https:\/\/api.w.org\/{rel}","templated":true}]}}