{"id":29090,"date":"2024-06-28T12:53:58","date_gmt":"2024-06-28T12:53:58","guid":{"rendered":"https:\/\/rp221.com\/?p=29090"},"modified":"2024-06-28T12:54:00","modified_gmt":"2024-06-28T12:54:00","slug":"chers-compatriotes-ce-jeudi-jai-eu-lhonneur-de-presider-louverture-des-assises-de-lentreprise-regroupant-les-acteurs-majeurs-de-notre-economie-en-tant-que-ministr","status":"publish","type":"post","link":"https:\/\/rp221.com\/?p=29090","title":{"rendered":"Chers compatriotes. Ce jeudi, j\u2019ai eu l\u2019honneur de pr\u00e9sider l\u2019ouverture des assises de l\u2019entreprise regroupant les acteurs majeurs de notre \u00e9conomie.En tant que Ministre de l&rsquo;Industrie et du Commerce, j\u2019ai tenu \u00e0 exprimer toute la reconnaissance du gouvernement pour le r\u00f4le essentiel que joue les industriels dans le d\u00e9veloppement de notre pays."},"content":{"rendered":"\n<p class=\"wp-block-paragraph\">\u00c9tant moi m\u00eame du monde industriel, je suis particuli\u00e8rement conscient des d\u00e9fis que rencontrent les entreprises au quotidien que cela soit la concurrence internationale, l\u2019instabilit\u00e9 \u00e9conomique en encore, la pression r\u00e9glementaire. C'est pourquoi il me semble essentiel de mette en place des mesures concr\u00e8tes pour faciliter leur d\u00e9veloppement et leur p\u00e9rennit\u00e9, en favorisant l'acc\u00e8s au financement, en simplifiant les d\u00e9marches administratives et en renfor\u00e7ant l'attractivit\u00e9 de notre pays pour les investissements internationaux tout en veillant \u00e0 prot\u00e9ger le consommateurs et le march\u00e9 s\u00e9n\u00e9galais.<\/p>\n\n\n\n<p class=\"wp-block-paragraph\">La relance de l\u2019industrie nationale est un facteur cl\u00e9 pour atteindre l\u2019objectif du Chef de l\u2019Etat Bassirou Diomaye Faye et du premier Ministre Ousmane Sonko d\u2019atteindre la souverainet\u00e9 alimentaire. Cette souverainet\u00e9 alimentaire et \u00e9conomique devra reposer sur la valorisation du potentiel industriel national et la densification du tissu industriel en Grandes, Petites et Moyennes industries. C\u2019est dans ce sens que nous sommes en train de mettre en \u0153uvre le plan d'industrialisation du S\u00e9n\u00e9gal. Ce plan inclut l'implantation des 8 zones industrielles et commerciales dans les 8 p\u00f4les du projet, 14 ensuite puis 46 zones industrielles, agropoles et centre de formation dans les 46 d\u00e9partements.<\/p>\n\n\n\n<p class=\"wp-block-paragraph\">Par ailleurs, j\u2019ai saisi l\u2019occasion pour annoncer la tenue prochaine des Assises de l\u2019industrie et du commerce. Ces assises nationales de l'industrie permettront au minist\u00e8re de l'industrie et du commerce de r\u00e9unir les acteurs cl\u00e9s du secteur industriel au niveau national afin de discuter des enjeux, des d\u00e9fis et des opportunit\u00e9s qui se pr\u00e9sentent \u00e0 l'industrie. Elles serviront \u00e0 identifier les besoins du secteur, \u00e0 formuler des recommandations et des politiques publiques, \u00e0 favoriser la collaboration entre les acteurs et \u00e0 promouvoir le d\u00e9veloppement de l'industrie nationale.<br>Par ailleurs nous comptons mettre en place un fond de soutien aux industries visant \u00e0 stimuler l'innovation et la diversification de l'\u00e9conomie, en offrant un soutien financier et\/ou des incitations aux entreprises du secteur.<\/p>\n","protected":false},"excerpt":{"rendered":"<p>\u00c9tant moi m\u00eame du monde industriel, je suis particuli\u00e8rement conscient des d\u00e9fis que rencontrent les entreprises au quotidien que cela soit la concurrence internationale, l\u2019instabilit\u00e9 \u00e9conomique en encore, la pression r\u00e9glementaire. C&rsquo;est pourquoi il me semble essentiel de mette en place des mesures concr\u00e8tes pour faciliter leur d\u00e9veloppement et leur p\u00e9rennit\u00e9, en favorisant l&rsquo;acc\u00e8s au [&hellip;]<\/p>\n","protected":false},"author":1,"featured_media":0,"comment_status":"open","ping_status":"closed","sticky":false,"template":"","format":"standard","meta":{"_jetpack_newsletter_access":"","_jetpack_dont_email_post_to_subs":false,"_jetpack_newsletter_tier_id":0,"_jetpack_memberships_contains_paywalled_content":false,"_jetpack_memberships_contains_paid_content":false,"footnotes":""},"categories":[42],"tags":[],"class_list":["post-29090","post","type-post","status-publish","format-standard","hentry","category-economie"],"jetpack_featured_media_url":"","jetpack_sharing_enabled":true,"_links":{"self":[{"href":"https:\/\/rp221.com\/index.php?rest_route=\/wp\/v2\/posts\/29090","targetHints":{"allow":["GET"]}}],"collection":[{"href":"https:\/\/rp221.com\/index.php?rest_route=\/wp\/v2\/posts"}],"about":[{"href":"https:\/\/rp221.com\/index.php?rest_route=\/wp\/v2\/types\/post"}],"author":[{"embeddable":true,"href":"https:\/\/rp221.com\/index.php?rest_route=\/wp\/v2\/users\/1"}],"replies":[{"embeddable":true,"href":"https:\/\/rp221.com\/index.php?rest_route=%2Fwp%2Fv2%2Fcomments&post=29090"}],"version-history":[{"count":0,"href":"https:\/\/rp221.com\/index.php?rest_route=\/wp\/v2\/posts\/29090\/revisions"}],"wp:attachment":[{"href":"https:\/\/rp221.com\/index.php?rest_route=%2Fwp%2Fv2%2Fmedia&parent=29090"}],"wp:term":[{"taxonomy":"category","embeddable":true,"href":"https:\/\/rp221.com\/index.php?rest_route=%2Fwp%2Fv2%2Fcategories&post=29090"},{"taxonomy":"post_tag","embeddable":true,"href":"https:\/\/rp221.com\/index.php?rest_route=%2Fwp%2Fv2%2Ftags&post=29090"}],"curies":[{"name":"wp","href":"https:\/\/api.w.org\/{rel}","templated":true}]}}