{"id":2895,"date":"2022-09-19T22:06:26","date_gmt":"2022-09-19T22:06:26","guid":{"rendered":"https:\/\/rp221.com\/?p=2895"},"modified":"2022-09-19T22:06:30","modified_gmt":"2022-09-19T22:06:30","slug":"alassane-seck-lsdh-le-president-a-assez-teste-amadou-ba-assez-frequente-pour-savoir-son-caractere","status":"publish","type":"post","link":"https:\/\/rp221.com\/?p=2895","title":{"rendered":"Alassane Seck (LSDH) : \u00abLe pr\u00e9sident a assez test\u00e9 (Amadou Ba), assez fr\u00e9quent\u00e9 pour savoir son caract\u00e8re\u2026\u00a0\u00bb"},"content":{"rendered":"\n<h3 class=\"red\"><strong><em>Alassane Seck (LSDH) : \u00abLe pr\u00e9sident a assez test\u00e9 (Amadou Ba), assez fr\u00e9quent\u00e9 pour savoir son caract\u00e8re\u2026\u00a0\u00bb<\/em><\/strong><\/h3>\n<strong><a href=\"https:\/\/senego.com\" data-saferedirecturl=\"https:\/\/www.google.com\/url?hl=fr&amp;q=https:\/\/senego.com&amp;source=gmail&amp;ust=1663691116464000&amp;usg=AOvVaw2esbg0Pofjr2bNbqwV70Pl\">https:\/\/senego.com<\/a>  \u00ab\u00a0<\/strong><em>Amadou Ba a le profil de l\u2019emploi\u2026<\/em><strong>\u00ab \u00a0, d\u2019apr\u00e8s le pr\u00e9sident de la Ligue s\u00e9n\u00e9galaise des droits humains (LSDH). Invit\u00e9 de l\u2019\u00e9mission J.D.D de ce dimanche, Alassane Seck a donn\u00e9 son avis sur la nomination de Amadou Ba comme Premier ministre. Un choix du Pr\u00e9sident Macky Sall qu\u2019il a d\u2019ailleurs approuv\u00e9.\u00a0<\/strong>\n<h4 class=\"blue\"><strong><em>Profil de l\u2019emploi\u2026<\/em><\/strong><\/h4>\n\u00ab\u00a0<em>On peut s\u2019en f\u00e9liciter\u2026 Je pense qu\u2019Amadou Ba a le profil de l\u2019emploi par rapport \u00e0 son parcours professionnel. D\u2019abord Directeur g\u00e9n\u00e9ral des imp\u00f4ts et domaines (Dgid), ensuite ministre des Finances, pendant presque 8 ans et enfin ministre des Affaires \u00e9trang\u00e8res. Il a fait ses preuves dans les diff\u00e9rents postes qu\u2019il a occup\u00e9s. C\u2019est une personne qui n\u2019est pas dans les pol\u00e9miques, les \u00e9carts de langage. Il est courtois, poli.<\/em>\n<em>On peut se f\u00e9liciter qu\u2019une personne comme celle-l\u00e0 puisse aujourd\u2019hui acc\u00e9der \u00e0 cette position-l\u00e0. Parce que c\u2019est une position tr\u00e8s sensible<\/em>\u00ab\u00a0, souligne Alassane Seck.\n<h4 class=\"blue\"><strong><em>Profil assez pond\u00e9r\u00e9\u2026<\/em><\/strong><\/h4>\nQui poursuit : \u00ab\u00a0<em>Il peut faire bouger les lignes. Parce qu\u2019il a d\u00e9j\u00e0 un profil assez pond\u00e9r\u00e9. Il a de bonnes relations avec tout le monde. C\u2019est quelqu\u2019un qui ne cherche pas les difficult\u00e9s. Il fera l\u2019affaire par rapport au contexte du pays qui est difficile<\/em>\u00ab\u00a0.\n<h4 class=\"blue\"><strong><em>Dauphin de Macky\u2026?<\/em><\/strong><\/h4>\n\u00ab\u00a0<em>Le pr\u00e9sident Macky Sall l\u2019a assez test\u00e9, assez fr\u00e9quent\u00e9 pour savoir son caract\u00e8re. Par cons\u00e9quent, il a choisi la bonne personne, \u00e0 la bonne place. D\u2019autant plus qu\u2019il a pris tout son temps, quand m\u00eame, neuf mois, ce n\u2019est pas rien pour placer quelqu\u2019un \u00e0 ce poste important. On peut avoir un pr\u00e9jug\u00e9 favorable par rapport \u00e0 sa pratique de l\u2019\u00c9tat. Tout \u00e7a fait que son image est positive (\u2026) Je pense que si demain on cherchait un dauphin ou quelqu\u2019un qui pourrait remplacer le pr\u00e9sident (Macky Sall), Amadou Ba ferait une bonne personnalit\u00e9<\/em>\u00ab\u00a0, analyse-t-il.\n<h4 class=\"blue\"><strong><em>La face cach\u00e9e du nouveau Premier ministre Amadou Ba\u2026<\/em><\/strong><\/h4>\n<strong>Seneweb- Le nouveau premier ministre Amadou Ba passe pour quelqu\u2019un qui a d\u00e9but\u00e9 en politique avec l\u2019av\u00e8nement de Macky Sall. Nos confr\u00e8res de Seneweb ont travaill\u00e9 sur un portrait-enqu\u00eate et nous livre son vrai visage. Les entretiens ont eu lieu en 2018, quand il \u00e9tait au sommet de sa puissance en tant que ministre de l\u2019\u00e9conomie et des finances.<\/strong>\nAnalystes politiques, adversaires de parti et m\u00eame ses propres partisans ont fini de se tromper \u00e0 son sujet. Parachut\u00e9 \u00e0 la populeuse et strat\u00e9gique commune des Parcelles Assainies, Amadou Ba, d\u00e9sormais Premier ministre, \u00e9tait vu par l\u2019opinion comme un n\u00e9ophyte en politique bombard\u00e9 t\u00eate de liste du d\u00e9partement de Dakar lors des L\u00e9gislatives 2017. Au point que certains se demandaient quel moustique a bien pu piquer Macky Sall pour qu\u2019il agisse ainsi.\nIl faut croire que de vieux socialistes avaient souffl\u00e9 \u00e0 l\u2019oreille du patron de l\u2019Apr. En effet, Amadou Ba, responsable politique aux Parcelles Assainies, c\u2019\u00e9tait plut\u00f4t la r\u00e9surrection d\u2019un dinosaure. Loin d\u2019\u00eatre en terrain inconnu, Amadou Ba connait parfaitement les r\u00e9alit\u00e9s politiques des Parcelles assainies, bien avant l\u2019arriv\u00e9e de Macky Sall au pouvoir.\nAncien responsable du Parti socialiste des ann\u00e9es 90, il a sillonn\u00e9 ce quartier de jour comme de nuit, \u00e0 la rencontre de militants et sympathisants. \u2018\u2019Il restait l\u00e0 jusqu\u2019\u00e0 2h du matin avec nous \u00e0 faire du porte-\u00e0-porte\u2019\u2019, se souvient Serigne Wagane Sougou, un ancien baron Ps de la zone, aujourd\u2019hui hors du champ politique.\n<h4 class=\"blue\"><strong><em>Sandwichs pour les enfants, direction PA<\/em><\/strong><\/h4>\nEn fait, l\u2019homme passait son temps plus dans son fief politique que dans sa maison \u00e0 Nord Foire. \u2018\u2019Il \u00e9tait aux Parcelles de 13h \u00e0 14h 30 mn, puis de 21 \u00e0 3h et m\u00eame parfois 4h du matin. Il lui arrivait, \u00e0 midi, d\u2019acheter des sandwichs pour ses enfants, les laisser \u00e0 la cath\u00e9drale pour filer directement aux Parcelles assainies\u2019\u2019, ajoute une vieille militante habitant Nord Foire, autre t\u00e9moin privil\u00e9gi\u00e9 de l\u2019\u00e9poque.\nD\u2019ailleurs, le v\u00e9hicule du jeune loup s\u2019est tellement embourb\u00e9 dans les rues sablonneuses du quartier, qu\u2019il a d\u00fb se doter d\u2019un instrument adapt\u00e9 en cas de besoin. \u2018\u2019Il avait une pelle dans le coffre de sa voiture. A chaque fois qu\u2019il \u00e9tait pris au pi\u00e8ge, il sortait la pelle. Tout en sueur, il d\u00e9gageait le v\u00e9hicule avant de continuer ses activit\u00e9s\u2019\u2019, ajoute la dame.\n<h4 class=\"blue\"><strong><em>Prot\u00e9g\u00e9 de Diop le maire<\/em><\/strong><\/h4>\nPour mieux comprendre le pass\u00e9 politique de l\u2019Ap\u00e9riste, il faut replonger dans le contexte de l\u2019\u00e9poque. Avec Amadou Ba, l\u2019histoire semble se r\u00e9p\u00e9ter. Coup d\u2019\u0153il sur le r\u00e9troviseur. 1996 ! A la veille des Locales, T\u00e9t\u00e9 Di\u00e9dhiou quitte les verts pour rejoindre le Parti d\u00e9mocratique s\u00e9n\u00e9galais.\nDerri\u00e8re lui, un poste de coordonnateur d\u2019une entit\u00e9 sp\u00e9ciale propre aux Parcelles d\u00e9nomm\u00e9e Union locale. Il fallait donc le remplacer. Le Bureau politique d\u00e9signe Lamine Fall. Mais au m\u00eame moment, il y avait une bataille f\u00e9roce entre Mamadou Diop, puissant maire de Dakar, et la direction du Ps, via la personne d\u2019Abdoulaye Diack, charg\u00e9 de la supervision de toutes les coordinations de Dakar.\nDiop le maire avait besoin de placer aux Parcelles un homme de confiance, un leader charismatique. Jeune cadre aux imp\u00f4ts et domaine, l\u2019inspecteur est coopt\u00e9 pour servir de cheval de Troie. \u2018\u2019A chaque fois qu\u2019on organisait une assembl\u00e9e g\u00e9n\u00e9rale pour d\u00e9signer le nouveau coordonnateur, une tendance Amadou Ba s\u2019est d\u00e9gag\u00e9e.\nFinalement, on \u00e9tait oblig\u00e9 d\u2019avoir deux coordonnateurs : Amadou Ba et Lamine Fall\u2019\u2019, confie un des acteurs de l\u2019\u00e9poque sous l\u2019anonymat.\n<h4 class=\"blue\"><strong><em>La bataille avec T\u00e9t\u00e9 Di\u00e9dhiou<\/em><\/strong><\/h4>\nCelui qui n\u2019\u00e9tait qu\u2019un figurant dans les ann\u00e9es 94 devient subitement un responsable de premier plan. En 1996, il est \u00e9lu conseiller municipal \u00e0 la ville de Dakar pour le compte des Parcelles. Aux L\u00e9gislatives de 1998, il est d\u00e9sign\u00e9 par Mamadou Diop pour \u00eatre le d\u00e9put\u00e9 de la zone. Mais le poste va aiguiser les app\u00e9tits au point que la proposition est retir\u00e9e.\nEn plus d\u2019avoir perdu cette bataille, Amadou Ba et Lamine Fall vont devoir faire face \u00e0 T\u00e9t\u00e9 Di\u00e9dhiou, revenu en force et d\u00e9cid\u00e9 \u00e0 les envoyer sur la corde. Di\u00e9dhiou convoque une assembl\u00e9e g\u00e9n\u00e9rale un week-end \u00e0 l\u2019issue de laquelle il devrait \u00eatre le seul maitre \u00e0 bord. Mais surprise ! \u2018\u2019Amadou Ba a attendu au milieu de la nuit pour trouver un cyber caf\u00e9 et envoyer \u00e0 la presse un communiqu\u00e9 qui dit que l\u2019Assembl\u00e9e g\u00e9n\u00e9rale a \u00e9t\u00e9 annul\u00e9e. Au r\u00e9veil, le camp de Di\u00e9dhiou \u00e9tait surpris d\u2019entendre les m\u00e9dias annoncer le report de la manifestation. Ce fut un vrai fiasco\u2019\u2019. Di\u00e9dhiou arrive tout de m\u00eame \u00e0 gagner le titre de coordonnateur, soit trois coordonnateurs pour la m\u00eame union locale.\nIl faut dire qu\u2019entre Amadou Ba et le Ps, c\u2019est une longue histoire. En effet, avant le fils Amadou, sa m\u00e8re Mari\u00e8me Baal, d\u00e9c\u00e9d\u00e9e \u00e0 quelques jours des L\u00e9gislatives de 2017, \u00e9tait pr\u00e9sidente des femmes de la sous-section allant de l\u2019unit\u00e9 1 \u00e0 6 des Parcelles Assainies. Un militantisme qu\u2019elle a commenc\u00e9 d\u00e9j\u00e0 \u00e0 Grand-Dakar. Une fois son entr\u00e9e en politique effective, le jeune Amadou a demand\u00e9 \u00e0 sa maman de se retirer de la jungle pour se consacrer \u00e0 des actions sociales, au profit certainement du leader montant.\n<h4 class=\"blue\"><strong><em>Kognou Bagarre \u00e0 Niary Tally<\/em><\/strong><\/h4>\nSi Mari\u00e8me Faye Sall est connue pour son r\u00f4le derri\u00e8re Macky Sall, la femme d\u2019Amadou Ba est aussi distingu\u00e9e derri\u00e8re son mari. A\u00efssatou Ba de son vrai nom, originaire de Thi\u00e8s, celle qui est surnomm\u00e9e Belly a mont\u00e9 des cellules de femmes presque partout \u00e0 Dakar, en plus de faire dans le social. \u00ab Elle est tr\u00e8s engag\u00e9e, mais tr\u00e8s effac\u00e9e. On dirait qu\u2019elle a peur. Quand on dit Belly, elle dit : Non, c\u2019est Mari\u00e8me \u00bb, confie une militante de longue date \u00e0 Niarry Tally.\nResponsable politique, Amadou peut \u00eatre critiqu\u00e9 sur sa gestion, mais ses qualit\u00e9s humaines lui sont reconnues. Seydou Sy Sall accuse le coordonnateur de Benno aux Parcelles Assainies de faire cavalier seul. Il loue cependant l\u2019autre face de l\u2019homme. \u00ab Il ne commet pas d\u2019acte malsain pour des profits. C\u2019est quelqu\u2019un de tr\u00e8s positif et tr\u00e8s humain dans ses rapports avec les autres \u00bb, souligne le socialiste qui ajoute que Ba ne verse jamais dans les invectives ou la violence. Il est toujours calme, quelles que soient les circonstances.\nN\u00e9 \u00e0 Grand Dakar, celui qu\u2019on appelait Bayal (Amadou Bayal Ba) a pass\u00e9 son enfance dans un milieu tr\u00e8s chaud. Le quartier \u2018\u2019Kognou Bagarre\u2019\u2019 o\u00f9 il a fait ses premiers pas portait bien son nom \u00e0 l\u2019\u00e9poque. \u2018\u2019Il fallait \u00eatre un dur \u00e0 cuire pour vivre dans ce coin, se souvient Cheikh Ndama, plus \u00e2g\u00e9 que Amadou de quelques ann\u00e9es. Il y avait ici toute sorte de voyous, des fumeurs de chanvre indien \u00bb.\n<h4 class=\"blue\"><strong><em>Relations avec le priv\u00e9 national<\/em><\/strong><\/h4>\nMais le fils de Ibrahima Ba et Mari\u00e8me Baal s\u2019\u00e9tait toujours tenu \u00e0 l\u2019\u00e9cart, lui qui sortait tr\u00e8s peu. C\u2019est ainsi qu\u2019il a r\u00e9ussi ses \u00e9tudes d\u2019abord \u00e0 l\u2019\u00e9cole primaire Route des puits, \u00e0 quelques maitres de la maison familiale, abandonn\u00e9e dans un \u00e9tat de d\u00e9labrement manifeste (du moins quand nous \u00e9tions de passage en 2018). Il fait ensuite le lyc\u00e9e Maurice Delafosse puis l\u2019universit\u00e9 Cheikh Anta Diop.\nAvec Amadou Ba, c\u2019est le retour de Monsieur PSE. En effet, c\u2019est lui qui est all\u00e9 d\u00e9fendre le Plan S\u00e9n\u00e9gal \u00e9mergent au club de Paris en 2014, puis en 2018. Ministre des Finances, il \u00e9tait devenu un peu trop puissant au go\u00fbt de certains ap\u00e9ristes, et probablement de Macky Sall qui l\u2019envoie aux Affaires \u00e9trang\u00e8res apr\u00e8s la pr\u00e9sidentielle de 2019 avant de le sortir du gouvernement.\nAvec son retour en puissance aux affaires, le secteur priv\u00e9 ne sera sans doute pas rassur\u00e9. Quant il \u00e9tait au minist\u00e8re de l\u2019\u00e9conomie, le patronat le consid\u00e9rait comme celui qui bloquait le secteur priv\u00e9 national. D\u2019ailleurs, la sortie du pr\u00e9sident du Cnes, Adama Lam, sur la Tfm sonne comme une mise en garde. Amadou Ba devrait aussi \u00eatre plus discret sur les chiffres, lui que le Pr Moustapha Kass\u00e9 qualifiait en 2015 de \u00a0\u00bbministre des m\u00e9dias\u00a0<strong>\u00bb. Avec Seneweb<\/strong>\n","protected":false},"excerpt":{"rendered":"<p>Alassane Seck (LSDH) : \u00abLe pr\u00e9sident a assez test\u00e9 (Amadou Ba), assez fr\u00e9quent\u00e9 pour savoir son caract\u00e8re\u2026\u00a0\u00bb https:\/\/senego.com \u00ab\u00a0Amadou Ba a le profil de l\u2019emploi\u2026\u00ab \u00a0, d\u2019apr\u00e8s le pr\u00e9sident de la Ligue s\u00e9n\u00e9galaise des droits humains (LSDH). Invit\u00e9 de l\u2019\u00e9mission J.D.D de ce dimanche, Alassane Seck a donn\u00e9 son avis sur la nomination de Amadou [&hellip;]<\/p>\n","protected":false},"author":8,"featured_media":0,"comment_status":"open","ping_status":"open","sticky":false,"template":"","format":"standard","meta":{"_jetpack_newsletter_access":"","_jetpack_dont_email_post_to_subs":false,"_jetpack_newsletter_tier_id":0,"_jetpack_memberships_contains_paywalled_content":false,"_jetpack_memberships_contains_paid_content":false,"footnotes":""},"categories":[45],"tags":[163,164,165],"class_list":["post-2895","post","type-post","status-publish","format-standard","hentry","category-contributions","tag-alassane-seck","tag-amadou-ba","tag-lsdh"],"jetpack_featured_media_url":"","jetpack_sharing_enabled":true,"_links":{"self":[{"href":"https:\/\/rp221.com\/index.php?rest_route=\/wp\/v2\/posts\/2895","targetHints":{"allow":["GET"]}}],"collection":[{"href":"https:\/\/rp221.com\/index.php?rest_route=\/wp\/v2\/posts"}],"about":[{"href":"https:\/\/rp221.com\/index.php?rest_route=\/wp\/v2\/types\/post"}],"author":[{"embeddable":true,"href":"https:\/\/rp221.com\/index.php?rest_route=\/wp\/v2\/users\/8"}],"replies":[{"embeddable":true,"href":"https:\/\/rp221.com\/index.php?rest_route=%2Fwp%2Fv2%2Fcomments&post=2895"}],"version-history":[{"count":0,"href":"https:\/\/rp221.com\/index.php?rest_route=\/wp\/v2\/posts\/2895\/revisions"}],"wp:attachment":[{"href":"https:\/\/rp221.com\/index.php?rest_route=%2Fwp%2Fv2%2Fmedia&parent=2895"}],"wp:term":[{"taxonomy":"category","embeddable":true,"href":"https:\/\/rp221.com\/index.php?rest_route=%2Fwp%2Fv2%2Fcategories&post=2895"},{"taxonomy":"post_tag","embeddable":true,"href":"https:\/\/rp221.com\/index.php?rest_route=%2Fwp%2Fv2%2Ftags&post=2895"}],"curies":[{"name":"wp","href":"https:\/\/api.w.org\/{rel}","templated":true}]}}