{"id":2886,"date":"2022-09-19T22:00:41","date_gmt":"2022-09-19T22:00:41","guid":{"rendered":"https:\/\/rp221.com\/?p=2886"},"modified":"2022-09-19T22:00:43","modified_gmt":"2022-09-19T22:00:43","slug":"3e-mandat-ce-quen-pense-didier-awadi","status":"publish","type":"post","link":"https:\/\/rp221.com\/?p=2886","title":{"rendered":"3e mandat : Ce qu\u2019en pense Didier Awadi"},"content":{"rendered":"\n<h3 class=\"red\"><strong><em>3e mandat : Ce qu\u2019en pense Didier Awadi\u2026<\/em><\/strong><\/h3>\n<strong><a href=\"https:\/\/senego.com\" data-saferedirecturl=\"https:\/\/www.google.com\/url?hl=fr&amp;q=https:\/\/senego.com&amp;source=gmail&amp;ust=1663691116464000&amp;usg=AOvVaw2esbg0Pofjr2bNbqwV70Pl\">https:\/\/senego.com<\/a>  Le rappeur Didier Awadi continue de d\u00e9noncer l\u2019interdiction de leur concert pr\u00e9vu \u00e0 Dakar sur la limitation des mandats en Afrique. Malgr\u00e9 cette d\u00e9cision des autorit\u00e9s administratives, l\u2019artiste engag\u00e9, par ailleurs militant de la limitation des mandats en Afrique, ne croit pas que le pr\u00e9sident Macky Sall va briguer un troisi\u00e8me mandat.<\/strong>\n<h4 class=\"blue\"><strong><em>Laissons le temps au temps\u2026<\/em><\/strong><\/h4>\n\u00ab\u00a0<em>Il l\u2019a dit et il l\u2019a r\u00e9p\u00e9t\u00e9. Il y a une partie de la Constitution qui dit que Nul ne peut faire plus de deux mandats cons\u00e9cutifs. Et c\u2019est lui qui a fait mettre \u00e7a, pour qu\u2019il n\u2019y ait pas ce probl\u00e8me qu\u2019on a\u00a0v\u00e9cu en 2012. Lui-m\u00eame a fait inscrire \u00e7a et nous avons tous accept\u00e9. Donc, je ne peux pas dire que ce m\u00eame monsieur veut le contraire de ce qu\u2019il nous a fait mettre dans notre Constitution<\/em>\u00ab\u00a0, a d\u00e9clar\u00e9 Didier Awadi, devant le Grand Jury, sur la Rfm.\n<h4 class=\"blue\"><strong><em>La v\u00e9rit\u00e9\u2026<\/em><\/strong><\/h4>\nIl ajoute : \u00ab\u00a0<em>Jusqu\u2019\u00e0 preuve du contraire, je consid\u00e8re qu\u2019il s\u2019en tient \u00e0 ce qu\u2019il a dit. Je ne comprends pas les S\u00e9n\u00e9galais qui lui pr\u00eatent d\u2019autres intentions. Il n\u2019en a pas. Il l\u2019a \u00e9crit dans la Constitution. Je consid\u00e8re que ce monsieur va s\u2019en tenir \u00e0 ce qu\u2019il nous a promis<\/em>.\n","protected":false},"excerpt":{"rendered":"<p>3e mandat : Ce qu\u2019en pense Didier Awadi\u2026 https:\/\/senego.com Le rappeur Didier Awadi continue de d\u00e9noncer l\u2019interdiction de leur concert pr\u00e9vu \u00e0 Dakar sur la limitation des mandats en Afrique. Malgr\u00e9 cette d\u00e9cision des autorit\u00e9s administratives, l\u2019artiste engag\u00e9, par ailleurs militant de la limitation des mandats en Afrique, ne croit pas que le pr\u00e9sident Macky [&hellip;]<\/p>\n","protected":false},"author":8,"featured_media":0,"comment_status":"open","ping_status":"open","sticky":false,"template":"","format":"standard","meta":{"_jetpack_newsletter_access":"","_jetpack_dont_email_post_to_subs":false,"_jetpack_newsletter_tier_id":0,"_jetpack_memberships_contains_paywalled_content":false,"_jetpack_memberships_contains_paid_content":false,"footnotes":""},"categories":[45],"tags":[151,150],"class_list":["post-2886","post","type-post","status-publish","format-standard","hentry","category-contributions","tag-3e-mandat","tag-dj-awadi"],"jetpack_featured_media_url":"","jetpack_sharing_enabled":true,"_links":{"self":[{"href":"https:\/\/rp221.com\/index.php?rest_route=\/wp\/v2\/posts\/2886","targetHints":{"allow":["GET"]}}],"collection":[{"href":"https:\/\/rp221.com\/index.php?rest_route=\/wp\/v2\/posts"}],"about":[{"href":"https:\/\/rp221.com\/index.php?rest_route=\/wp\/v2\/types\/post"}],"author":[{"embeddable":true,"href":"https:\/\/rp221.com\/index.php?rest_route=\/wp\/v2\/users\/8"}],"replies":[{"embeddable":true,"href":"https:\/\/rp221.com\/index.php?rest_route=%2Fwp%2Fv2%2Fcomments&post=2886"}],"version-history":[{"count":0,"href":"https:\/\/rp221.com\/index.php?rest_route=\/wp\/v2\/posts\/2886\/revisions"}],"wp:attachment":[{"href":"https:\/\/rp221.com\/index.php?rest_route=%2Fwp%2Fv2%2Fmedia&parent=2886"}],"wp:term":[{"taxonomy":"category","embeddable":true,"href":"https:\/\/rp221.com\/index.php?rest_route=%2Fwp%2Fv2%2Fcategories&post=2886"},{"taxonomy":"post_tag","embeddable":true,"href":"https:\/\/rp221.com\/index.php?rest_route=%2Fwp%2Fv2%2Ftags&post=2886"}],"curies":[{"name":"wp","href":"https:\/\/api.w.org\/{rel}","templated":true}]}}