{"id":2885,"date":"2022-09-19T21:55:28","date_gmt":"2022-09-19T21:55:28","guid":{"rendered":"https:\/\/rp221.com\/?p=2885"},"modified":"2022-09-19T21:55:31","modified_gmt":"2022-09-19T21:55:31","slug":"nouveau-gouvernement-les-attentes-du-peuple-deja-trop-eprouve","status":"publish","type":"post","link":"https:\/\/rp221.com\/?p=2885","title":{"rendered":"Nouveau gouvernement : les attentes du peuple d\u00e9j\u00e0 trop \u00e9prouv\u00e9"},"content":{"rendered":"\n<h3 class=\"red\"><strong><em>Nouveau gouvernement : les attentes du peuple d\u00e9j\u00e0 trop \u00e9prouv\u00e9 \u00a0Par Aly Saleh<\/em><\/strong><\/h3>\nM\u00eame si l\u2019on ne note pas vraiment une certaine rupture tant attendue sur le profil du nouveau patron du\u00a0 gouvernement, l\u2019espoir peut \u00eatre permis au vu et au su du parcours du nouveau locataire de la Primature. Parce que aussi, quoi que l\u2019on puisse dire, ce ne sera pas le nouveau premier ministre, Ahmadou Ba qui va d\u00e9finir la politique du gouvernement mais il sera en charge de l\u2019ex\u00e9cution et de la mise en \u0153uvre de la vision du Pr\u00e9sident Sall avec son \u00e9quipe.\nJe l\u2019avais pr\u00e9dit en le citant il y\u2019a de cela sept mois dans l\u2019une des mes contributions\u00a0 intitul\u00e9e \u00ab\u00a0Remaniement du gouvernement : Ces 3 grosses pointures pressenties pour le poste de PM\u00a0\u00bb avec Aminata Niane et Aly Ngouille Ndiaye.\nDisais-je dans ma r\u00e9flexion largement reprise dans la presse : \u00ab\u00a0l\u2019autre grosse pointure et pas des moindres parmi les fidels et loyaux aux chef de l\u2019\u00c9tat, c\u2019est l\u2019actuel coordonnateur national de la coalition pr\u00e9sidentielle Benno Bokk Yakaar et ancien ministre des finances et du plan, Ahmadou Ba est ouvert et accepte les contradictions\u00a0\u00bb\n<h4 class=\"blue\"><strong><em>Aujourd\u2019hui que les d\u00e9s sont jet\u00e9s et que le choix est port\u00e9 sur sa personne, ce qui lui reste \u00e0 faire c\u2019est de quitter ses habits du partisan et de dire \u00e0 son nouveau gouvernement d\u2019\u00e9viter la suffisance, l\u2019arrogance et la vanit\u00e9 qui habitaient la plupart de l\u2019\u00e9quipe pr\u00e9c\u00e9dente.<\/em><\/strong><\/h4>\nLa plupart de l\u2019\u00e9quipe sortante avaient contribu\u00e9 \u00e0 une fabrique de violence et de pauvret\u00e9 extr\u00eame. Et c\u2019est tr\u00e8s peu de le dire, ils ne prenaient plus le t\u00e9l\u00e9phone et s\u2019\u00e9loignaient d\u2019avantage des populations pour lesquelles, ils ont \u00e9t\u00e9 nomm\u00e9s. De crainte peut-\u00eatre qu\u2019on leur rappelle leur pass\u00e9 r\u00e9cent.\nJuste dire aux nouveaux ministres qu\u2019il est grand temps de d\u00e9mystifier les avoirs et autres richesses et mouiller le maillot. La dilapidation des ressources et des \u00e9conomies du peuple doit cesser. L\u2019argent du contribuable s\u00e9n\u00e9galais ne doit plus servir \u00e0 entretenir un partisan mais doit \u00eatre utilis\u00e9 \u00e0 bon escient dans l\u2019int\u00e9r\u00eat de la Nation.\nL\u2019on a pr\u00f4n\u00e9 un gouvernement de combat et d\u2019attaque, en mode \u00ab\u00a0fast track\u00a0\u00bb comme ils aiment \u00e0 le dire, c\u2019est justement un d\u00e9fit \u00e0 relever pour tous ces nouveaux membres du gouvernement en \u0153uvrant dans la transparence et la r\u00e9dition\u00a0 des comptes.\nL\u2019autre point important est qu\u2019il faut une autonomie pour ces 38 ministres afin de pouvoir r\u00e9pondre aux pr\u00e9occupations des populations notamment dans les domaines de la sant\u00e9, la s\u00e9curit\u00e9, le social, l\u2019assainissement\u2026en all\u00e9geant les souffrances des populations mais surtout en apportant des solutions durables aux inondations qui hantent le sommeil des s\u00e9n\u00e9galais.\nLe peuple d\u00e9j\u00e0 trop \u00e9prouv\u00e9, attend du gouvernement\u00a0 des r\u00e9ponses ad\u00e9quates \u00e0 se diff\u00e9rentes exigences pour que tous les s\u00e9n\u00e9galais puissent se retrouver dans leur\u00a0 constitution. Tout est urgence comme ils l\u2019ont dit, sur le plan de l\u2019emploi, la sant\u00e9, la s\u00e9curit\u00e9, le social avec la r\u00e9duction du co\u00fbt de la vie, cet attelage institutionnel exige une stabilit\u00e9 constitutionnelle.\n<h4 class=\"blue\"><strong><em>On doit \u00eatre dans une logique de pouvoir faire le distinguo entre les pr\u00e9occupations de son parti et celles qui interpellent l\u2019administration.<\/em><\/strong><\/h4>\nAvec la perc\u00e9e de l\u2019opposition pour cette 14 \u00e8me l\u00e9gislature, cela me fait penser aux projets de loi qui seront port\u00e9s par les ministres \u00e0 l\u2019Assembl\u00e9e nationale et justement le produit \u00e0 vendre aux d\u00e9put\u00e9s doit \u00eatre r\u00e9aliste et doit prendre en compte les pr\u00e9occupations de la majorit\u00e9 mais aussi de la minorit\u00e9 parlementaire de fa\u00e7on d\u00e9mocratique. Lorsque l\u2019on sait d\u2019ailleurs que la question de majorit\u00e9 reste encore incertaine \u00e0 tout point de vue \u00e0 la place Soweto. Autrement, \u00a0 nous feront face \u00e0 un blocage institutionnel comme c\u2019est d\u00e9j\u00e0 arriv\u00e9 en 1962 avec une motion de d\u00e9fiance qui a \u00e9t\u00e9 \u00e0 l\u2019origine des \u00e9v\u00e9nements malheureux obligeant les forces de d\u00e9fense \u00e0 bloquer l\u2019acc\u00e8s \u00e0 certains d\u00e9put\u00e9s.\nC\u2019est pourquoi il faudra mettre en priorit\u00e9 la recherche de consensus en utilisant des moyens d\u2019action d\u00e9mocratiques et cela dans la r\u00e9ciprocit\u00e9 et non des moyens d\u2019action violents qui mettent en p\u00e9ril l\u2019Assembl\u00e9 nationale.\nDonc il faudra la pr\u00e9venir et faire en sorte que les conflits soient r\u00e9solus pacifiquement.\nPour la route, il faudra surtout amener les diff\u00e9rents acteurs \u00e0 dialoguer et \u00e0 faire en sorte qu\u2019on ait une soci\u00e9t\u00e9 d\u00e9mocratique, avec ses normes o\u00f9 r\u00e8gnerait le respect mutuel pour un mieux vivre ensemble.Aly Saleh Journaliste - Chroniqueur\/ Consultant en Communication<span>M<\/span>\n","protected":false},"excerpt":{"rendered":"<p>Nouveau gouvernement : les attentes du peuple d\u00e9j\u00e0 trop \u00e9prouv\u00e9 \u00a0Par Aly Saleh M\u00eame si l\u2019on ne note pas vraiment une certaine rupture tant attendue sur le profil du nouveau patron du\u00a0 gouvernement, l\u2019espoir peut \u00eatre permis au vu et au su du parcours du nouveau locataire de la Primature. Parce que aussi, quoi que [&hellip;]<\/p>\n","protected":false},"author":8,"featured_media":0,"comment_status":"open","ping_status":"open","sticky":false,"template":"","format":"standard","meta":{"_jetpack_newsletter_access":"","_jetpack_dont_email_post_to_subs":false,"_jetpack_newsletter_tier_id":0,"_jetpack_memberships_contains_paywalled_content":false,"_jetpack_memberships_contains_paid_content":false,"footnotes":""},"categories":[45],"tags":[125],"class_list":["post-2885","post","type-post","status-publish","format-standard","hentry","category-contributions","tag-aly-saleh"],"jetpack_featured_media_url":"","jetpack_sharing_enabled":true,"_links":{"self":[{"href":"https:\/\/rp221.com\/index.php?rest_route=\/wp\/v2\/posts\/2885","targetHints":{"allow":["GET"]}}],"collection":[{"href":"https:\/\/rp221.com\/index.php?rest_route=\/wp\/v2\/posts"}],"about":[{"href":"https:\/\/rp221.com\/index.php?rest_route=\/wp\/v2\/types\/post"}],"author":[{"embeddable":true,"href":"https:\/\/rp221.com\/index.php?rest_route=\/wp\/v2\/users\/8"}],"replies":[{"embeddable":true,"href":"https:\/\/rp221.com\/index.php?rest_route=%2Fwp%2Fv2%2Fcomments&post=2885"}],"version-history":[{"count":0,"href":"https:\/\/rp221.com\/index.php?rest_route=\/wp\/v2\/posts\/2885\/revisions"}],"wp:attachment":[{"href":"https:\/\/rp221.com\/index.php?rest_route=%2Fwp%2Fv2%2Fmedia&parent=2885"}],"wp:term":[{"taxonomy":"category","embeddable":true,"href":"https:\/\/rp221.com\/index.php?rest_route=%2Fwp%2Fv2%2Fcategories&post=2885"},{"taxonomy":"post_tag","embeddable":true,"href":"https:\/\/rp221.com\/index.php?rest_route=%2Fwp%2Fv2%2Ftags&post=2885"}],"curies":[{"name":"wp","href":"https:\/\/api.w.org\/{rel}","templated":true}]}}