{"id":2884,"date":"2022-09-19T22:04:08","date_gmt":"2022-09-19T22:04:08","guid":{"rendered":"https:\/\/rp221.com\/?p=2884"},"modified":"2022-09-19T22:04:13","modified_gmt":"2022-09-19T22:04:13","slug":"quand-la-dignite-oublie-de-nous-gouverner","status":"publish","type":"post","link":"https:\/\/rp221.com\/?p=2884","title":{"rendered":"Quand la dignit\u00e9 oublie de nous gouverner"},"content":{"rendered":"\n\n<h3 class=\"red\"><strong><em>Quand la dignit\u00e9 oublie de nous gouverner Par Me <span>Mamadou DIALLO<\/span><\/em><\/strong><\/h3>\n<span>Le S\u00e9n\u00e9gal est en proie \u00e0 une crise de b\u00eatise, de cr\u00e9dulit\u00e9 et de bestialit\u00e9 trop \u00e9vidente. La v\u00e9rit\u00e9 est trop s\u00e9v\u00e8re. Nous pouvons\u00a0affirmer\u00a0sans crainte d\u2019\u00eatre d\u00e9menti, \u00a0que\u00a0le refus de d\u00e9passement\u00a0s\u2019\u00e9loigne, \u00a0la rigueur s\u2019affaisse, le temps de l\u2019effort et de la r\u00e9flexion\u00a0s\u2019amenui-\u00a0sent, l\u2019\u00e9coute r\u00e9publicaine s\u2019efface\u00a0au profit de l\u2019agitation permanente.<\/span>\n<span><h4 class=\"blue\"><strong><em>La prolif\u00e9ration de la violence verbale et\u00a0d\u00e9cisionnelle, \u00a0comportementale\u00a0et physique\u00a0a fini par\u00a0installer\u00a0le d\u00e9sordre\u00a0dans l\u2019espace public\u00a0et au sein de\u00a0nos institutions<\/em><\/strong><\/h4><\/span>\n<span>Le spectacle de l\u2019installation de la XIV\u00e8me l\u00e9gislature est surr\u00e9aliste. Elire un Pr\u00e9sident de \u00a0l\u2019Assembl\u00e9e nationale sous la surveillance des forces de l\u2019ordre pr\u00e9sentes dans l\u2019h\u00e9micycle.<\/span>\n<span>Le malaise nous para\u00eet trop r\u00e9el et s\u00e9rieux pour que ce texte\u00a0ned\u00e9bute par un ton : \u00a0celui\u00a0de la gravit\u00e9.\u00a0D\u00e8s lors, tout silence devient lourd de sens et de\u00a0cons\u00e9quences.<\/span>\n<span>Le plus grand malheur qui\u00a0pourrait donc arriver au S\u00e9n\u00e9gal, \u00e0 ses\u00a0institutions et \u00e0 ses\u00a0valeurs, du fait\u00a0des intellectuels, des r\u00e9publicains, \u00a0serait que par int\u00e9r\u00eat ou par d\u00e9go\u00fbt, par une sorte de remords et de pusillanimit\u00e9 aussi, d\u2019avoir mal us\u00e9 de sa libert\u00e9, il\u00a0se laisse doucement\u00a0enfer-\u00a0mer dans un silence insens\u00e9. \u00a0\u00a0<\/span>\n<span>Cette violence\u00a0nous\u00a0interpelle furieusement.\u00a0Elle n\u2019est pas fondatrice. En plus, elle ne peut\u00a0et ne doit\u00a0\u00eatre\u00a0l\u2019horizon politique de la R\u00e9publique.<\/span>\n<span>C\u2019est pourquoi, il nous appartient tous ensemble d\u2019appr\u00e9cier ce qui se passe chez nous, de prendre la mesure de notre intervention, de notre utilit\u00e9, de son sens. \u00a0<\/span>\n<span>Laissons les fioritures\u00a0qui masqueraient la v\u00e9rit\u00e9 pour nommer les choses.<\/span>\n<span>Nous\u00a0avons choisi le pari de l\u2019aristocratique plaisir de d\u00e9plaire. Simplement pour ne pas juger en amateur.\u00a0Nous\u00a0pointerons\u00a0du doigt les responsabilit\u00e9s tant\u00a0au niveau de la majorit\u00e9 que de l\u2019opposition.<\/span>\n<span>La normalit\u00e9 d\u00e9mocratique, l\u2019\u00e9coute r\u00e9publicaine, la discussion avant l\u2019action, \u00a0les consid\u00e9ra-tions plut\u00f4t que le m\u00e9pris, une s\u00e9rie d\u2019exigences et de principes\u00a0jet\u00e9e aux orties..<\/span>\n<span>Il y a une d\u00e9gradation constante de la politesse singuli\u00e8re et de l\u2019urbanit\u00e9 collective.<\/span>\n<span>Le peuple hurle son indignation\u00a0 : \u00ab\u00a0je ne reconnais plus le S\u00e9n\u00e9gal.\u00bb\u00a0<\/span>\n<span>Il\u00a0est aujourd\u2019hui r\u00e9duit \u00e0 vomir son z\u00e9nith de d\u00e9dain.\u00a0\u00a0\u00a0\u00a0<\/span>\n<span>Le S\u00e9n\u00e9gal\u00a0ne doit pas \u00eatre un th\u00e9\u00e2tre de boulevard o\u00f9 la politique\u00a0n\u2019est que com\u00e9die, o\u00f9 l\u2019on alterne tous les r\u00f4les, des plus dr\u00f4les aux plus dramatiques.<\/span>\n<span>Nos compatriotes\u00a0amus\u00e9s\u00a0attendent\u00a0d\u00e9sormais d\u2019\u00eatre repr\u00e9sent\u00e9s\u00a0avec s\u00e9rieux et respect<\/span>\n<span><h4 class=\"blue\"><strong><em>Ils\u00a0ne sauraient se satisfaire trop longtemps d\u2019une irresponsabilit\u00e9\u00a0destructrice.<\/em><\/strong><\/h4><\/span>\n<span>Des individus qui agissent, \u00a0injurient, \u00a0\u00e9nervent, exasp\u00e8rent, \u00a0ne sachant s\u00e9duire, convaincre, \u00a0voire\u00a0transformer\u00a0des \u00e9carts de conduite en strat\u00e9gie.<\/span>\n<span>Oubliant\u00a0que les invectives et les injures sont fl\u00e9trissables.Qu\u2019elles\u00a0ne servent \u00e0 rien sauf \u00e0 d\u00e9grader davantage celui qui les professe.<\/span>\n<span>Des personnes\u00a0profitant de la catastrophe absolue d\u2019une culture de l\u2019excuse qui\u00a0a fini par gangr\u00e9ner le pays pour d\u00e9truire son image.<\/span>\n<span>Nous pensons qu\u2019il faut n\u00e9cessairement m\u00e9priser les gens parfois sans avoir le sentiment m\u00eame avec une bonne conscience, \u00a0pour s\u2019employer \u00e0 les r\u00e9duire \u00e0 leur place. \u00a0\u00a0\u00a0 \u00a0\u00a0\u00a0<\/span>\n<span>Nous devons\u00a0rester un pays de temp\u00e9rance avec un peuple dot\u00e9 de ses normes, de ses limites et de ses devoirs.<\/span>\n<span>Devant la violence de leurs d\u00e9rives orduri\u00e8res de la libert\u00e9 d\u2019expression qui nous envahit\u00a0de \u00a0jour en\u00a0jour, on ne doit pas c\u00e9der aux pires tentatives populistes qui nous ram\u00e8neraient au temps de l\u2019obscurantisme.<\/span>\n<span>Les alternances politiques ont acc\u00e9l\u00e9r\u00e9 des carri\u00e8res, souvent offertes sans m\u00eame attendre le tour des saisons.\u00a0La cons\u00e9quence\u00a0 : \u00a0les hautes fonctions ne reviennent par une r\u00e8gle \u00e9tablie aux premiers de la classe.\u00a0Les\u00a0opportunistes, les tacleurs, les emp\u00eacheurs de tourner en rond et les \u00e9nergum\u00e8nes ont rafl\u00e9 la mise.\u00a0En guise de reconnaissance, \u00a0le verbe est devenu haut et sot.\u00a0<\/span>\n<span>Il est\u00a0urgent de redresser la barre, d\u2019o\u00f9 la n\u00e9cessit\u00e9 imp\u00e9rieuse de sortir de ce climat d\u00e9l\u00e9t\u00e8re et de placer l\u2019int\u00e9r\u00eat g\u00e9n\u00e9ral au c\u0153ur des pr\u00e9occupations nationales.<\/span>\n<span>Fini le bal. Sifflons la fin de la r\u00e9cr\u00e9ation. Car l\u2019op\u00e9ra devient tragique.\u00a0\u00a0\u00a0<\/span>\n<span>Si nous restons amorphes avec un bandeau sous les yeux, se contentant de parlottes \u00e9ternelles, notre syst\u00e8me de valeurs reculera \u00e0 l\u2019\u00e9chelle du continent.<\/span>\n<span><h4 class=\"blue\"><strong><em>Nos concitoyens n\u2019entendent plus\u00a0voir\u00a0l\u2019int\u00e9r\u00eat et le prestige du S\u00e9n\u00e9gal ab\u00eem\u00e9s\u00a0par des politiciens de chaque camp.\u00a0<\/em><\/strong><\/h4><\/span>\n<span>Ils\u00a0exigent\u00a0que notre pays garde\u00a0son rayonnement\u00a0pour ne jamais cesser d\u2019\u00eatre en Afrique, un mod\u00e8le et une exception.\u00a0<\/span>\n<span>Nous devons donc faire preuve d\u2019une volont\u00e9 de refus qui\u00a0introduirait partout la raison\u00a0avec ce ton qui sonne comme un \u00e9l\u00e9ment\u00a0\u00e0 charge\u00a0contre ceux qui, \u00a0sous nos yeux, infantilisent nos institutions, distillent la culture du m\u00e9pris, \u00a0de peur et\u00a0de force.<\/span>\n<span>Contre\u00a0ceux qui croient \u00eatre les seuls possesseurs de la pl\u00e9nitude de l\u2019action, absorbant toutes les valeurs dans les siennes. Le peuple s\u00e9n\u00e9galais n\u2019\u00e9tant l\u00e0 que pour recevoir l\u2019action sans en \u00eatre en tout point les collaborateurs.<\/span>\n<span>Quelle force peut donc avoir la Nation quand ceux qui la commande, mettent leur vanit\u00e9 et leur agressivit\u00e9 \u00e0 se s\u00e9parer d\u2019elle, d\u00e9cid\u00e9s d\u2019avance \u00e0 ne pas se soumettre \u00e0 la volont\u00e9 g\u00e9n\u00e9-rale, pi\u00e9tinant tout pour nous imposer la s\u00e9dimentation de l\u2019inacceptable dans la R\u00e9publique!\u00a0<\/span>\n<span><h4 class=\"blue\"><strong><em>Le m\u00e9pris appelle le m\u00e9pris.<\/em><\/strong><\/h4><\/span>\n<span>Ce r\u00e9\u00e9quilibrage, \u00a0certes chaotique, devrait permettre \u00e0 l\u2019Assembl\u00e9e nationale de devenir ce qu\u2019elle a vocation d\u2019\u00eatre : une instance de discussion, de confrontation et d\u2019amendements.\u00a0<\/span>\n<span>Au regard du contexte actuel, domin\u00e9 par\u00a0une atmosph\u00e8re conflictuelle et radicale, \u00a0il\u00a0ne\u00a0sera pas facile\u00a0d\u2019imaginer dans ce chaudron parlementaire, \u00a0des compromis ou bien des accords de circonstance \u00e0 b\u00e2tir texte par texte entre la\u00a0majorit\u00e9 et l\u2019opposition.<\/span>\n<span>Le pays est fractur\u00e9. Et cette XIV\u00e8me l\u00e9gislature d\u00e9bouche sur une\u00a0assembl\u00e9e arc-en-ciel difficilement gouvernable. La coexistence ne sera pas \u00e9molliente.<\/span>\n<span>Face \u00e0 la tripartition de la vie politique (Benno Bokk Yakaar, Yewwi Askan Wi et Wallu), il va falloir s\u2019appliquer. Trouver un d\u00e9nominateur commun : \u00a0le\u00a0consensus pour r\u00e9pondre auxim-\u00a0patiences du pays\u00a0sans pour autant se renier.\u00a0<\/span>\n<span>Debout, vigoureusement, le peuple veillera \u00e0 la pr\u00e9servation\u00a0du socle r\u00e9publicain.<\/span>\n<span>Si le S\u00e9n\u00e9gal a su jusqu\u2019\u00e0 maintenant rester un havre de paix, il le doit beaucoup \u00e0 l\u2019intelligence et \u00e0\u00a0la vigilance de tout un peuple.<\/span>\n<span>Ce dernier\u00a0ne tol\u00e9rera pas le moindre renoncement \u00e0 ces principes.<\/span>\n<span>Au-del\u00e0 des\u00a0appartenances partisanes et quels que soient les changements de majorit\u00e9 politique, \u00a0le S\u00e9n\u00e9gal doit rester\u00a0une id\u00e9e qui s\u2019incarne dans la volont\u00e9 de vivre ensemble avec un projet et un destin.\u00a0<\/span>\n<span>Cela requiert un fonds commun : l\u2019attachement \u00e0 la communaut\u00e9 nationale, \u00e0 la survie de la soci\u00e9t\u00e9 et des libert\u00e9s.\u00a0\u00a0<\/span>\n<span>Il est encore temps de revenir \u00e0 une perception d\u2019une R\u00e9publique sereine et\u00a0consensuelle, qui n\u2019a pas peur d\u2019elle-m\u00eame, ni de son avenir, ni de ses talents, ni de son envergure.<\/span>\n<span>Une R\u00e9publique d\u00e9mocratique, vertueuse et humaniste, plus grande, plus forte, plus s\u00fbre d\u2019elle-m\u00eame parce qu\u2019elle aura rassembl\u00e9\u00a0tous les enfants de la Nation.\u00a0 Mamadou DIALLO, Avocat au Barreau de Paris, \u00a0docteur en droit<\/span>\n\n","protected":false},"excerpt":{"rendered":"<p>Quand la dignit\u00e9 oublie de nous gouverner Par Me Mamadou DIALLO Le S\u00e9n\u00e9gal est en proie \u00e0 une crise de b\u00eatise, de cr\u00e9dulit\u00e9 et de bestialit\u00e9 trop \u00e9vidente. La v\u00e9rit\u00e9 est trop s\u00e9v\u00e8re. Nous pouvons\u00a0affirmer\u00a0sans crainte d\u2019\u00eatre d\u00e9menti, \u00a0que\u00a0le refus de d\u00e9passement\u00a0s\u2019\u00e9loigne, \u00a0la rigueur s\u2019affaisse, le temps de l\u2019effort et de la r\u00e9flexion\u00a0s\u2019amenui-\u00a0sent, l\u2019\u00e9coute r\u00e9publicaine [&hellip;]<\/p>\n","protected":false},"author":8,"featured_media":0,"comment_status":"open","ping_status":"open","sticky":false,"template":"","format":"standard","meta":{"_jetpack_newsletter_access":"","_jetpack_dont_email_post_to_subs":false,"_jetpack_newsletter_tier_id":0,"_jetpack_memberships_contains_paywalled_content":false,"_jetpack_memberships_contains_paid_content":false,"footnotes":""},"categories":[45],"tags":[162],"class_list":["post-2884","post","type-post","status-publish","format-standard","hentry","category-contributions","tag-me-mamadou-diallo"],"jetpack_featured_media_url":"","jetpack_sharing_enabled":true,"_links":{"self":[{"href":"https:\/\/rp221.com\/index.php?rest_route=\/wp\/v2\/posts\/2884","targetHints":{"allow":["GET"]}}],"collection":[{"href":"https:\/\/rp221.com\/index.php?rest_route=\/wp\/v2\/posts"}],"about":[{"href":"https:\/\/rp221.com\/index.php?rest_route=\/wp\/v2\/types\/post"}],"author":[{"embeddable":true,"href":"https:\/\/rp221.com\/index.php?rest_route=\/wp\/v2\/users\/8"}],"replies":[{"embeddable":true,"href":"https:\/\/rp221.com\/index.php?rest_route=%2Fwp%2Fv2%2Fcomments&post=2884"}],"version-history":[{"count":0,"href":"https:\/\/rp221.com\/index.php?rest_route=\/wp\/v2\/posts\/2884\/revisions"}],"wp:attachment":[{"href":"https:\/\/rp221.com\/index.php?rest_route=%2Fwp%2Fv2%2Fmedia&parent=2884"}],"wp:term":[{"taxonomy":"category","embeddable":true,"href":"https:\/\/rp221.com\/index.php?rest_route=%2Fwp%2Fv2%2Fcategories&post=2884"},{"taxonomy":"post_tag","embeddable":true,"href":"https:\/\/rp221.com\/index.php?rest_route=%2Fwp%2Fv2%2Ftags&post=2884"}],"curies":[{"name":"wp","href":"https:\/\/api.w.org\/{rel}","templated":true}]}}