{"id":28774,"date":"2024-06-23T13:47:50","date_gmt":"2024-06-23T13:47:50","guid":{"rendered":"https:\/\/rp221.com\/?p=28774"},"modified":"2024-06-23T13:47:52","modified_gmt":"2024-06-23T13:47:52","slug":"le-president-de-la-federation-nationale-des-boulangers-du-senegal-fnbs-amadou-gaye-nest-pas-totalement-satisfait-du-nouveau-prix-de-la-baguette-de-pain-de-190-grammes-qui-devrait-etre-vend","status":"publish","type":"post","link":"https:\/\/rp221.com\/?p=28774","title":{"rendered":"Le pr\u00e9sident de la F\u00e9d\u00e9ration nationale des boulangers du S\u00e9n\u00e9gal (FNBS), Amadou Gaye n\u2019est pas totalement satisfait du nouveau prix de la baguette de pain de 190 grammes qui devrait \u00eatre vendu \u00e0 150 francs Cfa \u00e0 partir de ce lundi 24 juin."},"content":{"rendered":"\n<p class=\"wp-block-paragraph\">Selon lui, pour que la baguette de pain puisse \u00eatre vendue \u00e0 150 FCFA, une diminution substantielle du co\u00fbt de la farine boulang\u00e8re est essentielle. Cependant, les chiffres annonc\u00e9s par le minist\u00e8re indiquent une baisse insuffisante de seulement 4000 FCFA sur le sac de farine, loin des 6900 FCFA n\u00e9cessaires selon les calculs des boulangers.<\/p>\n\n\n\n<p class=\"wp-block-paragraph\">\u00ab Nous accueillons favorablement toute initiative visant \u00e0 soulager le pouvoir d\u2019achat des S\u00e9n\u00e9galais\u00ab , a d\u00e9clar\u00e9 Monsieur Gaye, \u00ab mais pour que cette mesure soit viable \u00e0 long terme, il est crucial que le co\u00fbt des intrants comme la farine soit r\u00e9duit de mani\u00e8re significative. \u00bb Il a \u00e9galement soulign\u00e9 l\u2019importance d\u2019un soutien gouvernemental continu pour \u00e9viter la \u00ab fermeture de nombreuses boulangeries qui pourraient \u00eatre affect\u00e9es par cette nouvelle politique tarifaire. \u00bb<\/p>\n\n\n\n<p class=\"wp-block-paragraph\">Parmi les autres pr\u00e9occupations exprim\u00e9es par les boulangers figurent les charges fiscales telles que la taxe sur le diesel, ainsi que les co\u00fbts de l\u2019\u00e9lectricit\u00e9, qui p\u00e8sent lourdement sur leurs activit\u00e9s. \u00ab Nous demandons au gouvernement de consid\u00e9rer s\u00e9rieusement l\u2019exemption de TVA pour la farine locale, ce qui pourrait all\u00e9ger le fardeau financier des producteurs de pain\u00ab , a ajout\u00e9 Monsieur Gaye.<\/p>\n\n\n\n<p class=\"wp-block-paragraph\">Enfin, il a appel\u00e9 \u00e0 une consultation approfondie avec les comit\u00e9s r\u00e9gionaux avant toute mise en application des nouveaux prix. \u00ab Il est essentiel de prendre en compte les r\u00e9alit\u00e9s locales en termes de co\u00fbts de production et de distribution\u00ab , a-t-il soulign\u00e9.<\/p>\n\n\n\n<p class=\"wp-block-paragraph\">Dans l\u2019attente de r\u00e9unions suppl\u00e9mentaires avec les autorit\u00e9s comp\u00e9tentes, la F\u00e9d\u00e9ration nationale des boulangers reste en alerte et esp\u00e8re des mesures compl\u00e9mentaires qui soutiendront v\u00e9ritablement le secteur dans cette p\u00e9riode de transition \u00e9conomique.<\/p>\n","protected":false},"excerpt":{"rendered":"<p>Selon lui, pour que la baguette de pain puisse \u00eatre vendue \u00e0 150 FCFA, une diminution substantielle du co\u00fbt de la farine boulang\u00e8re est essentielle. Cependant, les chiffres annonc\u00e9s par le minist\u00e8re indiquent une baisse insuffisante de seulement 4000 FCFA sur le sac de farine, loin des 6900 FCFA n\u00e9cessaires selon les calculs des boulangers. [&hellip;]<\/p>\n","protected":false},"author":1,"featured_media":0,"comment_status":"open","ping_status":"closed","sticky":false,"template":"","format":"standard","meta":{"_jetpack_newsletter_access":"","_jetpack_dont_email_post_to_subs":false,"_jetpack_newsletter_tier_id":0,"_jetpack_memberships_contains_paywalled_content":false,"_jetpack_memberships_contains_paid_content":false,"footnotes":""},"categories":[42],"tags":[],"class_list":["post-28774","post","type-post","status-publish","format-standard","hentry","category-economie"],"jetpack_featured_media_url":"","jetpack_sharing_enabled":true,"_links":{"self":[{"href":"https:\/\/rp221.com\/index.php?rest_route=\/wp\/v2\/posts\/28774","targetHints":{"allow":["GET"]}}],"collection":[{"href":"https:\/\/rp221.com\/index.php?rest_route=\/wp\/v2\/posts"}],"about":[{"href":"https:\/\/rp221.com\/index.php?rest_route=\/wp\/v2\/types\/post"}],"author":[{"embeddable":true,"href":"https:\/\/rp221.com\/index.php?rest_route=\/wp\/v2\/users\/1"}],"replies":[{"embeddable":true,"href":"https:\/\/rp221.com\/index.php?rest_route=%2Fwp%2Fv2%2Fcomments&post=28774"}],"version-history":[{"count":0,"href":"https:\/\/rp221.com\/index.php?rest_route=\/wp\/v2\/posts\/28774\/revisions"}],"wp:attachment":[{"href":"https:\/\/rp221.com\/index.php?rest_route=%2Fwp%2Fv2%2Fmedia&parent=28774"}],"wp:term":[{"taxonomy":"category","embeddable":true,"href":"https:\/\/rp221.com\/index.php?rest_route=%2Fwp%2Fv2%2Fcategories&post=28774"},{"taxonomy":"post_tag","embeddable":true,"href":"https:\/\/rp221.com\/index.php?rest_route=%2Fwp%2Fv2%2Ftags&post=28774"}],"curies":[{"name":"wp","href":"https:\/\/api.w.org\/{rel}","templated":true}]}}