{"id":28313,"date":"2024-05-28T13:41:11","date_gmt":"2024-05-28T13:41:11","guid":{"rendered":"https:\/\/rp221.com\/?p=28313"},"modified":"2024-05-28T13:41:14","modified_gmt":"2024-05-28T13:41:14","slug":"quarante-neuvieme-anniversaire-de-la-creation-de-la-cedeao","status":"publish","type":"post","link":"https:\/\/rp221.com\/?p=28313","title":{"rendered":"QUARANTE-NEUVI\u00c8ME ANNIVERSAIRE DE LA CR\u00c9ATION DE LA CEDEAO"},"content":{"rendered":"\n<p class=\"wp-block-paragraph\">MESSAGE DE SON EXCELLENCE DR OMAR ALIEU TOURAY, PR\u00c9SIDENT DE LA COMMISSION DE LA CEDEAO<\/p>\n\n\n\n<p class=\"wp-block-paragraph\">Mesdames et Messieurs, citoyens des \u00c9tats membres de la CEDEAO,<\/p>\n\n\n\n<p class=\"wp-block-paragraph\">Il y a exactement quarante-neuf (49) ans, les P\u00e8res fondateurs signaient le Trait\u00e9 instituant la Communaut\u00e9 \u00e9conomique des \u00c9tats de l'Afrique de l'Ouest. Depuis lors, la CEDEAO s\u2019est mise au service de la r\u00e9gion et continue d'unir nos peuples autour des id\u00e9aux communs de prosp\u00e9rit\u00e9 partag\u00e9e.<\/p>\n\n\n\n<p class=\"wp-block-paragraph\">Au moment o\u00f9 nous c\u00e9l\u00e9brons le 49\u00e8me anniversaire de la CEDEAO, nous devons nous rappeler quelques-uns des r\u00e9sultats tangibles et positifs que la Communaut\u00e9 a \u00e0 son actif. Ces r\u00e9alisations peuvent \u00eatre observ\u00e9es dans de nombreux domaines, notamment la libre circulation de nos populations, le commerce intracommunautaire, l'\u00e9nergie r\u00e9gionale, les infrastructures de transport, la gouvernance ainsi que la paix et la s\u00e9curit\u00e9<\/p>\n\n\n\n<p class=\"wp-block-paragraph\">Nous restons convaincus qu'ensemble, nous pouvons tirer parti de ces r\u00e9alisations et atteindre les objectifs de notre Vision 2050, celle \u00ab d'une Communaut\u00e9 de peuples pleinement int\u00e9gr\u00e9e dans une r\u00e9gion paisible et prosp\u00e8re, dot\u00e9e d\u2019institutions fortes, respectueuses des libert\u00e9s fondamentales et \u0153uvrant pour un d\u00e9veloppement inclusif et durable \u00bb.<\/p>\n\n\n\n<p class=\"wp-block-paragraph\">Mesdames et Messieurs, citoyens des \u00c9tats membres de la CEDEAO,<\/p>\n\n\n\n<p class=\"wp-block-paragraph\">La CEDEAO a peut-\u00eatre de nombreuses r\u00e9alisations \u00e0 son actif, mais la Communaut\u00e9 continue de faire face \u00e0 un certain nombre de d\u00e9fis. Alors que nous c\u00e9l\u00e9brons notre 49e anniversaire, l'ins\u00e9curit\u00e9 continue de menacer notre r\u00e9gion. Certains de nos \u00c9tats membres luttent quotidiennement contre des groupes terroristes, et une grande partie de notre population est confront\u00e9e au d\u00e9placement et \u00e0 l'ins\u00e9curit\u00e9 alimentaire.<\/p>\n\n\n\n<p class=\"wp-block-paragraph\">Il est de notre devoir de rester unis si nous aspirons \u00e0 la victoire dans la lutte contre l'ins\u00e9curit\u00e9. Mais c'est notre unit\u00e9 m\u00eame qui est aujourd\u2019hui menac\u00e9e. Nous devons tout mettre en \u0153uvre pour pr\u00e9server notre unit\u00e9 car, pour citer le G\u00e9n\u00e9ral Yakubu Gowon, l'un des p\u00e8res fondateurs de la CEDEAO, \u00ab ni la g\u00e9n\u00e9ration de nos p\u00e8res fondateurs, ni les g\u00e9n\u00e9rations pr\u00e9sentes ou futures ne sauront comprendre ou pardonner l'\u00e9clatement de notre Communaut\u00e9 \u00bb.<\/p>\n\n\n\n<p class=\"wp-block-paragraph\">Mesdames et Messieurs, citoyens des \u00c9tats membres de la CEDEAO,<\/p>\n\n\n\n<p class=\"wp-block-paragraph\">\u00ab Renforcer l'unit\u00e9, la paix et la s\u00e9curit\u00e9 r\u00e9gionales \u00bb est le th\u00e8me que nous avons choisi pour la c\u00e9l\u00e9bration de ce 49e anniversaire. Le choix de ce th\u00e8me a pour but de refl\u00e9ter nos d\u00e9fis actuels et aussi de nous rappeler \u00e0 tous la n\u00e9cessit\u00e9 d'\u0153uvrer \u00e0 la pr\u00e9servation de l'unit\u00e9 et de la paix r\u00e9gionales, deux objectifs chers que nous ont fix\u00e9s les p\u00e8res fondateurs de la CEDEAO. Il s'agit d'objectifs que les Chefs d'\u00c9tat et de Gouvernement s'efforcent de sauvegarder chaque jour, par leurs efforts visant \u00e0 assurer la s\u00e9curit\u00e9 de nos populations et garantir l'int\u00e9grit\u00e9 de nos territoires.<\/p>\n\n\n\n<p class=\"wp-block-paragraph\">Je voudrais saisir cette opportunit\u00e9 pour remercier nos dirigeants, pass\u00e9s et pr\u00e9sents, les membres de la Communaut\u00e9 ainsi que le personnel de toutes les institutions et agences de la CEDEAO, pour les sacrifices qu'ils ne cessent de consentir au quotidien pour promouvoir les objectifs de notre Communaut\u00e9. Je voudrais \u00e9galement exprimer ma gratitude \u00e0 l\u2019ensemble de nos partenaires locaux et internationaux pour leur soutien constant \u00e0 la CEDEAO dans la mise en \u0153uvre des divers projets et programmes communautaires.<\/p>\n\n\n\n<p class=\"wp-block-paragraph\">Nous restons convaincus que c\u2019est dans l'unit\u00e9 que nous parviendrons \u00e0 pr\u00e9server la paix et \u00e0 renforcer nos actions pour la s\u00e9curit\u00e9 de nos \u00c9tats membres et de nos peuples. Par l'unit\u00e9, nous pr\u00e9serverons la stabilit\u00e9 r\u00e9gionale et le d\u00e9veloppement politique et socio-\u00e9conomique harmonieux de notre Communaut\u00e9.<\/p>\n\n\n\n<p class=\"wp-block-paragraph\">C'est sur ces mots d'espoir que je voudrais conclure mon propos. Je souhaite \u00e0 notre Communaut\u00e9 et \u00e0 nous tous un Joyeux Anniversaire.<\/p>\n\n\n\n<p class=\"wp-block-paragraph\">Vive notre Communaut\u00e9 !<\/p>\n\n\n\n<p class=\"wp-block-paragraph\">Vive la CEDEAO !<\/p>\n\n\n\n<p class=\"wp-block-paragraph\">Vive l'unit\u00e9 africaine.<br>101 Yakubu Gowon Crescent \u00b7 District d'Asokoro \u00b7 P.M.B. 401 \u00b7 Abuja \u00b7 Nig\u00e9ria<br>www.ecowas.int<\/p>\n","protected":false},"excerpt":{"rendered":"<p>MESSAGE DE SON EXCELLENCE DR OMAR ALIEU TOURAY, PR\u00c9SIDENT DE LA COMMISSION DE LA CEDEAO Mesdames et Messieurs, citoyens des \u00c9tats membres de la CEDEAO, Il y a exactement quarante-neuf (49) ans, les P\u00e8res fondateurs signaient le Trait\u00e9 instituant la Communaut\u00e9 \u00e9conomique des \u00c9tats de l&rsquo;Afrique de l&rsquo;Ouest. Depuis lors, la CEDEAO s\u2019est mise au [&hellip;]<\/p>\n","protected":false},"author":1,"featured_media":0,"comment_status":"open","ping_status":"closed","sticky":false,"template":"","format":"standard","meta":{"_jetpack_newsletter_access":"","_jetpack_dont_email_post_to_subs":false,"_jetpack_newsletter_tier_id":0,"_jetpack_memberships_contains_paywalled_content":false,"_jetpack_memberships_contains_paid_content":false,"footnotes":""},"categories":[42],"tags":[],"class_list":["post-28313","post","type-post","status-publish","format-standard","hentry","category-economie"],"jetpack_featured_media_url":"","jetpack_sharing_enabled":true,"_links":{"self":[{"href":"https:\/\/rp221.com\/index.php?rest_route=\/wp\/v2\/posts\/28313","targetHints":{"allow":["GET"]}}],"collection":[{"href":"https:\/\/rp221.com\/index.php?rest_route=\/wp\/v2\/posts"}],"about":[{"href":"https:\/\/rp221.com\/index.php?rest_route=\/wp\/v2\/types\/post"}],"author":[{"embeddable":true,"href":"https:\/\/rp221.com\/index.php?rest_route=\/wp\/v2\/users\/1"}],"replies":[{"embeddable":true,"href":"https:\/\/rp221.com\/index.php?rest_route=%2Fwp%2Fv2%2Fcomments&post=28313"}],"version-history":[{"count":0,"href":"https:\/\/rp221.com\/index.php?rest_route=\/wp\/v2\/posts\/28313\/revisions"}],"wp:attachment":[{"href":"https:\/\/rp221.com\/index.php?rest_route=%2Fwp%2Fv2%2Fmedia&parent=28313"}],"wp:term":[{"taxonomy":"category","embeddable":true,"href":"https:\/\/rp221.com\/index.php?rest_route=%2Fwp%2Fv2%2Fcategories&post=28313"},{"taxonomy":"post_tag","embeddable":true,"href":"https:\/\/rp221.com\/index.php?rest_route=%2Fwp%2Fv2%2Ftags&post=28313"}],"curies":[{"name":"wp","href":"https:\/\/api.w.org\/{rel}","templated":true}]}}