{"id":2817,"date":"2022-09-17T14:38:08","date_gmt":"2022-09-17T14:38:08","guid":{"rendered":"https:\/\/rp221.com\/?p=2817"},"modified":"2022-09-17T14:38:11","modified_gmt":"2022-09-17T14:38:11","slug":"declaration-de-macky-sall-une-strategie-pour-anesthesier-laffaire-mimi-toure-par-birama-thior","status":"publish","type":"post","link":"https:\/\/rp221.com\/?p=2817","title":{"rendered":"D\u00e9claration de Macky Sall : Une strat\u00e9gie pour \u00abanesth\u00e9sier\u00bb l\u2019affaire Mimi Tour\u00e9 ? Par Birama THIOR"},"content":{"rendered":"\n<h3 class=\"red\"><strong><em>D\u00e9claration de Macky Sall : Une strat\u00e9gie pour \u00abanesth\u00e9sier\u00bb l\u2019affaire Mimi Tour\u00e9 ? Par Birama THIOR<\/em><\/strong><\/h3>\nLe pr\u00e9sident de la R\u00e9publique Macky Sall s\u2019est adress\u00e9, ce vendredi, aux S\u00e9n\u00e9galais \u00e0 la surprise g\u00e9n\u00e9rale ou presque. Une sortie aux relents strat\u00e9giques au moment o\u00f9 Aminata Tour\u00e9 n\u2019a pas fini de balancer ses salves contre la \u00ab\u00a0dynastie\u00a0\u00bb Faye-Sall.\nNombreux sont les S\u00e9n\u00e9galais et autres observateurs qui s\u2019interrogent sur la quintessence de l\u2019Adresse \u00e0 la Nation du pr\u00e9sident de la R\u00e9publique. Les plus rigoristes, eux, n\u2019ont pas r\u00e9fl\u00e9chi \u00e0 deux fois pour qualifier le discours de d\u00e9pourvu sens. Une sortie qui pourrait \u00eatre r\u00e9sum\u00e9e \u00e0 au moins, trois axes, dont la tension \u00e0 l\u2019Assembl\u00e9e nationale n\u00e9e de l\u2019installation du bureau de la 14e l\u00e9gislature, la hausse vertigineuse des prix et la formation d\u2019un nouveau gouvernement.\nMais le jeu en valait-il vraiment la chandelle pour qu\u2019un pr\u00e9sident qui ne parle presque pas \u00e0 sa Nation en fasse autant ? Pourtant, un communiqu\u00e9 aurait suffi pour cette affaire qui serait m\u00eame sujet \u00e0 moins de sp\u00e9culations.\n<h4 class=\"blue\"><strong><em>Un speech pour desserrer l\u2019\u00e9tau<\/em><\/strong><\/h4>\nLe moins que nous puissions dire, c\u2019est que le locataire du Palais de Roume, en bon politicien, chercherait \u00e0 desserrer l\u2019\u00e9tau autour de lui avec la nouvelle affaire dite Mimi Tour\u00e9. Une grosse pointure de l\u2019Alliance pour la R\u00e9publique qui, frustr\u00e9e par le choix de Macky Sall pour la pr\u00e9sidence de l\u2019Assembl\u00e9e nationale, surfe sur la pr\u00e9f\u00e9rence familiale. Une fibre tr\u00e8s sensible quoi que toujours d\u00e9cri\u00e9e pour une certaine Opposition.\n<h4 class=\"blue\"><strong><em>L\u2019exp\u00e9rience du \u00ab\u00a0produit\u00a0\u00bb lib\u00e9ral<\/em><\/strong><\/h4>\nMacky Sall \u2013 nous ne cesserons de le rappeler ici \u2013 ne manque pas d\u2019exp\u00e9rience politique pour mesurer l\u2019impact de la toute nouvelle posture d\u2019Aminata Tour\u00e9 qui pourrait lui \u00eatre fatale pour le restant de ses jours \u00e0 la magistrature supr\u00eame. Une campagne qui aura, sans nul doute, plus de r\u00e9sonance que celles ant\u00e9rieures parce qu\u2019\u00e9manant d\u2019une tr\u00e8s proche collaboratrice.\nMieux, les souvenirs du r\u00e9gime lib\u00e9ral d\u2019Abdoulaye Wade avec Karim, \u00ab\u00a0ministre du ciel et de la terre\u00a0\u00bb, sont encore frais. Pour moins que \u00e7a, le pape du Sopi avait subi les diatribes de l\u2019Opposition d\u2019alors qui avait fini d\u2019avoir gain de cause \u00e0 la pr\u00e9sidentielle de 2012.\nD\u00e8s lors, allumer un contre-feu pour couper court au d\u00e9bat sur le n\u00e9potisme qui necesse d\u2019enfler pourrait constituer un bel \u00e9chappatoire pour le pr\u00e9sident de la R\u00e9publique, quelque peu esseul\u00e9.Birama THIOR<em>,<\/em>Journaliste\n","protected":false},"excerpt":{"rendered":"<p>D\u00e9claration de Macky Sall : Une strat\u00e9gie pour \u00abanesth\u00e9sier\u00bb l\u2019affaire Mimi Tour\u00e9 ? Par Birama THIOR Le pr\u00e9sident de la R\u00e9publique Macky Sall s\u2019est adress\u00e9, ce vendredi, aux S\u00e9n\u00e9galais \u00e0 la surprise g\u00e9n\u00e9rale ou presque. Une sortie aux relents strat\u00e9giques au moment o\u00f9 Aminata Tour\u00e9 n\u2019a pas fini de balancer ses salves contre la \u00ab\u00a0dynastie\u00a0\u00bb [&hellip;]<\/p>\n","protected":false},"author":8,"featured_media":0,"comment_status":"open","ping_status":"open","sticky":false,"template":"","format":"standard","meta":{"_jetpack_newsletter_access":"","_jetpack_dont_email_post_to_subs":false,"_jetpack_newsletter_tier_id":0,"_jetpack_memberships_contains_paywalled_content":false,"_jetpack_memberships_contains_paid_content":false,"footnotes":""},"categories":[45],"tags":[128,160,158,59],"class_list":["post-2817","post","type-post","status-publish","format-standard","hentry","category-contributions","tag-aminata-toure","tag-birama-thior","tag-discours-a-la-nation","tag-macky-sall"],"jetpack_featured_media_url":"","jetpack_sharing_enabled":true,"_links":{"self":[{"href":"https:\/\/rp221.com\/index.php?rest_route=\/wp\/v2\/posts\/2817","targetHints":{"allow":["GET"]}}],"collection":[{"href":"https:\/\/rp221.com\/index.php?rest_route=\/wp\/v2\/posts"}],"about":[{"href":"https:\/\/rp221.com\/index.php?rest_route=\/wp\/v2\/types\/post"}],"author":[{"embeddable":true,"href":"https:\/\/rp221.com\/index.php?rest_route=\/wp\/v2\/users\/8"}],"replies":[{"embeddable":true,"href":"https:\/\/rp221.com\/index.php?rest_route=%2Fwp%2Fv2%2Fcomments&post=2817"}],"version-history":[{"count":0,"href":"https:\/\/rp221.com\/index.php?rest_route=\/wp\/v2\/posts\/2817\/revisions"}],"wp:attachment":[{"href":"https:\/\/rp221.com\/index.php?rest_route=%2Fwp%2Fv2%2Fmedia&parent=2817"}],"wp:term":[{"taxonomy":"category","embeddable":true,"href":"https:\/\/rp221.com\/index.php?rest_route=%2Fwp%2Fv2%2Fcategories&post=2817"},{"taxonomy":"post_tag","embeddable":true,"href":"https:\/\/rp221.com\/index.php?rest_route=%2Fwp%2Fv2%2Ftags&post=2817"}],"curies":[{"name":"wp","href":"https:\/\/api.w.org\/{rel}","templated":true}]}}