{"id":28162,"date":"2024-05-25T19:15:09","date_gmt":"2024-05-25T19:15:09","guid":{"rendered":"https:\/\/rp221.com\/?p=28162"},"modified":"2024-05-25T19:15:25","modified_gmt":"2024-05-25T19:15:25","slug":"richesses-minieres-ngagne-demba-toure-denonce-les-13-du-senegal-sur-1507-milliards-fcfa-generes-en-2021","status":"publish","type":"post","link":"https:\/\/rp221.com\/?p=28162","title":{"rendered":"Richesses mini\u00e8res : Ngagne Demba Tour\u00e9 d\u00e9nonce les 13 % du S\u00e9n\u00e9gal sur 1507 milliards FCFA g\u00e9n\u00e9r\u00e9s en 2021"},"content":{"rendered":"\n<p class=\"wp-block-paragraph\">203,1 milliards de francs CFA sur 1507,7 milliards de francs CFA. C\u2019est le montant per\u00e7u par l\u2019Etat du S\u00e9n\u00e9gal et ses d\u00e9membrements sur toutes les richesses mini\u00e8res cr\u00e9\u00e9es dans notre pays au cours de l\u2019ann\u00e9e 2021. Une quote part de 13% d\u00e9nonc\u00e9e par Ngagne Demba Tour\u00e9. Le nouveau directeur g\u00e9n\u00e9ral de la Soci\u00e9t\u00e9 des mines du S\u00e9n\u00e9gal (SOMISEN) a fustig\u00e9 la \u00ab&nbsp;gouvernance discutable du secteur minier&nbsp;\u00bb qui est \u00e0 l\u2019origine de \u00ab&nbsp;plusieurs anomalies&nbsp;\u00bb dont cette faiblesse des sommes re\u00e7ues par l\u2019Etat s\u00e9n\u00e9galais.&nbsp;<\/p>\n\n\n\n<p class=\"wp-block-paragraph\">Le nouveau patron du secteur minier national a pris la succession de Ousmane Ciss\u00e9 au cours d\u2019une c\u00e9r\u00e9monie de passation de service tenue le 24 mai \u00e0 Dakar, en pr\u00e9sence de membres du Conseil d\u2019administration de la SOMISEN.<\/p>\n\n\n\n<p class=\"wp-block-paragraph\">M\u00eame s\u2019il a remerci\u00e9 son pr\u00e9d\u00e9cesseur et le personnel de l\u2019entreprise dans les trois derni\u00e8res ann\u00e9es, Ngagne Demba Tour\u00e9 a \u00e9galement fustig\u00e9 le niveau des participations de l\u2019Etat dans 12 conventions mini\u00e8res sign\u00e9es avec des entreprises \u00e9trang\u00e8res : seulement 10% de droits sur 10 conventions et 15% sur une autre convention.<\/p>\n\n\n\n<p class=\"wp-block-paragraph\">Le DG de la SOMISEN a par ailleurs constat\u00e9 \u00ab&nbsp;le non recouvrement d\u2019une part importante des redevances mini\u00e8res dues \u00e0 l\u2019Etat&nbsp;\u00bb, \u00ab&nbsp;le d\u00e9faut de transparence dans les op\u00e9rations mini\u00e8res&nbsp;\u00bb en g\u00e9n\u00e9ral ainsi que le non respect des droits des employ\u00e9s des entreprises mini\u00e8res, de leur s\u00e9curit\u00e9 au travail et les torts inflig\u00e9s \u00e0 l\u2019environnement\u2026&nbsp;<\/p>\n\n\n\n<p class=\"wp-block-paragraph\">Avec le changement d\u2019orientation que le nouveau r\u00e9gime entend impulser au secteur, Ngagne Demba Tour\u00e9 a affirm\u00e9 que \u00ab&nbsp;les ressources mini\u00e8res du pays doivent favoriser l\u2019essor d\u2019une industrie dynamique et comp\u00e9titive capable de g\u00e9n\u00e9rer une croissance durable, inclusive et cr\u00e9atrice d\u2019emplois&nbsp;\u00bb.&nbsp;<\/p>\n\n\n\n<p class=\"wp-block-paragraph\">Dans cette dynamique, a-t-il ajout\u00e9, le S\u00e9n\u00e9gal \u00ab&nbsp;ne doit plus exporter tous les minerais extraits de son sous-sol pour importer des produits finis issus de ces m\u00eames minerais&nbsp;\u00bb. Aussi, le DG de l\u2019entreprise nationale souhaite-t-il que \u00ab&nbsp;le bijoutier s\u00e9n\u00e9galais (ne fasse plus) des milliers de kilom\u00e8tres pour rallier Duba\u00ef \u00e0 la recherche de bijoux alors que l\u2019or extrait ici \u00e0 K\u00e9dougou quitte le pays pour \u00eatre raffin\u00e9 en Suisse ou au Canada&nbsp;\u00bb.&nbsp;<\/p>\n\n\n\n<p class=\"wp-block-paragraph\">Les principales richesses mini\u00e8res du S\u00e9n\u00e9gal, outre l\u2019or, sont les suivantes : platine, zircon,&nbsp;uranium, lithium, fer, mangan\u00e8se, bauxite, rutile, cuivre, nickel, plomb, chrome, barytine, calcaires, phosphates, basalte, etc.&nbsp;<\/p>\n\n\n\n<p class=\"wp-block-paragraph\">La Soci\u00e9t\u00e9 des mines du S\u00e9n\u00e9gal existe depuis le 6 novembre 2020 pour assurer la gestion du patrimoine minier de l\u2019Etat \u00e0 travers plusieurs missions li\u00e9es aux participations de l\u2019Etat dans les entreprises et op\u00e9rations mini\u00e8res diverses.&nbsp;<strong>[IMPACT.SN]<\/strong><\/p>\n","protected":false},"excerpt":{"rendered":"<p>203,1 milliards de francs CFA sur 1507,7 milliards de francs CFA. C\u2019est le montant per\u00e7u par l\u2019Etat du S\u00e9n\u00e9gal et ses d\u00e9membrements sur toutes les richesses mini\u00e8res cr\u00e9\u00e9es dans notre pays au cours de l\u2019ann\u00e9e 2021. Une quote part de 13% d\u00e9nonc\u00e9e par Ngagne Demba Tour\u00e9. Le nouveau directeur g\u00e9n\u00e9ral de la Soci\u00e9t\u00e9 des mines [&hellip;]<\/p>\n","protected":false},"author":1,"featured_media":0,"comment_status":"open","ping_status":"closed","sticky":false,"template":"","format":"standard","meta":{"_jetpack_newsletter_access":"","_jetpack_dont_email_post_to_subs":false,"_jetpack_newsletter_tier_id":0,"_jetpack_memberships_contains_paywalled_content":false,"_jetpack_memberships_contains_paid_content":false,"footnotes":""},"categories":[42],"tags":[],"class_list":["post-28162","post","type-post","status-publish","format-standard","hentry","category-economie"],"jetpack_featured_media_url":"","jetpack_sharing_enabled":true,"_links":{"self":[{"href":"https:\/\/rp221.com\/index.php?rest_route=\/wp\/v2\/posts\/28162","targetHints":{"allow":["GET"]}}],"collection":[{"href":"https:\/\/rp221.com\/index.php?rest_route=\/wp\/v2\/posts"}],"about":[{"href":"https:\/\/rp221.com\/index.php?rest_route=\/wp\/v2\/types\/post"}],"author":[{"embeddable":true,"href":"https:\/\/rp221.com\/index.php?rest_route=\/wp\/v2\/users\/1"}],"replies":[{"embeddable":true,"href":"https:\/\/rp221.com\/index.php?rest_route=%2Fwp%2Fv2%2Fcomments&post=28162"}],"version-history":[{"count":0,"href":"https:\/\/rp221.com\/index.php?rest_route=\/wp\/v2\/posts\/28162\/revisions"}],"wp:attachment":[{"href":"https:\/\/rp221.com\/index.php?rest_route=%2Fwp%2Fv2%2Fmedia&parent=28162"}],"wp:term":[{"taxonomy":"category","embeddable":true,"href":"https:\/\/rp221.com\/index.php?rest_route=%2Fwp%2Fv2%2Fcategories&post=28162"},{"taxonomy":"post_tag","embeddable":true,"href":"https:\/\/rp221.com\/index.php?rest_route=%2Fwp%2Fv2%2Ftags&post=28162"}],"curies":[{"name":"wp","href":"https:\/\/api.w.org\/{rel}","templated":true}]}}