{"id":28082,"date":"2024-05-24T22:16:02","date_gmt":"2024-05-24T22:16:02","guid":{"rendered":"https:\/\/rp221.com\/?p=28082"},"modified":"2024-05-24T22:16:03","modified_gmt":"2024-05-24T22:16:03","slug":"bilan-des-realisations-du-3fpt-sur-la-periode-2016-2023","status":"publish","type":"post","link":"https:\/\/rp221.com\/?p=28082","title":{"rendered":"Bilan des r\u00e9alisations du 3FPT sur la p\u00e9riode 2016-2023"},"content":{"rendered":"\n<p class=\"wp-block-paragraph\">Nous vous partageons le bilan des r\u00e9alisations du Fonds de Financement de la Formation professionnelle et technique (3FPT) sur la p\u00e9riode 2016-2023. Ces ann\u00e9es ont \u00e9t\u00e9 marqu\u00e9es par des initiatives visant \u00e0 promouvoir l'employabilit\u00e9 des jeunes et des femmes au S\u00e9n\u00e9gal par le renforcement de capacit\u00e9s.<\/p>\n\n\n\n<p class=\"wp-block-paragraph\">Nos axes d\u2019intervention :<\/p>\n\n\n\n<ul class=\"wp-block-list\">\n<li>Formation du personnel des entreprises<\/li>\n\n\n\n<li>Soutien aux jeunes en qu\u00eate de qualification<\/li>\n\n\n\n<li>Appui aux \u00e9tablissements de formation professionnelle et technique (EFPT)<\/li>\n\n\n\n<li>Accr\u00e9ditation et labellisation des organismes de formation et EFPT<\/li>\n<\/ul>\n\n\n\n<p class=\"wp-block-paragraph\">De 2016 \u00e0 2023, le 3FPT a financ\u00e9 la formation de <em>394 992<\/em> personnes et appuy\u00e9 <em>656 projets d\u2019investissement<\/em> en faveur des \u00e9tablissements publics de formation professionnelle et technique, pour un montant global de plus de <em>90 milliards de FCFA<\/em>.<\/p>\n\n\n\n<p class=\"wp-block-paragraph\">Pour d\u00e9couvrir, en d\u00e9tail, les initiatives et les projets men\u00e9s au cours de cette p\u00e9riode, cliquez sur le lien ci-dessous pour acc\u00e9der au bilan complet : https:\/\/3fpt.sn\/IMG\/pdf\/3fpt_bilan_2016-2023.pdf<\/p>\n","protected":false},"excerpt":{"rendered":"<p>Nous vous partageons le bilan des r\u00e9alisations du Fonds de Financement de la Formation professionnelle et technique (3FPT) sur la p\u00e9riode 2016-2023. Ces ann\u00e9es ont \u00e9t\u00e9 marqu\u00e9es par des initiatives visant \u00e0 promouvoir l&#8217;employabilit\u00e9 des jeunes et des femmes au S\u00e9n\u00e9gal par le renforcement de capacit\u00e9s. Nos axes d\u2019intervention : De 2016 \u00e0 2023, le [&hellip;]<\/p>\n","protected":false},"author":1,"featured_media":0,"comment_status":"open","ping_status":"closed","sticky":false,"template":"","format":"standard","meta":{"_jetpack_newsletter_access":"","_jetpack_dont_email_post_to_subs":false,"_jetpack_newsletter_tier_id":0,"_jetpack_memberships_contains_paywalled_content":false,"_jetpack_memberships_contains_paid_content":false,"footnotes":""},"categories":[42],"tags":[],"class_list":["post-28082","post","type-post","status-publish","format-standard","hentry","category-economie"],"jetpack_featured_media_url":"","jetpack_sharing_enabled":true,"_links":{"self":[{"href":"https:\/\/rp221.com\/index.php?rest_route=\/wp\/v2\/posts\/28082","targetHints":{"allow":["GET"]}}],"collection":[{"href":"https:\/\/rp221.com\/index.php?rest_route=\/wp\/v2\/posts"}],"about":[{"href":"https:\/\/rp221.com\/index.php?rest_route=\/wp\/v2\/types\/post"}],"author":[{"embeddable":true,"href":"https:\/\/rp221.com\/index.php?rest_route=\/wp\/v2\/users\/1"}],"replies":[{"embeddable":true,"href":"https:\/\/rp221.com\/index.php?rest_route=%2Fwp%2Fv2%2Fcomments&post=28082"}],"version-history":[{"count":0,"href":"https:\/\/rp221.com\/index.php?rest_route=\/wp\/v2\/posts\/28082\/revisions"}],"wp:attachment":[{"href":"https:\/\/rp221.com\/index.php?rest_route=%2Fwp%2Fv2%2Fmedia&parent=28082"}],"wp:term":[{"taxonomy":"category","embeddable":true,"href":"https:\/\/rp221.com\/index.php?rest_route=%2Fwp%2Fv2%2Fcategories&post=28082"},{"taxonomy":"post_tag","embeddable":true,"href":"https:\/\/rp221.com\/index.php?rest_route=%2Fwp%2Fv2%2Ftags&post=28082"}],"curies":[{"name":"wp","href":"https:\/\/api.w.org\/{rel}","templated":true}]}}