{"id":2806,"date":"2022-09-17T14:32:17","date_gmt":"2022-09-17T14:32:17","guid":{"rendered":"https:\/\/rp221.com\/?p=2806"},"modified":"2022-09-17T14:32:21","modified_gmt":"2022-09-17T14:32:21","slug":"macky-tout-ca-pour-ca-par-abass-fall","status":"publish","type":"post","link":"https:\/\/rp221.com\/?p=2806","title":{"rendered":"Macky tout \u00e7a pour \u00e7a ! Par Abass FALL"},"content":{"rendered":"\n<h3 class=\"red\"><strong><em>Macky tout \u00e7a pour \u00e7a ! Par Abass FALL<\/em><\/strong><\/h3>\nMacky Sall, dans un geste troubl\u00e9 et un regard vide, vient encore une fois de montrer qu\u2019il n\u2019a aucun respect pour les S\u00e9n\u00e9galais.\nC\u2019est un Macky Sall qui avait promis de r\u00e9duire l\u2019opposition \u00e0 sa plus simple expression, en emprisonnant Karim Wade, Khalifa Sall et en tentant d\u2019\u00e9liminer son opposant le plus irr\u00e9ductible et le plus s\u00e9rieux Ousmane SONKO, qui donne, \u00e0 pr\u00e9sent, une le\u00e7on de morale et de d\u00e9mocratie. Vous imaginez Pablo Escabor donner des le\u00e7ons de morale \u00e0 la Cosa Nostra ?\n<h4 class=\"blue\"><strong><em>Des attentes sur cette sortie ? Difficile d\u2019en avoir, tellement que nous connaissons l\u2019homme, fonci\u00e8rement rancunier, pour ne jamais saisir les bonnes occasions et se mettre \u00e0 la hauteur qu\u2019exigent son rang et sa fonction.<\/em><\/strong><\/h4>\nCertains \u00e9ternels optimistes et de plus en plus rares, s\u2019attendaient \u00e0 une\nd\u00e9claration claire et nette sur la 3\u00e8me candidature, au lieu d\u2019une logorrh\u00e9e\nvide sans queue ni t\u00eate qui cherche \u00e0 rejeter la responsabilit\u00e9 de ce qui s\u2019est pass\u00e9 le jour de l\u2019installation du bureau de l\u2019Assembl\u00e9e nationale sur l\u2019opposition. Il oublie que la violation du r\u00e8glement int\u00e9rieur vient de lui et de son camp qui n\u2019\u00e9taient pas s\u00fbrs des r\u00e9sultats d\u00e9sastreux qui allaient d\u00e9couler de cette \u00e9lection du bureau.\nMacky Sall a torpill\u00e9 l\u2019institution parlementaire en y envoyant la gendarmerie comme \u00e0 ses habitudes. Il est \u00e0 l\u2019aise sur le terrain de la violence et de la r\u00e9pression, voil\u00e0 le registre o\u00f9 il ne d\u00e9\u00e7oit jamais les attentes de son peuple. Il a toujours utilis\u00e9 la violence comme mode de gestion en lieu et place de la concertation et de la comp\u00e9tence.\nSon discours n\u2019est rien d\u2019autre qu\u2019une orientation claire vers ses d\u00e9sirs et volont\u00e9s depuis 2012 : faire r\u00e9gner la dynastie faye-sall aussi longtemps que possible au S\u00e9n\u00e9gal.\nLe S\u00e9n\u00e9gal lui survivra mais en attendant surveillons. Un rappel \u00e0 toutes fins utiles : article 27 \u00ab de la constitution Nul ne peut faire plus de 2 mandats cons\u00e9cutifs\u00bbAbass FALL,D\u00e9put\u00e9 14e l\u00e9gislature,1er Adjoint au Maire Ville de Dakar,Coordonnateur de PASTEF Dakar\n\n","protected":false},"excerpt":{"rendered":"<p>Macky tout \u00e7a pour \u00e7a ! Par Abass FALL Macky Sall, dans un geste troubl\u00e9 et un regard vide, vient encore une fois de montrer qu\u2019il n\u2019a aucun respect pour les S\u00e9n\u00e9galais. C\u2019est un Macky Sall qui avait promis de r\u00e9duire l\u2019opposition \u00e0 sa plus simple expression, en emprisonnant Karim Wade, Khalifa Sall et en [&hellip;]<\/p>\n","protected":false},"author":8,"featured_media":0,"comment_status":"open","ping_status":"open","sticky":false,"template":"","format":"standard","meta":{"_jetpack_newsletter_access":"","_jetpack_dont_email_post_to_subs":false,"_jetpack_newsletter_tier_id":0,"_jetpack_memberships_contains_paywalled_content":false,"_jetpack_memberships_contains_paid_content":false,"footnotes":""},"categories":[45],"tags":[136,59],"class_list":["post-2806","post","type-post","status-publish","format-standard","hentry","category-contributions","tag-abass-fall","tag-macky-sall"],"jetpack_featured_media_url":"","jetpack_sharing_enabled":true,"_links":{"self":[{"href":"https:\/\/rp221.com\/index.php?rest_route=\/wp\/v2\/posts\/2806","targetHints":{"allow":["GET"]}}],"collection":[{"href":"https:\/\/rp221.com\/index.php?rest_route=\/wp\/v2\/posts"}],"about":[{"href":"https:\/\/rp221.com\/index.php?rest_route=\/wp\/v2\/types\/post"}],"author":[{"embeddable":true,"href":"https:\/\/rp221.com\/index.php?rest_route=\/wp\/v2\/users\/8"}],"replies":[{"embeddable":true,"href":"https:\/\/rp221.com\/index.php?rest_route=%2Fwp%2Fv2%2Fcomments&post=2806"}],"version-history":[{"count":0,"href":"https:\/\/rp221.com\/index.php?rest_route=\/wp\/v2\/posts\/2806\/revisions"}],"wp:attachment":[{"href":"https:\/\/rp221.com\/index.php?rest_route=%2Fwp%2Fv2%2Fmedia&parent=2806"}],"wp:term":[{"taxonomy":"category","embeddable":true,"href":"https:\/\/rp221.com\/index.php?rest_route=%2Fwp%2Fv2%2Fcategories&post=2806"},{"taxonomy":"post_tag","embeddable":true,"href":"https:\/\/rp221.com\/index.php?rest_route=%2Fwp%2Fv2%2Ftags&post=2806"}],"curies":[{"name":"wp","href":"https:\/\/api.w.org\/{rel}","templated":true}]}}