{"id":2794,"date":"2022-09-17T14:20:09","date_gmt":"2022-09-17T14:20:09","guid":{"rendered":"https:\/\/rp221.com\/?p=2794"},"modified":"2022-09-17T14:20:12","modified_gmt":"2022-09-17T14:20:12","slug":"lettre-ouverte-a-la-classe-politique-senegalaise-par-mamoudou-amadou-ly","status":"publish","type":"post","link":"https:\/\/rp221.com\/?p=2794","title":{"rendered":"LETTRE OUVERTE \u00c0 LA CLASSE POLITIQUE S\u00c9N\u00c9GALAISE PAR MAMOUDOU AMADOU LY"},"content":{"rendered":"\n<h3 class=\"red\"><strong><em>LETTRE OUVERTE \u00c0 LA CLASSE POLITIQUE S\u00c9N\u00c9GALAISE PAR MAMOUDOU AMADOU LY<\/em><\/strong><\/h3>\nL\u2019une des pistes de r\u00e9flexion pour une contribution \u00e0 une sortie de cette crise consisterait pour le pr\u00e9sident \u00e0 r\u00e9unir autour de lui, son camp et celui de l\u2019opposition\nDepuis bient\u00f4t un mois, le verdict des urnes a rendu la sentence souveraine du peuple s\u00e9n\u00e9galais, sentence qui est le strict reflet de la situation politique du pays.\nPour la premi\u00e8re fois depuis l\u2019accession de notre pays \u00e0 l\u2019ind\u00e9pendance, un gouvernement au pouvoir depuis dix ans n\u2019a pas \u00e9t\u00e9 en mesure de gagner des \u00e9lections l\u00e9gislatives avec une nette majorit\u00e9 lui permettant de g\u00e9rer les affaires du pays avec les coud\u00e9es franches.\nAinsi, le pr\u00e9sident de la R\u00e9publique, emp\u00eatr\u00e9 dans des op\u00e9rations de ralliement \u00e0 son camp des membres de l\u2019opposition pour tenter d\u2019obtenir une majorit\u00e9 \u00e0 l\u2019Assembl\u00e9e nationale, \u00e9prouve des difficult\u00e9s \u00e0 former son gouvernement.\n<h4 class=\"blue\"><strong><em>\u00c0 mon avis, cette d\u00e9marche du pr\u00e9sident de la R\u00e9publique conduit \u00e0 une impasse politique et gouvernementale, car aujourd\u2019hui, l\u2019entr\u00e9e massive de la jeunesse dans le jeu politique fait que le peuple jette son regard quotidien sur les moindres faits et gestes du pouvoir par le biais des jeunes qui sont prompts \u00e0 exprimer leur m\u00e9contentement end\u00e9mique en toutes circonstances.<\/em><\/strong><\/h4>\n\u00c0 mon avis, l\u2019une des pistes de r\u00e9flexion pour une contribution \u00e0 une sortie de cette crise consisterait pour le pr\u00e9sident \u00e0 r\u00e9unir autour de lui, son camp et celui de l\u2019opposition confondus, \u00e0 discuter en toute transparence d\u2019un programme de gouvernement consensuel, \u00e0 nommer un Premier ministre issu de l\u2019opposition avec une r\u00e9partition minist\u00e9rielle lui r\u00e9servant, comme il se doit, des minist\u00e8res r\u00e9galiens et \u00e0 annoncer dans la foul\u00e9e sa d\u00e9cision de renoncer \u00e0 un troisi\u00e8me mandat.\nMonsieur le pr\u00e9sident, cette derni\u00e8re d\u00e9cision fera de vous un grand homme d\u2019Etat car vous n\u2019avez rien \u00e0 craindre pour votre bilan qui est en bonne position compar\u00e9e \u00e0 ceux de vos pr\u00e9d\u00e9cesseurs.\nEn d\u00e9mocratie, un pr\u00e9sident en exercice est rarement populaire apr\u00e8s un premier mandat \u00e0 cause de l\u2019usure du pouvoir et l\u2019insatisfaction du peuple trop press\u00e9 de voir ses aspirations combl\u00e9es.Vous \u00eates d\u00e9j\u00e0 entr\u00e9 dans l\u2019Histoire pour avoir \u00e9t\u00e9 \u00e9lu d\u00e9mocratiquement.\nMais \u00e0 la lecture des r\u00e9sultats des \u00e9lections l\u00e9gislatives et locales pass\u00e9es, l\u2019on note que le pouvoir est en perte de popularit\u00e9 donc de toute chance de gagner les futures \u00e9lections pr\u00e9sidentielles.\nEn prenant en compte ces suggestions, le pays pourra s\u2019installer dans la paix sociale comme cela a \u00e9t\u00e9 le cas au cours de son histoire depuis son ind\u00e9pendance et se mobiliser comme un seul homme pour s\u2019attaquer \u00e0 la crise \u00e9conomique et au ch\u00f4mage dramatique des jeunes.\nAinsi, vous et vos compagnons ainsi que toute la classe politique ne manquerez pas de saisir cette occasion de s\u2019installer dans la grande Histoire de notre pays.<em>Mamoudou Amadou Ly <a href=\"https:\/\/www.seneplus.com\" data-saferedirecturl=\"https:\/\/www.google.com\/url?hl=fr&amp;q=https:\/\/www.seneplus.com&amp;source=gmail&amp;ust=1663505152164000&amp;usg=AOvVaw0U8jWE31KxdnyC51uO9e1c\">https:\/\/www.seneplus.com<\/a> <\/em>\n","protected":false},"excerpt":{"rendered":"<p>LETTRE OUVERTE \u00c0 LA CLASSE POLITIQUE S\u00c9N\u00c9GALAISE PAR MAMOUDOU AMADOU LY L\u2019une des pistes de r\u00e9flexion pour une contribution \u00e0 une sortie de cette crise consisterait pour le pr\u00e9sident \u00e0 r\u00e9unir autour de lui, son camp et celui de l\u2019opposition Depuis bient\u00f4t un mois, le verdict des urnes a rendu la sentence souveraine du peuple [&hellip;]<\/p>\n","protected":false},"author":8,"featured_media":0,"comment_status":"open","ping_status":"open","sticky":false,"template":"","format":"standard","meta":{"_jetpack_newsletter_access":"","_jetpack_dont_email_post_to_subs":false,"_jetpack_newsletter_tier_id":0,"_jetpack_memberships_contains_paywalled_content":false,"_jetpack_memberships_contains_paid_content":false,"footnotes":""},"categories":[45],"tags":[155],"class_list":["post-2794","post","type-post","status-publish","format-standard","hentry","category-contributions","tag-mamoudou-amadou-ly"],"jetpack_featured_media_url":"","jetpack_sharing_enabled":true,"_links":{"self":[{"href":"https:\/\/rp221.com\/index.php?rest_route=\/wp\/v2\/posts\/2794","targetHints":{"allow":["GET"]}}],"collection":[{"href":"https:\/\/rp221.com\/index.php?rest_route=\/wp\/v2\/posts"}],"about":[{"href":"https:\/\/rp221.com\/index.php?rest_route=\/wp\/v2\/types\/post"}],"author":[{"embeddable":true,"href":"https:\/\/rp221.com\/index.php?rest_route=\/wp\/v2\/users\/8"}],"replies":[{"embeddable":true,"href":"https:\/\/rp221.com\/index.php?rest_route=%2Fwp%2Fv2%2Fcomments&post=2794"}],"version-history":[{"count":0,"href":"https:\/\/rp221.com\/index.php?rest_route=\/wp\/v2\/posts\/2794\/revisions"}],"wp:attachment":[{"href":"https:\/\/rp221.com\/index.php?rest_route=%2Fwp%2Fv2%2Fmedia&parent=2794"}],"wp:term":[{"taxonomy":"category","embeddable":true,"href":"https:\/\/rp221.com\/index.php?rest_route=%2Fwp%2Fv2%2Fcategories&post=2794"},{"taxonomy":"post_tag","embeddable":true,"href":"https:\/\/rp221.com\/index.php?rest_route=%2Fwp%2Fv2%2Ftags&post=2794"}],"curies":[{"name":"wp","href":"https:\/\/api.w.org\/{rel}","templated":true}]}}