{"id":27751,"date":"2024-05-20T21:20:12","date_gmt":"2024-05-20T21:20:12","guid":{"rendered":"https:\/\/rp221.com\/?p=27751"},"modified":"2024-05-20T21:21:02","modified_gmt":"2024-05-20T21:21:02","slug":"reformes-economiques-au-senegal-les-marges-de-manoeuvres-limitees-du-nouveau-pouvoir","status":"publish","type":"post","link":"https:\/\/rp221.com\/?p=27751","title":{"rendered":"R\u00e9formes \u00e9conomiques au S\u00e9n\u00e9gal : les marges de manoeuvres limit\u00e9es du nouveau\u00a0pouvoir"},"content":{"rendered":"\n<p class=\"wp-block-paragraph\">L'\u00e9lection de&nbsp;<a href=\"https:\/\/theconversation.com\/de-dauphin-en-prison-a-president-du-senegal-le-fulgurant-destin-de-bassirou-diomaye-faye-226545\">Bassirou Diomaye Faye<\/a>&nbsp;\u00e0 la pr\u00e9sidence du S\u00e9n\u00e9gal le 24 mars 2024, apr\u00e8s un processus \u00e9lectoral mouvement\u00e9, refl\u00e8te la&nbsp;<a href=\"https:\/\/www.bfmtv.com\/international\/afrique\/senegal\/senegal-le-conseil-constitutionnel-demande-une-election-presidentielle-avant-la-fin-du-mandat-de-macky-sall_AD-202403060947.html\">r\u00e9silience <\/a>des institutions d\u00e9mocratiques du pays. L'av\u00e8nement d'un nouveau pouvoir offre l\u2019occasion de renforcer la gouvernance transparente et de lutter contre les in\u00e9galit\u00e9s dans le pays. C'est la premi\u00e8re fois depuis l'ind\u00e9pendance du S\u00e9n\u00e9gal de la France en 1960 qu'un candidat de l'opposition gagnait une \u00e9lection d\u00e8s le premier tour.&nbsp;<\/p>\n\n\n\n<p class=\"wp-block-paragraph\">Faye, qui a \u00e9t\u00e9 lib\u00e9r\u00e9 de prison dix jours avant le scrutin, a en effet&nbsp;<a href=\"https:\/\/www.france24.com\/fr\/info-en-continu\/20240327-%F0%9F%94%B4-pr%C3%A9sidentielle-au-s%C3%A9n%C3%A9gal-bassirou-diomaye-faye-l-emporte-avec-54-28-r%C3%A9sultats-officiels-provisoires\">remport\u00e9<\/a>&nbsp;le scrutin avec 54,28 % des suffrages, devant ainsi le cinqui\u00e8me pr\u00e9sident du S\u00e9n\u00e9gal. Il a imm\u00e9diatement&nbsp;<a href=\"https:\/\/www.sec.gouv.sn\/publications\/actualites\/monsieur-ousmane-sonko-nomme-premier-ministre#:%7E:text=Son%20Excellence%20Monsieur%20(SEM)%20le,du%20Chef%20de%20l'%C3%89tat.\">nomm\u00e9<\/a>&nbsp;son camarade et leader de parti Ousmane Sonko au poste de Premier ministre.<\/p>\n\n\n\n<p class=\"wp-block-paragraph\">Les m\u00e9dias occidentaux ont tent\u00e9 de montrer que Faye, pr\u00e9sent\u00e9 comme un&nbsp;<a href=\"https:\/\/www.lefigaro.fr\/international\/senegal-faye-devient-le-cinquieme-president-promettant-une-democratie-renforcee-et-plus-de-souverainete-20240402\">\u201cpanafricaniste de gauche\u201d<\/a>, souhaitait promouvoir une culture africaine authentique pour rompre avec l'influence occidentale postcoloniale. L'orientation politique du duo Faye-Sonko correspond surtout \u00e0 celle de leur parti, les Patriotes du S\u00e9n\u00e9gal pour le travail, l'\u00e9thique et la fraternit\u00e9 (Pastef), une organisation fond\u00e9e par Sonko en 2014.&nbsp;<\/p>\n\n\n\n<p class=\"wp-block-paragraph\">Bien que leurs intentions paraissent radicales, leur principal objectif est de renforcer l'ind\u00e9pendance nationale du pays. Cette orientation nationaliste rapprochera \u00e9galement le nouveau gouvernement du S\u00e9n\u00e9gal des&nbsp;<a href=\"https:\/\/www.dw.com\/fr\/senegal-faye-aes-cedeao-politique\/a-68743922\">juntes militaires voisines<\/a>&nbsp;qui gouvernent la Guin\u00e9e, le Mali, le Burkina Faso et le Niger. Paris, qui a toujours eu \u00e0 c\u0153ur de pr\u00e9server sa pr\u00e9sence postcoloniale, notamment ses bases militaires, le franc CFA et la langue fran\u00e7aise, est d\u00e9sormais contraint de suivre les \u00e9v\u00e9nements.&nbsp;<\/p>\n\n\n\n<p class=\"wp-block-paragraph\">En tant que chercheur, j'ai analys\u00e9&nbsp;<a href=\"https:\/\/mpra.ub.uni-muenchen.de\/92739\/\">les transitions d\u00e9mocratiques<\/a>&nbsp;au S\u00e9n\u00e9gal. Ma&nbsp;<a href=\"https:\/\/www.researchgate.net\/publication\/380075152_Transition_of_power_in_Senegal_How_realistic_are_the_new_hopefuls%27_prospects\">r\u00e9cente \u00e9tude<\/a>&nbsp;analyse les forces, faiblesses, opportunit\u00e9s et menaces associ\u00e9es aux politiques des nouvelles autorit\u00e9s. Selon moi, le gouvernement s\u00e9n\u00e9galais devra bient\u00f4t s'adapter \u00e0 la dure r\u00e9alit\u00e9 des in\u00e9galit\u00e9s \u00e9conomiques.<\/p>\n\n\n\n<h2 class=\"wp-block-heading\">Contrats de \u201cd\u00e9possession\u201d<\/h2>\n\n\n\n<p class=\"wp-block-paragraph\">Faye et Sonko ont promis de&nbsp;<a href=\"https:\/\/www.seneweb.com\/news\/Economie\/franc-cfa-bassirou-diomaye-faye-a-t-il-r_n_440015.html\">ren\u00e9gocier les termes de la monnaie CFA<\/a>, soutenue par la France, ainsi que&nbsp;<a href=\"https:\/\/www.lemonde.fr\/afrique\/article\/2024\/04\/22\/renegociation-des-contrats-d-hydrocarbures-au-senegal-l-option-risquee-du-president-faye_6229176_3212.html\">les contrats p\u00e9troliers et gaziers<\/a>&nbsp;avec des soci\u00e9t\u00e9s \u00e9trang\u00e8res, tels que BP, Kosmos Energy et Woodside Energy Group afin d'augmenter les revenus de l'\u00c9tat issus de ces ressources \u00e9nerg\u00e9tiques.&nbsp;<\/p>\n\n\n\n<p class=\"wp-block-paragraph\">Sonko a qualifi\u00e9 \u00e0 plusieurs reprises ces contrats de \u201cd\u00e9possession\u201d des S\u00e9n\u00e9galais, parce que les ressources auraient \u00e9t\u00e9 vendues bien en dessous de leur valeur. De quoi provoquer une agitation au sein du secteur, apr\u00e8s plusieurs milliards de dollars d\u2019investissements cumul\u00e9s entre majors et sous-traitants locaux, directement ou indirectement. En outre, les pr\u00e9visions de croissance sont devenues plus sombres en raison de l\u2019effondrement de la demande mondiale de nouvelles sources d\u2019\u00e9nergie.<\/p>\n\n\n\n<p class=\"wp-block-paragraph\">L'intention de \u201cprot\u00e9ger\u201d l'industrie p\u00e9troli\u00e8re et gazi\u00e8re de tout contr\u00f4le \u00e9tranger pourrait d\u00e9courager les investissements dans ce secteur.<\/p>\n\n\n\n<p class=\"wp-block-paragraph\">Du c\u00f4t\u00e9 de la demande, la croissance de la consommation priv\u00e9e a ralenti, refl\u00e9tant la perte de pouvoir d'achat li\u00e9e \u00e0 une inflation \u00e9lev\u00e9e, tandis que l'investissement a \u00e9t\u00e9 affect\u00e9 par les incertitudes li\u00e9es au climat sociopolitique.&nbsp;<\/p>\n\n\n\n<p class=\"wp-block-paragraph\">Du c\u00f4t\u00e9 de l'offre, l'activit\u00e9 dans le secteur tertiaire, touch\u00e9e par les troubles sociaux et les tensions politiques, a ralenti. L\u2019inflation est&nbsp;<a href=\"https:\/\/www.worldbank.org\/en\/country\/senegal\/overview\">rest\u00e9e \u00e9lev\u00e9e<\/a>, m\u00eame si elle devrait se mod\u00e9rer \u00e0 6,1 % en 2023, apr\u00e8s avoir culmin\u00e9 \u00e0 environ 9,7 % en 2022, suite \u00e0 la chute des prix internationaux des mati\u00e8res premi\u00e8res et \u00e0 la normalisation des cha\u00eenes d\u2019approvisionnement.&nbsp;<\/p>\n\n\n\n<p class=\"wp-block-paragraph\">Les vuln\u00e9rabilit\u00e9s structurelles telles qu'une faible productivit\u00e9, un capital humain limit\u00e9, des niveaux \u00e9lev\u00e9s d'activit\u00e9 informelle et l'\u00e9migration des jeunes ont persist\u00e9 et ont \u00e9t\u00e9 exacerb\u00e9es par des chocs externes tels que la pand\u00e9mie de COVID-19 et l'invasion de l'Ukraine par la Russie.<\/p>\n\n\n\n<h2 class=\"wp-block-heading\">Sentiment d'exclusion<\/h2>\n\n\n\n<p class=\"wp-block-paragraph\">L'\u00e9cart entre le potentiel \u00e9conomique et les niveaux de pauvret\u00e9 alimente la frustration et le sentiment d'exclusion de la population, la rendant vuln\u00e9rable au recrutement par des groupes extr\u00e9mistes. Citons l'exemple de la r\u00e9gion aurif\u00e8re de K\u00e9dougou dans le sud-est du pays, l\u2019une des plus pauvres du pays. Cette r\u00e9gion repr\u00e9sente&nbsp;<a href=\"https:\/\/www.ecofinagency.com\/public-management\/2411-45080-senegal-government-adopts-1b-plan-to-develop-the-kedougou-gold-mining-region\">un risque s\u00e9curitaire<\/a>&nbsp;pour le S\u00e9n\u00e9gal, selon l\u2019Institut d\u2019\u00e9tudes de s\u00e9curit\u00e9 (ISS) qui a appel\u00e9 \u00e0 acc\u00e9l\u00e9rer la formalisation de l\u2019exploitation mini\u00e8re artisanale et \u00e0 petite \u00e9chelle pour r\u00e9duire l\u2019exploitation ill\u00e9gale et renforcer le contr\u00f4le de la cha\u00eene de commercialisation de l\u2019or.<\/p>\n\n\n\n<p class=\"wp-block-paragraph\">Mais le Fonds mon\u00e9taire international (FMI) a d\u00e9j\u00e0&nbsp;<a href=\"https:\/\/www.imf.org\/en\/Publications\/CR\/Issues\/2023\/12\/19\/Senegal-First-Reviews-Under-the-Extended-Fund-Facility-the-Extended-Credit-Facility-and-the-542659\">mis en garde<\/a>&nbsp;le gouvernement et ajust\u00e9 ses pr\u00e9visions de croissance \u00e9conomique pour le pays, les r\u00e9duisant de 10,6 % \u00e0 8,3 % en raison de retards ant\u00e9rieurs dans ces projets \u00e9nerg\u00e9tiques cl\u00e9s.&nbsp;<\/p>\n\n\n\n<p class=\"wp-block-paragraph\">D'autres doutes ont \u00e9t\u00e9 soulev\u00e9s quant \u00e0 la l\u00e9galit\u00e9 des accords ant\u00e9rieurs, notamment celui de cession des concessions d'exploration de Saint-Louis et Cayar (Kayar), actuellement d\u00e9tenues par BP. Par exemple, en novembre 2023, des rapports ont r\u00e9v\u00e9l\u00e9 que BP&nbsp;<a href=\"https:\/\/ornoirafrica.com\/senegal-les-raisons-a-lorigine-du-retrait-de-bp-sur-yakaar-teranga\/\">s\u2019\u00e9tait retir\u00e9 <\/a>du champ de gaz naturel de Yakaar-Teranga au large du S\u00e9n\u00e9gal \u00e0 la suite de d\u00e9saccords avec le gouvernement local.&nbsp;<\/p>\n\n\n\n<p class=\"wp-block-paragraph\">Par ailleurs, la soci\u00e9t\u00e9 Petrosen, la compagnie p\u00e9troli\u00e8re nationale du S\u00e9n\u00e9gal, a confirm\u00e9&nbsp;<a href=\"https:\/\/www.lemonde.fr\/afrique\/article\/2024\/03\/29\/au-senegal-le-secteur-petrolier-et-gazier-dans-l-incertitude-apres-l-election-de-bassirou-diomaye-faye_6224920_3212.html\">un certain attentisme<\/a>. Il estime qu'il sera difficile de ren\u00e9gocier les contrats de gaz de Sangomar ou de GTA, d\u00e9j\u00e0 en cours, et insiste sur le fait que ce dernier champ est partag\u00e9 physiquement et commercialement avec la Mauritanie. Rien ne pourrait donc se faire sans la Mauritanie, qui n'a jamais parl\u00e9 de ren\u00e9gociation des contrats.<\/p>\n\n\n\n<h2 class=\"wp-block-heading\">In\u00e9galit\u00e9s \u00e9conomiques<\/h2>\n\n\n\n<p class=\"wp-block-paragraph\">Cependant, Dakar devra bient\u00f4t s'adapter \u00e0 la dure r\u00e9alit\u00e9 des in\u00e9galit\u00e9s \u00e9conomiques. Il doit tenir ses promesses \u00e9lectorales de lutter contre la corruption, donner la priorit\u00e9 aux int\u00e9r\u00eats \u00e9conomiques nationaux et cr\u00e9er des emplois pour la population du pays, notamment pour les jeunes ch\u00f4meurs.&nbsp;<\/p>\n\n\n\n<p class=\"wp-block-paragraph\"><a href=\"https:\/\/senegal.un.org\/fr\/190792-les-jeunes-acteurs-majeurs-et-principaux-b%C3%A9n%C3%A9ficiaires-de-l%E2%80%99agenda-2030\">Les jeunes en \u00e2ge<\/a>&nbsp;de travailler repr\u00e9sentent plus de la moiti\u00e9 des ch\u00f4meurs. L\u2019\u00e9cart entre le potentiel \u00e9conomique et les niveaux de pauvret\u00e9 alimente&nbsp;<a href=\"https:\/\/www.theguardian.com\/world\/2024\/mar\/27\/we-are-finally-free-senegal-hails-new-anti-establishment-president-bassirou-diomaye-faye\">la frustration<\/a>. Il existe un sentiment d\u2019exclusion parmi les jeunes, ce qui les rend vuln\u00e9rables au recrutement par des groupes extr\u00e9mistes.&nbsp;<\/p>\n\n\n\n<figure class=\"wp-block-image\"><img decoding=\"async\" src=\"https:\/\/images.theconversation.com\/files\/593344\/original\/file-20240510-16-vvimq9.jpg?ixlib=rb-4.1.0&amp;q=45&amp;auto=format&amp;w=237&amp;fit=clip\" alt=\"Une photographie prise \u00e0 Abidjan le 27 mars 2024 montre des billets de banque en francs CFA v\u00e9rifi\u00e9s par un homme.\"\/><figcaption class=\"wp-element-caption\">L'\u00e9lection du candidat anti-syst\u00e8me Bassirou Diomaye Faye \u00e0 la pr\u00e9sidence du S\u00e9n\u00e9gal a jet\u00e9 un nouveau doute sur l'avenir du franc CFA en Afrique de l'Ouest..&nbsp;ISSOUF SANOGO\/AFP via Getty Images<\/figcaption><\/figure>\n\n\n\n<p class=\"wp-block-paragraph\">Le nouveau pr\u00e9sident entend \u00e9galement ren\u00e9gocier les accords de p\u00eache et d\u00e9velopper la production locale tant alimentaire qu'industrielle afin d'assurer la s\u00e9curit\u00e9 alimentaire tout en r\u00e9duisant les importations co\u00fbteuses. Cependant, les subventions probables aux biens essentiels pourraient conduire \u00e0 des conflits avec le FMI sur la mise en \u0153uvre du programme.&nbsp;<\/p>\n\n\n\n<p class=\"wp-block-paragraph\">En ce qui concerne la&nbsp;<a href=\"https:\/\/www.senenews.com\/actualites\/economie\/franc-cfa-cette-nouvelle-remarque-importante-sur-le-president-bassirou-diomaye-faye_493089.html\">cr\u00e9ation d'une monnaie souveraine<\/a>, il est logique de mettre en \u0153uvre les plans existants visant \u00e0 remplacer le franc CFA au sein de la Communaut\u00e9 \u00e9conomique des Etats de l'Afrique de l'Ouest (Cedeao) par la monnaie ind\u00e9pendante,&nbsp;<a href=\"https:\/\/www.bbc.com\/afrique\/region-57558716\">\u201cl'\u00e9co\u201d<\/a>, la monnaie r\u00e9gionale en gestation.<\/p>\n\n\n\n<p class=\"wp-block-paragraph\">Cependant, l\u2019administration est confront\u00e9e \u00e0 plusieurs d\u00e9fis qui pourraient entraver la r\u00e9alisation de ses objectifs. Ceux-ci incluent les formalit\u00e9s administratives, l\u2019insuffisance des infrastructures et l\u2019acc\u00e8s limit\u00e9 au financement pour les petites et moyennes entreprises. En outre, la persistance des in\u00e9galit\u00e9s socio-\u00e9conomiques constitue une menace importante pour la coh\u00e9sion sociale et la stabilit\u00e9 politique.<\/p>\n\n\n\n<p class=\"wp-block-paragraph\">N\u00e9anmoins, l\u2019administration doit faire face \u00e0 des menaces potentielles telles que le changement climatique, les risques de s\u00e9curit\u00e9 et l\u2019instabilit\u00e9 r\u00e9gionale. La vuln\u00e9rabilit\u00e9 du S\u00e9n\u00e9gal aux risques environnementaux, notamment les s\u00e9cheresses et l'\u00e9l\u00e9vation du niveau de la mer, constitue un risque important pour la productivit\u00e9 agricole et la s\u00e9curit\u00e9 alimentaire.&nbsp;<\/p>\n\n\n\n<p class=\"wp-block-paragraph\">En outre, les conflits en cours dans les pays voisins pourraient avoir des retomb\u00e9es sur la stabilit\u00e9 politique et le d\u00e9veloppement \u00e9conomique du S\u00e9n\u00e9gal.<\/p>\n\n\n\n<h2 class=\"wp-block-heading\">Les perspectives<\/h2>\n\n\n\n<p class=\"wp-block-paragraph\">En d\u00e9finitive, le programme politique d\u00e9fini par l'administration Faye-Sonko est \u00e0 la fois prometteur et porteur de d\u00e9fis pour les perspectives politiques et \u00e9conomiques \u00e0 long terme du S\u00e9n\u00e9gal.&nbsp;<\/p>\n\n\n\n<p class=\"wp-block-paragraph\">M\u00eame si leur engagement en faveur d\u2019une gouvernance d\u00e9mocratique et d\u2019un d\u00e9veloppement inclusif est louable, la lutte contre les obstacles structurels et les menaces ext\u00e9rieures seront cruciales pour concr\u00e9tiser leur vision d\u2019un S\u00e9n\u00e9gal prosp\u00e8re et stable.&nbsp;<\/p>\n\n\n\n<p class=\"wp-block-paragraph\">En tirant parti des opportunit\u00e9s et en att\u00e9nuant les menaces, l\u2019administration peut ouvrir la voie \u00e0 une croissance et \u00e0 une prosp\u00e9rit\u00e9 durables pour tous les citoyens s\u00e9n\u00e9galais.<\/p>\n","protected":false},"excerpt":{"rendered":"<p>L&rsquo;\u00e9lection de&nbsp;Bassirou Diomaye Faye&nbsp;\u00e0 la pr\u00e9sidence du S\u00e9n\u00e9gal le 24 mars 2024, apr\u00e8s un processus \u00e9lectoral mouvement\u00e9, refl\u00e8te la&nbsp;r\u00e9silience des institutions d\u00e9mocratiques du pays. L&rsquo;av\u00e8nement d&rsquo;un nouveau pouvoir offre l\u2019occasion de renforcer la gouvernance transparente et de lutter contre les in\u00e9galit\u00e9s dans le pays. C&rsquo;est la premi\u00e8re fois depuis l&rsquo;ind\u00e9pendance du S\u00e9n\u00e9gal de la France [&hellip;]<\/p>\n","protected":false},"author":1,"featured_media":0,"comment_status":"open","ping_status":"closed","sticky":false,"template":"","format":"standard","meta":{"_jetpack_newsletter_access":"","_jetpack_dont_email_post_to_subs":false,"_jetpack_newsletter_tier_id":0,"_jetpack_memberships_contains_paywalled_content":false,"_jetpack_memberships_contains_paid_content":false,"footnotes":""},"categories":[42],"tags":[],"class_list":["post-27751","post","type-post","status-publish","format-standard","hentry","category-economie"],"jetpack_featured_media_url":"","jetpack_sharing_enabled":true,"_links":{"self":[{"href":"https:\/\/rp221.com\/index.php?rest_route=\/wp\/v2\/posts\/27751","targetHints":{"allow":["GET"]}}],"collection":[{"href":"https:\/\/rp221.com\/index.php?rest_route=\/wp\/v2\/posts"}],"about":[{"href":"https:\/\/rp221.com\/index.php?rest_route=\/wp\/v2\/types\/post"}],"author":[{"embeddable":true,"href":"https:\/\/rp221.com\/index.php?rest_route=\/wp\/v2\/users\/1"}],"replies":[{"embeddable":true,"href":"https:\/\/rp221.com\/index.php?rest_route=%2Fwp%2Fv2%2Fcomments&post=27751"}],"version-history":[{"count":0,"href":"https:\/\/rp221.com\/index.php?rest_route=\/wp\/v2\/posts\/27751\/revisions"}],"wp:attachment":[{"href":"https:\/\/rp221.com\/index.php?rest_route=%2Fwp%2Fv2%2Fmedia&parent=27751"}],"wp:term":[{"taxonomy":"category","embeddable":true,"href":"https:\/\/rp221.com\/index.php?rest_route=%2Fwp%2Fv2%2Fcategories&post=27751"},{"taxonomy":"post_tag","embeddable":true,"href":"https:\/\/rp221.com\/index.php?rest_route=%2Fwp%2Fv2%2Ftags&post=27751"}],"curies":[{"name":"wp","href":"https:\/\/api.w.org\/{rel}","templated":true}]}}