{"id":27466,"date":"2024-05-14T07:52:17","date_gmt":"2024-05-14T07:52:17","guid":{"rendered":"https:\/\/rp221.com\/?p=27466"},"modified":"2024-05-14T07:52:19","modified_gmt":"2024-05-14T07:52:19","slug":"renonciation-volontaire-de-sa-part-dans-sococim-comment-letat-du-senegal-a-gracieusement-alimente-le-geant-francais-vicat","status":"publish","type":"post","link":"https:\/\/rp221.com\/?p=27466","title":{"rendered":"Renonciation volontaire de sa part dans SOCOCIM : Comment l\u2019Etat du S\u00e9n\u00e9gal a gracieusement \u00ab aliment\u00e9 \u00bb le g\u00e9ant fran\u00e7ais Vicat"},"content":{"rendered":"\n<p class=\"wp-block-paragraph\">Dans son rapport sur les recettes issues du secteur minier entre 2015 et 2018, la cour des comptes fait part d\u2019irr\u00e9gularit\u00e9s notamment avec la soci\u00e9t\u00e9 SOCOCIM qui s'est engag\u00e9e \u00e0 payer annuellement les imp\u00f4ts locaux (patentes, contributions fonci\u00e8res des propri\u00e9t\u00e9s b\u00e2ties et non b\u00e2ties) pour un montant forfaitaire de&nbsp;<a href=\"tel:1 308 000 000\">1 308 000 000<\/a>FCFA, alors que les dispositions de l'article 63 du code minier de 2003 garantissent une exon\u00e9ration totale d'imp\u00f4ts \u00bb. Il est clairement stipul\u00e9 dans cet article que : \u00ab pendant toute la dur\u00e9e de l\u2019exploitation, les titulaires des permis d\u2019exploitation ou de concession mini\u00e8re ou les b\u00e9n\u00e9ficiaires d\u2019autorisation d\u2019exploitation de petite mine sont exon\u00e9r\u00e9s de la taxe d\u2019exploitation des produits issus de leurs activit\u00e9s d\u2019exploitation sur le p\u00e9rim\u00e8tre du titre minier d\u2019exploitation accord\u00e9. Pendant une p\u00e9riode de trois ans pour les titulaires de permis d\u2019exploitation et de sept ans pour les titulaires de concession mini\u00e8re \u00e0 compter de la date de d\u00e9livrance du titre minier d\u2019exploitation et sous r\u00e9serve des dispositions de l\u2019article 64, ces titulaires b\u00e9n\u00e9ficient d\u2019une exon\u00e9ration totale d\u2019imp\u00f4t, notamment, l\u2019exon\u00e9ration des taxes sur la valeur ajout\u00e9e de biens et services acquis aupr\u00e8s des fournisseurs locaux ou des prestataires domicili\u00e9s hors du S\u00e9n\u00e9gal, celle des droits et taxes de sortie, de l\u2019imp\u00f4t minimum forfaitaire, des patentes et contributions fonci\u00e8res des propri\u00e9t\u00e9s b\u00e2ties et non b\u00e2ties \u00e0 l\u2019exception des Immeubles \u00e0 usage d\u2019habitation, de la contribution forfaitaire \u00e0 la charge de l\u2019employeur et des droits et taxes frappant les actes constatant la constitution de soci\u00e9t\u00e9 et les augmentations de capital.&nbsp;<\/p>\n\n\n\n<p class=\"wp-block-paragraph\">Toutefois, les grands projets d\u2019exploitation faisant l\u2019objet de concession mini\u00e8re et n\u00e9cessitant la mobilisation d\u2019investissements lourds, b\u00e9n\u00e9ficient pour les avantages fiscaux et douaniers susmentionn\u00e9s, d\u2019une dur\u00e9e d\u2019exon\u00e9ration au moins \u00e9gale \u00e0 la p\u00e9riode de remboursement des emprunts qui ne pourra pas exc\u00e9der quinze ans, \u00e0 partir de la date de d\u00e9livrance de la concession mini\u00e8re \u00bb. Ainsi, il est not\u00e9 que la renonciation aux 10% de participation gratuite au capital social de SOCOCIM, en m\u00e9connaissance des dispositions de l'article 30 du code minier, en sus du r\u00e9gime minier dont elle b\u00e9n\u00e9ficie, est une faveur accord\u00e9e \u00e0 cette soci\u00e9t\u00e9 mais qui ne pr\u00e9serve pas les int\u00e9r\u00eats de l'Etat \u00bb selon la cour des comptes.&nbsp;<\/p>\n\n\n\n<p class=\"wp-block-paragraph\">Le pr\u00e9sident r\u00e9cemment \u00e9lu du S\u00e9n\u00e9gal, Bassirou Diomaye Faye, a commenc\u00e9 \u00e0 mettre en \u0153uvre son programme \u00e9lectoral. Afin de rendre le travail des instances dirigeantes plus transparent pour les S\u00e9n\u00e9galais, le pr\u00e9sident a demand\u00e9 \u00e0 la Cour des comptes de publier 45 rapports d'audits r\u00e9alis\u00e9s dans diff\u00e9rents secteurs pour les ann\u00e9es 2021, 2022 et 2023.&nbsp;<\/p>\n\n\n\n<p class=\"wp-block-paragraph\">Des rapports qui ont montr\u00e9 que le S\u00e9n\u00e9gal ne poss\u00e8de plus d'actions dans SOCOCIM. Cette soci\u00e9t\u00e9 est une filiale du g\u00e9ant fran\u00e7ais Vicat qui l\u2019a acquise en 1999. Ce cimentier fran\u00e7ais Vicat poss\u00e8de \u00e9galement une pr\u00e9sence dans plusieurs autres pays d'Afrique de l'Ouest. Dans son rapport, la cour des comptes a estim\u00e9 que le ministre des mines d\u2019alors, n'est pas habilit\u00e9 \u00e0 renoncer par voie conventionnelle aux participations gratuites de 10% de l'Etat consacr\u00e9es par la loi. D\u2019ailleurs, une action en justice pour annuler une telle d\u00e9cision&nbsp; n\u2019est pas \u00e0 \u00e9carter.&nbsp;&nbsp;&nbsp;<\/p>\n\n\n\n<p class=\"wp-block-paragraph\">L\u2019Etat du S\u00e9n\u00e9gal tire-t-il profit du march\u00e9 que ce g\u00e9ant fran\u00e7ais a quasiment monopolis\u00e9 ? Il convient de noter que la France exerce une influence consid\u00e9rable sur l'\u00e9conomie s\u00e9n\u00e9galaise. Environ 80 % des entreprises s\u00e9n\u00e9galaises sont d'origine fran\u00e7aise. Et les b\u00e9n\u00e9fices tir\u00e9s du travail de ces entreprises sont revers\u00e9s au Tr\u00e9sor public de Paris. Comment le S\u00e9n\u00e9gal compte-t-il mettre en place les m\u00e9canismes qui sauvegardent les int\u00e9r\u00eats des citoyens et \u00e9viter que de telles pratiques comme l'a montr\u00e9 la cour des comptes dans ses investigations, ne se reproduisent plus ?&nbsp;<\/p>\n\n\n\n<p class=\"wp-block-paragraph\">En tout \u00e9tat de cause, les nouvelles autorit\u00e9s dirig\u00e9es par le pr\u00e9sident Bassirou Diomaye Faye, se sont d\u00e9j\u00e0 engag\u00e9es dans le \u00ab Jub Jubeul Jubeunti \u00bb dont la population attend les premiers r\u00e9sultats.<\/p>\n","protected":false},"excerpt":{"rendered":"<p>Dans son rapport sur les recettes issues du secteur minier entre 2015 et 2018, la cour des comptes fait part d\u2019irr\u00e9gularit\u00e9s notamment avec la soci\u00e9t\u00e9 SOCOCIM qui s&rsquo;est engag\u00e9e \u00e0 payer annuellement les imp\u00f4ts locaux (patentes, contributions fonci\u00e8res des propri\u00e9t\u00e9s b\u00e2ties et non b\u00e2ties) pour un montant forfaitaire de&nbsp;1 308 000 000FCFA, alors que les [&hellip;]<\/p>\n","protected":false},"author":1,"featured_media":0,"comment_status":"open","ping_status":"closed","sticky":false,"template":"","format":"standard","meta":{"_jetpack_newsletter_access":"","_jetpack_dont_email_post_to_subs":false,"_jetpack_newsletter_tier_id":0,"_jetpack_memberships_contains_paywalled_content":false,"_jetpack_memberships_contains_paid_content":false,"footnotes":""},"categories":[42],"tags":[],"class_list":["post-27466","post","type-post","status-publish","format-standard","hentry","category-economie"],"jetpack_featured_media_url":"","jetpack_sharing_enabled":true,"_links":{"self":[{"href":"https:\/\/rp221.com\/index.php?rest_route=\/wp\/v2\/posts\/27466","targetHints":{"allow":["GET"]}}],"collection":[{"href":"https:\/\/rp221.com\/index.php?rest_route=\/wp\/v2\/posts"}],"about":[{"href":"https:\/\/rp221.com\/index.php?rest_route=\/wp\/v2\/types\/post"}],"author":[{"embeddable":true,"href":"https:\/\/rp221.com\/index.php?rest_route=\/wp\/v2\/users\/1"}],"replies":[{"embeddable":true,"href":"https:\/\/rp221.com\/index.php?rest_route=%2Fwp%2Fv2%2Fcomments&post=27466"}],"version-history":[{"count":0,"href":"https:\/\/rp221.com\/index.php?rest_route=\/wp\/v2\/posts\/27466\/revisions"}],"wp:attachment":[{"href":"https:\/\/rp221.com\/index.php?rest_route=%2Fwp%2Fv2%2Fmedia&parent=27466"}],"wp:term":[{"taxonomy":"category","embeddable":true,"href":"https:\/\/rp221.com\/index.php?rest_route=%2Fwp%2Fv2%2Fcategories&post=27466"},{"taxonomy":"post_tag","embeddable":true,"href":"https:\/\/rp221.com\/index.php?rest_route=%2Fwp%2Fv2%2Ftags&post=27466"}],"curies":[{"name":"wp","href":"https:\/\/api.w.org\/{rel}","templated":true}]}}