{"id":2708,"date":"2022-09-14T16:31:38","date_gmt":"2022-09-14T16:31:38","guid":{"rendered":"https:\/\/rp221.com\/?p=2708"},"modified":"2022-09-14T16:31:42","modified_gmt":"2022-09-14T16:31:42","slug":"mimi-macky-le-desamour-definitif-par-momar-dieng","status":"publish","type":"post","link":"https:\/\/rp221.com\/?p=2708","title":{"rendered":"MIMI-MACKY, LE D\u00c9SAMOUR D\u00c9FINITIF ? PAR MOMAR DIENG"},"content":{"rendered":"\n<h3 class=\"red\"><strong><em>MIMI-MACKY, LE D\u00c9SAMOUR D\u00c9FINITIF ? PAR MOMAR DIENG<\/em><\/strong><\/h3>\nImpact.sn\u00a0\u00a0 Le d\u00e9fi est l\u00e0 pour BBY : contenir les vell\u00e9it\u00e9s de revanche d\u2019Aminata Tour\u00e9 qui pourrait se placer d\u00e9sormais dans une posture d\u2019opposante \u00e0 son propre camp, un \u00e9lectron libre dans un contexte o\u00f9 toute voix perdue ou gagn\u00e9e peut \u00eatre lourde de sens\nAminata Tour\u00e9 s\u2019est rebell\u00e9e. Contre Macky Sall. Alors que la s\u00e9ance de pr\u00e9paration de l\u2019\u00e9lection du nouveau pr\u00e9sident de l\u2019Assembl\u00e9e nationale \u00e9tait en cours, l\u2019ancienne premi\u00e8re ministre \u00e9lue d\u00e9put\u00e9 aux l\u00e9gislatives du 31 juillet 2022 a quitt\u00e9 l\u2019h\u00e9micycle, en grande col\u00e8re. C\u2019est apr\u00e8s son arriv\u00e9e \u00e0 l\u2019immeuble de la Place Soweto qu\u2019elle a su que le pr\u00e9sident Macky Sall ne lui ferait ni l\u2019honneur ni le plaisir de devenir la premi\u00e8re femme pr\u00e9sidente du parlement. A sa place, circulait d\u00e9j\u00e0 le nom d\u2019un illustre inconnu, Amadou Mame Diop, maire de Richard-Toll, une commune agro-industrielle situ\u00e9e \u00e0 une centaine de km au nord-ouest de Saint-Louis.\nMais avant de partir \u00ab\u00a0Mimi\u00a0\u00bb a pris soin de dire ses \u00e9tats d\u2019\u00e2me \u00e0 Me Oumar Youm, ancien ministre des Transports terrestres et ex-directeur de cabinet du pr\u00e9sident s\u00e9n\u00e9galais port\u00e9 \u00e0 la t\u00eate du nouveau groupe parlementaire de la coalition Benno Bokk Yaakaar (BBY). \u00ab\u00a0<em>Je ne serais pas pr\u00e9sente \u00e0 la s\u00e9ance de vote.<\/em>\u00a0(\u2026)\u00a0<em>Je ne voterais pas pour le candidat du pr\u00e9sident de la coalition (\u00a0 : \u00a0Macky Sall) qui privil\u00e9gie les relations familiales au d\u00e9triment du m\u00e9rite militant<\/em>\u00a0\u00bb, \u00e9crit-elle \u00e0 son coll\u00e8gue. N\u00e9anmoins, par souci de coh\u00e9rence, pr\u00e9cise-t-elle, \u00ab\u00a0<em>ayant dirig\u00e9 la liste de la majorit\u00e9, je ne voterais pas pour l\u2019opposition. Je rentre chez moi tout simplement.<\/em>\u00a0\u00bb\nApr\u00e8s les scrutins parlementaires de juillet, tout le monde (ou presque) la voyait tr\u00f4ner au perchoir de l\u2019Assembl\u00e9e nationale au soir du 12 septembre 2022, date et jour d\u2019installation des 165 d\u00e9put\u00e9s de la 14e l\u00e9gislature s\u00e9n\u00e9galaise. M\u00eame si les noms du ralli\u00e9 Pape Diop et de l\u2019ancien ministre de l\u2019Economie et des Finances Amadou B\u00e2 ont circul\u00e9 le temps d\u2019une rose, le choix d\u2019Aminata Tour\u00e9 restait le plus probable et le plus l\u00e9gitime au vu de son investissement dans la victoire certes \u00e9triqu\u00e9e de BBY.\n\u00a0En capitaine d\u00e9termin\u00e9e d\u2019une \u00e9quipe de BBY plus ou moins moribonde \u00e0 l\u2019entame de la campagne \u00e9lectorale, Aminata Tour\u00e9 a fait le job qu\u2019il lui \u00e9tait demand\u00e9. Parcourir le S\u00e9n\u00e9gal du nord au sud, d\u2019est en ouest. Parler et vendre aux S\u00e9n\u00e9galais un produit appel\u00e9 \u00ab\u00a0Macky\u00a0\u00bb \u00a0visiblement en difficult\u00e9 marketing aux rayons des soldes. Danser pour app\u00e2ter un \u00e9lectorat dont une bonne partie est apparemment devenue tr\u00e8s exigeante \u00e0 l\u2019endroit des politiques, en particulier de ceux qui exercent le pouvoir. Batailler ferme pour convaincre de la n\u00e9cessit\u00e9 de reconduire une majorit\u00e9 pour le pr\u00e9sident de la r\u00e9publique.\nAu final, elle s\u2019en est tir\u00e9e avec une majorit\u00e9 pr\u00e9caire qui ne donne aucune garantie de coh\u00e9rence et de solidit\u00e9 durables au chef de l\u2019Etat. Mais \u00e9tait-ce sa faute au regard de l\u2019impopularit\u00e9 grandissante de Macky Sall\u00a0? A posteriori, sa mission impossible s\u2019est transform\u00e9e en un exercice de limitation des d\u00e9g\u00e2ts pour le pouvoir. A partir de cet instant, Aminata Tour\u00e9 a cru que son heure parlementaire \u00e9tait arriv\u00e9e \u2013 apr\u00e8s sa cons\u00e9cration primatoriale de 2013. Mais le palais avait parfaitement camoufl\u00e9 son dessein avec deux atouts de taille dans sa besace\u00a0 : la faiblesse des performances locale de Mimi Tour\u00e9, d\u2019une part, sa position d\u2019adversaire du 3e mandat pour le pr\u00e9sident Sall, d\u2019autre part.\nAujourd\u2019hui, celle qui a conduit la liste proportionnelle de la coalition BBY semble \u00eatre d\u00e9vast\u00e9e par une immense d\u00e9ception. Certains de ses partisans d\u00e9noncent une \u00ab\u00a0trahison froide\u00a0\u00bb du pr\u00e9sident Sall coupable de n\u2019avoir \u00ab\u00a0pas r\u00e9tribu\u00e9 \u00e0 sa juste valeur l\u2019engagement\u00a0total et sinc\u00e8re \u00bb de leur championne qui a permis de \u00ab\u00a0sauver\u00a0\u00bb BBY. Le danger est l\u00e0 pour BBY\u00a0 : contenir les vell\u00e9it\u00e9s de revanche d\u2019Aminata Tour\u00e9 qui pourrait se placer d\u00e9sormais dans une posture d\u2019opposante interne \u00e0 son propre camp, un \u00e9lectron libre dans un contexte o\u00f9 toute voix perdue ou gagn\u00e9e peut \u00eatre lourde de sens.\n\u00a0Mais la trajectoire que compte emprunter Aminata Tour\u00e9 reste \u00e0 d\u00e9terminer alors que l\u2019\u00e9ch\u00e9ance capitale de f\u00e9vrier 2024 se rapproche. Cette nouvelle rupture avec Macky Sall \u2013 apr\u00e8s celle intervenue apr\u00e8s son limogeage du Conseil \u00e9conomique social et environnemental en octobre 2020. Elle \u00e9tait certes revenue dans les gr\u00e2ces du Palais, d\u2019abord avec le titre d\u2019Envoy\u00e9e sp\u00e9cial du pr\u00e9sident de la r\u00e9publique, puis comme t\u00eate de liste aux l\u00e9gislatives de juillet dernier. L\u00e0, elle pourrait d\u00e9cider de mettre un terme \u00e0 ce que certains consid\u00e8rent comme une instrumentalisation de ses talents politiques par contrat \u00e0 dur\u00e9e d\u00e9termin\u00e9e\u2026\n","protected":false},"excerpt":{"rendered":"<p>MIMI-MACKY, LE D\u00c9SAMOUR D\u00c9FINITIF ? PAR MOMAR DIENG Impact.sn\u00a0\u00a0 Le d\u00e9fi est l\u00e0 pour BBY : contenir les vell\u00e9it\u00e9s de revanche d\u2019Aminata Tour\u00e9 qui pourrait se placer d\u00e9sormais dans une posture d\u2019opposante \u00e0 son propre camp, un \u00e9lectron libre dans un contexte o\u00f9 toute voix perdue ou gagn\u00e9e peut \u00eatre lourde de sens Aminata Tour\u00e9 [&hellip;]<\/p>\n","protected":false},"author":8,"featured_media":0,"comment_status":"open","ping_status":"open","sticky":false,"template":"","format":"standard","meta":{"_jetpack_newsletter_access":"","_jetpack_dont_email_post_to_subs":false,"_jetpack_newsletter_tier_id":0,"_jetpack_memberships_contains_paywalled_content":false,"_jetpack_memberships_contains_paid_content":false,"footnotes":""},"categories":[45],"tags":[62,59,130],"class_list":["post-2708","post","type-post","status-publish","format-standard","hentry","category-contributions","tag-bby","tag-macky-sall","tag-momar-dieng"],"jetpack_featured_media_url":"","jetpack_sharing_enabled":true,"_links":{"self":[{"href":"https:\/\/rp221.com\/index.php?rest_route=\/wp\/v2\/posts\/2708","targetHints":{"allow":["GET"]}}],"collection":[{"href":"https:\/\/rp221.com\/index.php?rest_route=\/wp\/v2\/posts"}],"about":[{"href":"https:\/\/rp221.com\/index.php?rest_route=\/wp\/v2\/types\/post"}],"author":[{"embeddable":true,"href":"https:\/\/rp221.com\/index.php?rest_route=\/wp\/v2\/users\/8"}],"replies":[{"embeddable":true,"href":"https:\/\/rp221.com\/index.php?rest_route=%2Fwp%2Fv2%2Fcomments&post=2708"}],"version-history":[{"count":0,"href":"https:\/\/rp221.com\/index.php?rest_route=\/wp\/v2\/posts\/2708\/revisions"}],"wp:attachment":[{"href":"https:\/\/rp221.com\/index.php?rest_route=%2Fwp%2Fv2%2Fmedia&parent=2708"}],"wp:term":[{"taxonomy":"category","embeddable":true,"href":"https:\/\/rp221.com\/index.php?rest_route=%2Fwp%2Fv2%2Fcategories&post=2708"},{"taxonomy":"post_tag","embeddable":true,"href":"https:\/\/rp221.com\/index.php?rest_route=%2Fwp%2Fv2%2Ftags&post=2708"}],"curies":[{"name":"wp","href":"https:\/\/api.w.org\/{rel}","templated":true}]}}