{"id":2699,"date":"2022-09-14T15:56:05","date_gmt":"2022-09-14T15:56:05","guid":{"rendered":"https:\/\/rp221.com\/?p=2699"},"modified":"2022-09-14T15:56:08","modified_gmt":"2022-09-14T15:56:08","slug":"14ieme-legislature-une-guerilla-parlementaire-en-lieu-et-place-dun-consensus-quel-avenir-pour-linstitution-parlementaire-par-aly-saleh","status":"publish","type":"post","link":"https:\/\/rp221.com\/?p=2699","title":{"rendered":"14i\u00e9me l\u00e9gislature : une gu\u00e9rilla parlementaire en lieu et place d\u2019un consensus, quel avenir pour l\u2019institution parlementaire? Par Aly Saleh"},"content":{"rendered":"\n<h3 class=\"red\"><strong><em>14i\u00e9me l\u00e9gislature : une gu\u00e9rilla parlementaire en lieu et place d\u2019un consensus, quel avenir pour l\u2019institution parlementaire? Par Aly Saleh<\/em><\/strong><\/h3>\nDes images d\u00e9gradantes,\u00a0 un d\u00e9cor indescriptible, tel est le v\u00e9cu ce lundi \u00e0 l\u2019h\u00e9micycle, le temps de l\u2019installation du bureau de la 14<sup style=\"font-style : inherit; font-weight : inherit;\">i\u00e8me<\/sup>\u00a0l\u00e9gislature.\nLe sens de la responsabilit\u00e9 et de la retenue aurait-t-il perdu de sa superbe dans ce lieu de d\u00e9bat?\nDr Amadou Mame Diop qui a \u00e9t\u00e9 nouvellement install\u00e9 dans des conditions pareilles dans ses fonctions de pr\u00e9sident de l\u2019Assembl\u00e9e nationale pour 5 ans sera-t-il \u00e0 la hauteur comme l\u2019ont \u00e9t\u00e9 ses pr\u00e9d\u00e9cesseurs? O\u00f9 sont pass\u00e9es les promesses d\u2019une assembl\u00e9e de rupture tant vant\u00e9e.\n<h4 class=\"blue\"><strong><em>Des questions h\u00e9las sans r\u00e9ponse pour un d\u00e9but<\/em><\/strong><\/h4>.\nL\u2019opposition r\u00e9unie autour\u00a0 de Yewwi et Walu cherche \u00e0 bloquer le fonctionnement de l\u2019h\u00e9micycle sans pour autant respecter le r\u00e8glement int\u00e9rieur de l\u2019Assembl\u00e9e nationale en \u00e9voquant des probl\u00e8mes d\u2019incompatibilit\u00e9. Cela constitue une erreur de sa part. Soit les d\u00e9put\u00e9s ne maitrisent pas la loi, soit c\u2019est la loi qui n\u2019est pas assez claire sur ce point.\nPar contre ce qu\u2019elle aurait d\u00fb \u00e9viter c\u2019est\u00a0 d\u2019avoir port\u00e9 3 candidats \u00e0 la pr\u00e9sidence.\nLa v\u00e9rit\u00e9 pour certains, c\u2019est qu\u2019il s\u2019agit d\u2019un un \u00e9chec de l\u2019Etat. Car, c\u2019est \u00e0 la fois honteux et scandaleux que la pr\u00e9sidente,\u00a0 Aida Sow Diawara soit oblig\u00e9e de faire appel aux forces de l\u2019ordre pour \u00e9vacuer cet \u00e9tat de si\u00e8ge cr\u00e9\u00e9 par certains d\u00e9put\u00e9s. Je ne suis pas le secret des Dieux mais j\u2019aimerais bien savoir ce qu\u2019elle pensera \u00e0 t\u00eate repos\u00e9e d\u2019avoir amen\u00e9 la gendarmerie dans l\u2019enceinte de L\u2019assembl\u00e9e nationale.\nC\u2019est encore plus honteux que l\u2019histoire se r\u00e9p\u00e8te comme en 1962, o\u00f9 le Pr\u00e9sident Senghor avait fait recours \u00e0 la gendarmerie.\nAucune \u00e9l\u00e9gance dans les actes encore moins dans les paroles avec des d\u00e9put\u00e9s cens\u00e9s repr\u00e9senter le peuple, qui ont failli en venir aux mains avec les gendarmes : r\u00e9sultats des courses, des micros arrach\u00e9s, des tables et chaises saccag\u00e9es.\n<h4 class=\"blue\"><strong><em>Tout le monde est choqu\u00e9 par l\u2019image montr\u00e9e par cette quatorzi\u00e8me l\u00e9gislature comme si l\u2019opposition \u00e9tait dans une logique de sabotage. Mais dans tous les cas, cette situation aurait pu \u00eatre \u00e9vit\u00e9e par respect pour le peuple s\u00e9n\u00e9galais qu\u2019ils repr\u00e9sentent.<\/em><\/strong><\/h4>\nAvons-nous r\u00e9ellement besoin de ce recul de 60 ans? Je ne le crois pas, c\u2019est pourquoi il urge de repenser notre d\u00e9mocratie. Car le pays n\u2019appartient pas aux hommes politiques qui ne repr\u00e9sentent m\u00eame pas 3%\u00a0 des s\u00e9n\u00e9galais et qui veulent les tenir en otage.\nL\u2019autre point d\u00e9plorable, c\u2019est la responsabilit\u00e9 des m\u00e9dias qui ont forg\u00e9 de toute pi\u00e8ce des faucons avec en bandouli\u00e8re, des discours va-t-en guerre et impopulaires \u00e0 l\u2019h\u00e9micycle. Aujourd\u2019hui le r\u00e9sultat est l\u00e0.\u00a0 On a des irresponsables \u00e0 l\u2019Assembl\u00e9e qui se font appeler \u00ab\u00a0honorable\u00a0\u00bb et qui n\u2019honorent pas le peuple dans l\u2019honorabilit\u00e9 et ce n\u2019est que l\u2019arbre qui cache la for\u00eat puisque nous ne vivons que le d\u00e9but du commencement si des changements drastiques ne sont pas op\u00e9r\u00e9s de part et d\u2019autres.\nCet avant go\u00fbt n\u2019augure rien de bon, l\u2019on se demande quel comportement auront les d\u00e9put\u00e9s de cette nouvelle l\u00e9gislature lors des prochaines s\u00e9ances?\nCertes les responsabilit\u00e9s sont partag\u00e9es mais celles des hommes des m\u00e9dias sont patentes et indiscutables pour avoir publi\u00e9 et diffus\u00e9 des discours chim\u00e9riques et surtout promu la m\u00e9diocrit\u00e9.\nL\u2019Assembl\u00e9e de rupture ne sera pas pour demain car avec tout ce que l\u2019on voit et entend, nous sommes encore loin des promesses de rupture malheureusement.\n<h4 class=\"blue\"><strong><em>Tous ces \u00e9v\u00e8nements qui se succ\u00e8dent et se ressemblent o\u00f9 l\u2019on voit des d\u00e9put\u00e9s s\u2019injurier et se battre, n\u2019honorent nullement le S\u00e9n\u00e9gal, un pays o\u00f9 manger et boire pose v\u00e9ritablement probl\u00e8me pour bon nombre de concitoyens qui, en plus sont submerg\u00e9s par les eaux de pluie<\/em><\/strong><\/h4>\nCe qui s\u2019est pass\u00e9 est un cas d\u2019\u00e9cole, qui devrait nous permettre d\u2019y m\u00e9diter, d\u2019en tirer des le\u00e7ons mais surtout de nous regarder en face et de nous dire la v\u00e9rit\u00e9.\nTant que nous fermerons les yeux sur cette v\u00e9rit\u00e9-l\u00e0, nous nous cacherons toujours derri\u00e8re des excuses.\nN\u2019oublions pas que le S\u00e9n\u00e9gal est au-dessus de tout int\u00e9r\u00eat personnel.\nCar on ne peut pas \u00eatre choisi par le peuple pour la d\u00e9fense de ses int\u00e9r\u00eats et \u00a0verser dans la violence et la bassesse dans un lieu aussi sacr\u00e9 que l\u2019Assembl\u00e9e nationale.Aly Saleh Journaliste\/Consultant\n","protected":false},"excerpt":{"rendered":"<p>14i\u00e9me l\u00e9gislature : une gu\u00e9rilla parlementaire en lieu et place d\u2019un consensus, quel avenir pour l\u2019institution parlementaire? Par Aly Saleh Des images d\u00e9gradantes,\u00a0 un d\u00e9cor indescriptible, tel est le v\u00e9cu ce lundi \u00e0 l\u2019h\u00e9micycle, le temps de l\u2019installation du bureau de la 14i\u00e8me\u00a0l\u00e9gislature. Le sens de la responsabilit\u00e9 et de la retenue aurait-t-il perdu de [&hellip;]<\/p>\n","protected":false},"author":8,"featured_media":0,"comment_status":"open","ping_status":"open","sticky":false,"template":"","format":"standard","meta":{"_jetpack_newsletter_access":"","_jetpack_dont_email_post_to_subs":false,"_jetpack_newsletter_tier_id":0,"_jetpack_memberships_contains_paywalled_content":false,"_jetpack_memberships_contains_paid_content":false,"footnotes":""},"categories":[45],"tags":[126,125,70],"class_list":["post-2699","post","type-post","status-publish","format-standard","hentry","category-contributions","tag-14eme-legislature","tag-aly-saleh","tag-assemblee-nationale"],"jetpack_featured_media_url":"","jetpack_sharing_enabled":true,"_links":{"self":[{"href":"https:\/\/rp221.com\/index.php?rest_route=\/wp\/v2\/posts\/2699","targetHints":{"allow":["GET"]}}],"collection":[{"href":"https:\/\/rp221.com\/index.php?rest_route=\/wp\/v2\/posts"}],"about":[{"href":"https:\/\/rp221.com\/index.php?rest_route=\/wp\/v2\/types\/post"}],"author":[{"embeddable":true,"href":"https:\/\/rp221.com\/index.php?rest_route=\/wp\/v2\/users\/8"}],"replies":[{"embeddable":true,"href":"https:\/\/rp221.com\/index.php?rest_route=%2Fwp%2Fv2%2Fcomments&post=2699"}],"version-history":[{"count":0,"href":"https:\/\/rp221.com\/index.php?rest_route=\/wp\/v2\/posts\/2699\/revisions"}],"wp:attachment":[{"href":"https:\/\/rp221.com\/index.php?rest_route=%2Fwp%2Fv2%2Fmedia&parent=2699"}],"wp:term":[{"taxonomy":"category","embeddable":true,"href":"https:\/\/rp221.com\/index.php?rest_route=%2Fwp%2Fv2%2Fcategories&post=2699"},{"taxonomy":"post_tag","embeddable":true,"href":"https:\/\/rp221.com\/index.php?rest_route=%2Fwp%2Fv2%2Ftags&post=2699"}],"curies":[{"name":"wp","href":"https:\/\/api.w.org\/{rel}","templated":true}]}}