{"id":2682,"date":"2022-09-14T15:29:47","date_gmt":"2022-09-14T15:29:47","guid":{"rendered":"https:\/\/rp221.com\/?p=2682"},"modified":"2022-09-14T15:29:49","modified_gmt":"2022-09-14T15:29:49","slug":"il-est-temps-de-defendre-nos-entreprises-par-mamadou-lamine-diallo","status":"publish","type":"post","link":"https:\/\/rp221.com\/?p=2682","title":{"rendered":"Il est temps de d\u00e9fendre nos entreprises Par Mamadou Lamine Diallo"},"content":{"rendered":"\n<h3 class=\"red\"><strong><em>Il est temps de d\u00e9fendre nos entreprises Par Mamadou Lamine Diallo<\/em><\/strong><\/h3>\nJe l\u2019ai rappel\u00e9, la sortie de covid19 sera dure pour l\u2019\u00e9conomie nationale. Il s\u2019y est ajout\u00e9 la guerre d\u2019Ukraine. Inflation mondiale et en plus hausse du fret, du prix des c\u00e9r\u00e9ales, du p\u00e9trole et hausse du dollar.\nDans ce contexte, tous les \u00c9tats cherchent \u00e0 d\u00e9fendre leurs industries et leurs entreprises. Le d\u00e9veloppement, c\u2019est l\u2019industrialisation aussi. Les infrastructures et autres r\u00e9alisations doivent soutenir l\u2019industrialisation, sinon elles font tourner l\u2019\u00e9conomie \u00e0 vide et accumulent de la mauvaise dette. Et voil\u00e0 ce qui est arriv\u00e9 \u00e0 Macky Sall.\nAu S\u00e9n\u00e9gal, les cimentiers sont menac\u00e9s et la CSS ( Compagnie Sucri\u00e8re S\u00e9n\u00e9galaise) en particulier.\n<h4 class=\"blue\"><strong><em>Les cimenteries \u00e9touffent avec la hausse des droits de douane et des co\u00fbts des intrants.<\/em><\/strong><\/h4>\nPour le sucre, l\u2019affaire est g\u00e9ostrat\u00e9gique. Le Br\u00e9sil, pour sauver son industrie, lance une offensive. Il passe par le Nigeria pour changer l\u2019emballage et envahir le S\u00e9n\u00e9gal par les importateurs de la galaxie FayeSall et de l\u2019APR.\nC\u2019est grave. Il faut sauver l\u2019industrie nationale et les emplois avec. C\u2019est une question de survie \u00e9conomique. L\u2019appel du patronat est saisissant. La classe politique doit comprendre les enjeux.\nJe pense que les commissions des affaires \u00e9conomiques et des finances doivent auditionner le monde de l\u2019entreprise d\u00e8s l\u2019installation de l\u2019Assembl\u00e9e nationale.* Tekki\n<h4 class=\"blue\"><strong><em>\u00abEn fin de r\u00e8gne,le bradage du foncier s\u2019acc\u00e9l\u00e8re\u2026\u00bb<\/em><\/strong><\/h4>\nLe bail de 30 ans donn\u00e9 par l\u2019Etat \u00e0 la soci\u00e9t\u00e9 Sertem de L\u00e9opold Ngom pour 150 millions environ pour une superficie de 8600 m2 sur les terres de l\u2019universit\u00e9 est en soi un scandale financier, \u00e9conomique et politique.\nPolitique, ce foncier est d\u00e9di\u00e9 \u00e0 l\u2019enseignement sup\u00e9rieur de nos jeunes dont le nombre augmente. L\u2019ENEA, cr\u00e9ation de Mamadou Dia, refl\u00e8te sa vision d\u2019une \u00e9conomie endog\u00e8ne, qu\u2019il faut donc prot\u00e9ger. Il est heureux que le Syndicat Saes se soit lev\u00e9 pour obliger Macky Sall \u00e0 reculer.\n\u00c9conomiquement, comment peut-on allouer des ressources destin\u00e9es \u00e0 l\u2019\u00e9ducation, deuxi\u00e8me priorit\u00e9 apr\u00e8s la sant\u00e9, \u00e0 de la sp\u00e9culation immobili\u00e8re dont la cr\u00e9ation d\u2019emplois \u00e0 moyen terme est insignifiante et contribue \u00e0 l\u2019inflation.\nFinanci\u00e8rement, le m2 de bail \u00e0 Mermoz se n\u00e9gocie \u00e0 presque un million, donc 150 millions pour l\u2019Etat \u00e0 actualiser, d\u2019un c\u00f4t\u00e9, 8,5 milliards pour la Sertem, de l\u2019autre c\u00f4t\u00e9.\nCe scandale fait suite \u00e0 une s\u00e9rie continue apr\u00e8s les affaires du domaine public maritime : le Sporting club de Dakar, l\u2019h\u00f4pital le Dantec \u00e0 la galaxie FayeSall, les maisons et immeubles du plateau brad\u00e9s \u00e0 des dignitaires du r\u00e9gime, le camp Lat Dior. La liste est longue et pour contourner la loi sur le foncier priv\u00e9 de l\u2019Etat, Macky Sall a cr\u00e9\u00e9 la Sogepa qui h\u00e9rite du patrimoine priv\u00e9 de l\u2019Etat et se charge dans une l\u00e9galit\u00e9 pr\u00e9fabriqu\u00e9e de brader ce patrimoine \u00e0 des affid\u00e9s du r\u00e9gime.\nOn demandera la liste des attributaires du DPM (Domaine Public Maritime) et du foncier priv\u00e9 de l\u2019Etat d\u00e8s l\u2019installation de l\u2019Assembl\u00e9e nationale et on verra si Macky Sall respectera la loi en donnant instruction \u00e0 son gouvernement de r\u00e9pondre favorablement et dans la transparence<strong>.* Par Mamadou Lamine Diallo (Tekki)<\/strong>\n\n","protected":false},"excerpt":{"rendered":"<p>Il est temps de d\u00e9fendre nos entreprises Par Mamadou Lamine Diallo Je l\u2019ai rappel\u00e9, la sortie de covid19 sera dure pour l\u2019\u00e9conomie nationale. Il s\u2019y est ajout\u00e9 la guerre d\u2019Ukraine. Inflation mondiale et en plus hausse du fret, du prix des c\u00e9r\u00e9ales, du p\u00e9trole et hausse du dollar. Dans ce contexte, tous les \u00c9tats cherchent [&hellip;]<\/p>\n","protected":false},"author":8,"featured_media":0,"comment_status":"open","ping_status":"open","sticky":false,"template":"","format":"standard","meta":{"_jetpack_newsletter_access":"","_jetpack_dont_email_post_to_subs":false,"_jetpack_newsletter_tier_id":0,"_jetpack_memberships_contains_paywalled_content":false,"_jetpack_memberships_contains_paid_content":false,"footnotes":""},"categories":[45],"tags":[115],"class_list":["post-2682","post","type-post","status-publish","format-standard","hentry","category-contributions","tag-mamadou-lamine-diallo"],"jetpack_featured_media_url":"","jetpack_sharing_enabled":true,"_links":{"self":[{"href":"https:\/\/rp221.com\/index.php?rest_route=\/wp\/v2\/posts\/2682","targetHints":{"allow":["GET"]}}],"collection":[{"href":"https:\/\/rp221.com\/index.php?rest_route=\/wp\/v2\/posts"}],"about":[{"href":"https:\/\/rp221.com\/index.php?rest_route=\/wp\/v2\/types\/post"}],"author":[{"embeddable":true,"href":"https:\/\/rp221.com\/index.php?rest_route=\/wp\/v2\/users\/8"}],"replies":[{"embeddable":true,"href":"https:\/\/rp221.com\/index.php?rest_route=%2Fwp%2Fv2%2Fcomments&post=2682"}],"version-history":[{"count":0,"href":"https:\/\/rp221.com\/index.php?rest_route=\/wp\/v2\/posts\/2682\/revisions"}],"wp:attachment":[{"href":"https:\/\/rp221.com\/index.php?rest_route=%2Fwp%2Fv2%2Fmedia&parent=2682"}],"wp:term":[{"taxonomy":"category","embeddable":true,"href":"https:\/\/rp221.com\/index.php?rest_route=%2Fwp%2Fv2%2Fcategories&post=2682"},{"taxonomy":"post_tag","embeddable":true,"href":"https:\/\/rp221.com\/index.php?rest_route=%2Fwp%2Fv2%2Ftags&post=2682"}],"curies":[{"name":"wp","href":"https:\/\/api.w.org\/{rel}","templated":true}]}}