{"id":26486,"date":"2024-04-18T12:47:58","date_gmt":"2024-04-18T12:47:58","guid":{"rendered":"https:\/\/rp221.com\/?p=26486"},"modified":"2024-04-18T12:48:00","modified_gmt":"2024-04-18T12:48:00","slug":"la-veille-et-lintelligence-economique-au-service-de-laction-publique-par-cheikh-mbacke-sene","status":"publish","type":"post","link":"https:\/\/rp221.com\/?p=26486","title":{"rendered":"La veille et l&rsquo;intelligence \u00e9conomique au service de l&rsquo;action publique. Par Cheikh Mback\u00e9 SENE"},"content":{"rendered":"\n<p class=\"wp-block-paragraph\">Face \u00e0 un contexte difficile et une profusion d'informations, de d\u00e9sinformations, fake-news\u2026 qui parfois fondent les opinions, \u00e0 tort ou \u00e0 raison, des outils comme la veille ou l'intelligence \u00e9conomique peuvent aider, de par leur approche prospective, strat\u00e9gique ou \u00e9valuative.<\/p>\n\n\n\n<p class=\"wp-block-paragraph\">Le nouveau r\u00e9gime du S\u00e9n\u00e9gal qui cristallise tous les espoirs du pays en majorit\u00e9 jeune, veut incarner la rupture. Il sort h\u00e9ros de cette troisi\u00e8me alternance d\u00e9mocratique dans un contexte complexe \u00e0 tous \u00e9gards. Des consid\u00e9rations g\u00e9opolitiques \u00e0 celles politiques, en passant par la situation socio\u00e9conomique difficile, le r\u00e9gime peut mesurer le lourd fardeau de l'h\u00e9ritage : un cotexte g\u00e9opolitique qui requiert la vigilance, une conjoncture internationale et une soci\u00e9t\u00e9 S\u00e9n\u00e9galaise englu\u00e9e dans une crise \u00e0 deux dimensions \u00e0 savoir socio\u00e9conomique et politique.<\/p>\n\n\n\n<p class=\"wp-block-paragraph\">A l'image de toutes les soci\u00e9t\u00e9s modernes, le S\u00e9n\u00e9gal est \u00e0 l'air des technologies et des r\u00e9seaux sociaux. Le pays est en effet en proie \u00e0 la profusion de connaissances, informations, analyses, discours, avis\u2026 souvent pluriels et contradictoires. Les technologies de communication facilitent leurs productions, circulations et acc\u00e8s. L'abondance des opinions de plus en plus multiformes, la profusion d\u2019informations, l'incertitude informationnelle et l'av\u00e8nement et la densification des r\u00e9seaux sociaux sont autant de facteurs qui complexifient les interactions (\u00e9changes et perceptions) entre gouvernants et gouvern\u00e9s et conditionnent entre autres les opinions. Puis \u00e0 sources nombreuses et diverses, fusent des connaissances et commentaires sur des sujets de plus en plus nombreux et pr\u00e9cis. Cette surcharge informationnelle (\u00ab infob\u00e9sit\u00e9 \u00bb) cr\u00e9e des redondances, des divergences et du doute, voire des rumeurs. De nombreux sujets donnent lieu \u00e0 des amplifications m\u00e9diatiques, \u00e0 des approximations qui circulent \u00e0 contre courant de la ligne de communication ou du moins des attentes du gouvernement. Le doute permanent, m\u00eame reposant sur de la d\u00e9sinformation, finit par avoir un impact n\u00e9gatif et alt\u00e8re la confiance de l'opinion.<\/p>\n\n\n\n<p class=\"wp-block-paragraph\"><em>Trouver des moyens de recr\u00e9er la confiance face aux informations peu ou pas structur\u00e9es, peu ou pas certifi\u00e9es.<\/em><\/p>\n\n\n\n<p class=\"wp-block-paragraph\">Dans ce contexte, les gouvernants sont confront\u00e9s \u00e0 plusieurs d\u00e9fis\u202f: suivre des sujets de plus en plus nombreux, dans les domaines multiples qui forment la gestion de l'Etat au sens \u00e9largi du terme. Le volume des contenus, en particulier d\u00e9mat\u00e9rialis\u00e9s, augmente de fa\u00e7on rapide, avec de plus en plus d\u2019informations peu ou pas structur\u00e9es, peu ou pas certifi\u00e9es. La veille et l'intelligence \u00e9conomique ont tout leur sens face a une telle situation. La veille et l'intelligence \u00e9conomique sont par excellence des outils avant-gardiste pour lutter contre ces d\u00e9rives\u202f: contr\u00f4le, tra\u00e7abilit\u00e9 des donn\u00e9es, d\u00e9bats publics et controverses, factchecking, etc. Ces garde\u2011fous recr\u00e9ent la confiance informationnelle n\u00e9cessaire, en particulier, aux acteurs publics et aux d\u00e9cideurs. La veille et l'intelligence \u00e9conomique permettent de recr\u00e9er la confiance informationnelle n\u00e9cessaire par une d\u00e9marche ax\u00e9e sur une approche prospective, strat\u00e9gique ou \u00e9valuative peut aider \u00e0 y faire face. Les activit\u00e9s de veille et d'intelligence \u00e9conomique apportent des r\u00e9ponses \u00e0 une partie de ces enjeux, par l\u2019identification, la s\u00e9lection, l\u2019analyse et la mise \u00e0 disposition d\u2019informations cl\u00e9s. La rupture annonc\u00e9e ne saurait \u00eatre men\u00e9e sans une approche prospective, strat\u00e9gique ou \u00e9valuative que seule la veille strat\u00e9gique et l'intelligence \u00e9conomique peuvent permettre de r\u00e9ussir.<\/p>\n\n\n\n<p class=\"wp-block-paragraph\">*<em>Cheikh Mback\u00e9 SENE Expert en Communication strat\u00e9gique, Veilles &amp; intelligence \u00e9conomique Doctorant en administration des affaires au School of Business and Economics, Atlantic International (Hawa\u00ef, USA) Ancien Conseiller Technique Email : cmbacke.sene@gmail.com<\/em><\/p>\n","protected":false},"excerpt":{"rendered":"<p>Face \u00e0 un contexte difficile et une profusion d&rsquo;informations, de d\u00e9sinformations, fake-news\u2026 qui parfois fondent les opinions, \u00e0 tort ou \u00e0 raison, des outils comme la veille ou l&rsquo;intelligence \u00e9conomique peuvent aider, de par leur approche prospective, strat\u00e9gique ou \u00e9valuative. Le nouveau r\u00e9gime du S\u00e9n\u00e9gal qui cristallise tous les espoirs du pays en majorit\u00e9 jeune, [&hellip;]<\/p>\n","protected":false},"author":1,"featured_media":0,"comment_status":"open","ping_status":"closed","sticky":false,"template":"","format":"standard","meta":{"_jetpack_newsletter_access":"","_jetpack_dont_email_post_to_subs":false,"_jetpack_newsletter_tier_id":0,"_jetpack_memberships_contains_paywalled_content":false,"_jetpack_memberships_contains_paid_content":false,"footnotes":""},"categories":[42],"tags":[],"class_list":["post-26486","post","type-post","status-publish","format-standard","hentry","category-economie"],"jetpack_featured_media_url":"","jetpack_sharing_enabled":true,"_links":{"self":[{"href":"https:\/\/rp221.com\/index.php?rest_route=\/wp\/v2\/posts\/26486","targetHints":{"allow":["GET"]}}],"collection":[{"href":"https:\/\/rp221.com\/index.php?rest_route=\/wp\/v2\/posts"}],"about":[{"href":"https:\/\/rp221.com\/index.php?rest_route=\/wp\/v2\/types\/post"}],"author":[{"embeddable":true,"href":"https:\/\/rp221.com\/index.php?rest_route=\/wp\/v2\/users\/1"}],"replies":[{"embeddable":true,"href":"https:\/\/rp221.com\/index.php?rest_route=%2Fwp%2Fv2%2Fcomments&post=26486"}],"version-history":[{"count":0,"href":"https:\/\/rp221.com\/index.php?rest_route=\/wp\/v2\/posts\/26486\/revisions"}],"wp:attachment":[{"href":"https:\/\/rp221.com\/index.php?rest_route=%2Fwp%2Fv2%2Fmedia&parent=26486"}],"wp:term":[{"taxonomy":"category","embeddable":true,"href":"https:\/\/rp221.com\/index.php?rest_route=%2Fwp%2Fv2%2Fcategories&post=26486"},{"taxonomy":"post_tag","embeddable":true,"href":"https:\/\/rp221.com\/index.php?rest_route=%2Fwp%2Fv2%2Ftags&post=26486"}],"curies":[{"name":"wp","href":"https:\/\/api.w.org\/{rel}","templated":true}]}}