{"id":2627,"date":"2022-09-13T23:31:13","date_gmt":"2022-09-13T23:31:13","guid":{"rendered":"https:\/\/rp221.com\/?p=2627"},"modified":"2022-09-14T00:21:18","modified_gmt":"2022-09-14T00:21:18","slug":"occupation-de-lassemblee-nationale-par-larmee-le-nouvel-acte-repressif-dun-pouvoir-finissant-par-diagne-fode-roland","status":"publish","type":"post","link":"https:\/\/rp221.com\/?p=2627","title":{"rendered":"OCCUPATION DE L\u2019ASSEMBL\u00c9E NATIONALE PAR L\u2019ARM\u00c9E : LE NOUVEL ACTE R\u00c9PRESSIF D\u2019UN POUVOIR FINISSANT ! Par Diagne Fod\u00e9 Roland"},"content":{"rendered":"\n<h3 class=\"red\"><strong><em>OCCUPATION DE L\u2019ASSEMBL\u00c9E NATIONALE PAR L\u2019ARM\u00c9E : LE NOUVEL ACTE R\u00c9PRESSIF D\u2019UN POUVOIR FINISSANT ! Par Diagne Fod\u00e9 Roland<\/em><\/strong><\/h3>\nL\u2019obsession de la d\u00e9volution monarchiste a perdu le pouvoir lib\u00e9ral de Wade\/PDS en 2011\/12. L\u2019obsession de l\u2019appropriation familiale et clanique de la manne du gaz et du p\u00e9trole est en train de couler le pouvoir lib\u00e9ral de Macky\/APR\/BBY.\nLe spectacle alarmant de l\u2019envahissement de l\u2019h\u00e9micycle du parlement par les gendarmes pour faire \u00e9lire le pr\u00e9sident du pouvoir l\u00e9gislatif est la nouvelle atteinte liberticide \u00e0 la s\u00e9paration des pouvoirs par l\u2019Ex\u00e9cutif. N\u2019ayant plus la majorit\u00e9 absolue de d\u00e9put\u00e9s godillots \u00e0 sa botte, Macky\/APR\/BBY n\u2019ont trouv\u00e9 que l\u2019utilisation de l\u2019arm\u00e9e pour imposer le second personnage de l\u2019\u00c9tat. Macky a manifestement besoin de compl\u00e9ter son dispositif politique apr\u00e8s les nominations successives \u00e0 la t\u00eate de l\u2019arm\u00e9e dont la gendarmerie, de la police et du Conseil Constitutionnel, etc.\nEn fait Macky\/APR\/BBY disent \u00e0 tous les thurif\u00e9raires faussement na\u00eff du \u00ab\u00a0dialogue\u00a0\u00bb de dupe\u00a0 : \u00ab\u00a0 chantez toujours, mais circulez, il n\u2019y a rien \u00e0 voir, je fais des institutions ce que je veux, les lois ne s\u2019appliquent qu\u2019aux autres, mais pas \u00e0 moi\u00a0\u00bb. Dr\u00f4le de conception de la R\u00e9publique, n\u2019est ce pas\u00a0 ! ! \nL\u2019article 54 alin\u00e9a 2 de la Constitution est claire\u00a0sur l\u2019incompatibilit\u00e9 intemporelle entre le statut de ministre et de d\u00e9put\u00e9 : \u00ab\u00a0Le d\u00e9put\u00e9, nomm\u00e9 membre du gouvernement,\u00a0<u>ne peut si\u00e9ger<\/u>\u00a0\u00e0 l\u2019Assembl\u00e9e Nationale pendant la dur\u00e9e de ses fonctions minist\u00e9rielles\u00a0\u00bb. La Constitution interdit formellement de \"si\u00e9ger\" \u00e0 l\u2019Assembl\u00e9e Nationale \u00e0 tous membres du gouvernement pour consacrer dans le marbre le respect du sacro-saint principe de la s\u00e9paration des pouvoirs. C\u2019est ce qu\u2019\u00e0 traduit l\u2019article 109 du R\u00e8glement Int\u00e9rieur du parlement\u00a0 : \u00ab\u00a0le mandat de d\u00e9put\u00e9\u00a0<u>est incompatible<\/u>\u00a0avec la qualit\u00e9 de membre du Gouvernement\u00a0\u00bb. C\u2019est-\u00e0-dire qu\u2019ils ne peuvent si\u00e9ger, qu\u2019ils ne peuvent donc le faire \u00e0 l\u2019installation de la nouvelle l\u00e9gislature.\nC\u2019est donc leur probl\u00e8me \u00e0 eux et \u00e0 leurs parti et coalition de se donner au maximum 8 jours pour faire leur choix\u00a0 : ou d\u00e9put\u00e9s ou ministres, mais jamais les deux \u00e0 la fois. Et si ils ne l\u2019ont pas fait en d\u00e9missionnant du gouvernement et si\u00e8gent ill\u00e9galement donc par force, ils bafouent en entente avec leur parti et coalition et la complicit\u00e9 de tous leurs d\u00e9put\u00e9s la Constitution et le R\u00e8glement Int\u00e9rieur de l\u2019institution l\u00e9gislative du pays. Le fait m\u00eame que, le sachant, Macky\/APR\/BBY n\u2019aient pas r\u00e9gler ce cumul interdit par la Constitution est un indice probant qu\u2019ils trament une provocation liberticide sur fond des contradictions internes explosives en leur sein. Que le gouvernement et le pr\u00e9sident envoient l\u2019arm\u00e9e pour permettre ce forfait est gravissime. C\u2019est une confirmation du processus de fascisation du pouvoir n\u00e9ocolonial lib\u00e9ral dans notre pays.\nLes d\u00e9put\u00e9s qui ont particip\u00e9 \u00e0 cette mascarade liberticide prennent l\u00e0 une lourde responsabilit\u00e9 au regard du fait, malgr\u00e9 les fraudes av\u00e9r\u00e9es, qu\u2019ils, qu\u2019elles ont \u00e9t\u00e9 \u00e9lus par le peuple et sont cens\u00e9s d\u2019\u00eatre exemplaires dans le respect des lois en vigueur. Ces d\u00e9put\u00e9s APR\/BBY qui, lors de la 13\u00e9me l\u00e9gislature, \u00ab\u00a0terrorisaient\u00a0\u00bb par leur verve insolente pour insulter leurs coll\u00e8gues ultra-minoritaires de l\u2019opposition, ont \u00e9t\u00e9 oblig\u00e9s de s\u2019\u00e9craser devant la fermet\u00e9 de la r\u00e9sistance des 80 plus 1 qui ont refus\u00e9 de participer \u00e0 cette imposture \u00e9lectorale sous supervision de l\u2019arm\u00e9e.\nLe pr\u00e9sident de la r\u00e9publique, Macky Sall, enferm\u00e9 dans son \u00ab\u00a0ni ni\u00a0\u00bb attrape-nigaud sur sa troisi\u00e8me candidature qui sent fortement l\u2019odeur du gaz et du p\u00e9trole, a pris la f\u00e2cheuse habitude de confondre le pr\u00e9sidentialisme avec la soumission autocratique des pouvoirs l\u00e9gislatifs (contr\u00f4le de l\u2019action et la gestion gouvernementale), judiciaire (application des lois), des corps de s\u00e9curit\u00e9 et de d\u00e9fense (arm\u00e9e, police) que l\u2019on m\u00e9lange parfois avec des nervis \u00ab\u00a0marrons du feu\u00a0\u00bb et des m\u00e9dias publics et certains priv\u00e9s au pouvoir ex\u00e9cutif (pr\u00e9sidence).\n<h4 class=\"blue\"><strong><em>Tous les actes du pr\u00e9sident se retournent en boomerang pour aggraver le discr\u00e9dit de plus en plus massif qui frappe le pr\u00e9sident et sa pr\u00e9sidence n\u00e9ocoloniale dans le peuple.<\/em><\/strong><\/h4>\nLes campagnes l\u00e9gislatives et des locales de APR\/BBY n\u2019ont cess\u00e9 d\u2019\u00eatre une psalmodie r\u00e9p\u00e9titive sur les \"travaux du pr\u00e9sident Macky Sall, donnez lui une majorit\u00e9 \u00e9crasante pour poursuivre sa grande \u0153uvre\". Point de bilan des maires ou d\u00e9put\u00e9s APR\/BBY. R\u00e9sultats\u00a0 : d\u00e9faite aux locales et aux l\u00e9gislatives malgr\u00e9 tous les tripatouillages et tricheries connus de tous.\nNon seulement le peuple sanctionne, mais voil\u00e0 la nature violent\u00e9e par la boulimie sp\u00e9culative fonci\u00e8re et immobili\u00e8re qui se cache derri\u00e8re l\u2019urbanisation anarchique qui, \u00e0 son tour, les sanctionne en r\u00e9v\u00e9lant au grand jour les malfa\u00e7ons des \u00e9l\u00e9phants blancs du pouvoir lib\u00e9ral n\u00e9ocolonial Macky\/APR\/BBY.\n\u00ab\u00a0L\u2019occasion fait le larron\u00a0\u00bb dit l\u2019adage. Fuyant le m\u00e9contentement populaire, voil\u00e0 qu\u2019\u00e0 la faveur de la pr\u00e9sidence de l\u2019Union Africaine (UA), Macky cherche \u00e0 voiler son discr\u00e9dit national par un activisme voyagiste de la main tendue pour le bl\u00e9 ukrainien d\u00e9tenu en r\u00e9alit\u00e9 par l\u2019agrobusiness US et les engrais Russes apr\u00e8s avoir promis \u00ab\u00a0l\u2019autosuffisance alimentaire du PSE\u00a0\u00bb, des missions fran\u00e7africaines au Mali et au Tchad, des visites affairistes au Pays Bas et en France teint\u00e9es de vaines tentatives de faire r\u00eaver les S\u00e9n\u00e9galais sur sa pr\u00e9tendue \u00ab\u00a0stature internationale\u00a0pour vendre l\u2019exemplarit\u00e9 de la d\u00e9mocratie s\u00e9n\u00e9galaise \u00bb, etc.\nCe stratag\u00e8me pour se fabriquer une image de \u00ab\u00a0d\u00e9mocrate\u00a0\u00bb \u00e0 l\u2019internationale ne trompe aucun S\u00e9n\u00e9galais en raison du pi\u00e9tinement devenu syst\u00e9matique de tous les droits individuels et collectifs dans le pays et de la cleptomanie flagrante sans scrupule du pouvoir de Macky\/APR\/BBY.\nLeur m\u00e9pris arrogant est d\u2019ignorer le peuple s\u00e9n\u00e9galais qui est pourtant leur seul \u00e9lecteur pour jouer au pom-pom girl de leurs ma\u00eetres imp\u00e9rialistes fran\u00e7africain, eurafricain et usafricain. Seuls comptent pour ces valets leur image, plumage et ramage pour charmer les bourreaux fran\u00e7africains qui, voyez-vous, \u00ab\u00a0servaient des desserts\u00a0\u00bb aux victimes \u00ab\u00a0tirailleurs s\u00e9n\u00e9galais\u00a0\u00bb de la boucherie mondiale de 14-18 et du massacre de Thiaroye, etc.\n<h4 class=\"blue\"><strong><em>C\u2019est ainsi ce vernis en paillette qui vient d\u2019\u00eatre arrach\u00e9e en plein vol devant les opinions publiques mondiales par cette scandaleuse invasion de l\u2019Assembl\u00e9e Nationale par l\u2019arm\u00e9e nationale pour permettre ce qui n\u2019a pas d\u2019autre nom qu\u2019un putsch l\u00e9gislatif de l\u2019Ex\u00e9cutif pr\u00e9sidentialiste autocratique.<\/em><\/strong><\/h4>\nAvec la mis\u00e8re grandissante, les difficult\u00e9s d\u2019avoir 2 repas quotidiens, les S\u00e9n\u00e9galais ne cessent d\u2019\u00e9grener avec col\u00e8re \u00ab\u00a0les m\u00e9chancet\u00e9s, les goinfreries\u00a0\u00bb de Macky, de sa famille et de son clan. Ils se plaignent de la surdit\u00e9, de l\u2019aveuglement inhumain de leur pr\u00e9sident actuel et parfois expriment le regret d\u2019avoir \u00e9t\u00e9 dup\u00e9 en 2012 par la \u00ab\u00a0jeunesse\u00a0de celui n\u00e9 apr\u00e8s les ind\u00e9pendances \u00bb et par son discours va-t'en-guerre d\u2019alors contre le monarchisme de son p\u00e8re politique lib\u00e9ral Wade.\nLes S\u00e9n\u00e9galais sont de plus en plus r\u00e9volt\u00e9s que dans un pays riche mais habit\u00e9 par une \u00e9crasante majorit\u00e9 de pauvres toujours plus appauvris, ces \u00ab\u00a0politiciens\u00a0\u00bb deviennent des milliardaires en g\u00e9rant l\u2019appareil d\u2019\u00c9tat, qu\u2019ils s\u2019accaparent de leurs terres rurales et urbaines, qu\u2019ils \u00e9rigent des immeubles pour touristes \u00e9trangers en laissant tous les secteurs \u00e9conomiques strat\u00e9giques entre les mains des multinationales fran\u00e7africaines au d\u00e9triment de l\u2019int\u00e9r\u00eat national et des populations.\nTout ceci r\u00e9sulte en fait de la situation n\u00e9ocoloniale du pays pr\u00e9sid\u00e9 par une bourgeoisie bureaucratique servile qui n\u2019a d\u2019autres sources d\u2019enrichissement que le d\u00e9tournement des imp\u00f4ts pay\u00e9s par le contribuable s\u00e9n\u00e9galais, le pillage des richesses naturelles brad\u00e9es aux entreprises monopolistes des imp\u00e9rialistes, la surfacturation des \u00ab\u00a0travaux\u00a0\u00bb qui sont confi\u00e9s \u00e0 ces derniers et la sous traitance dans laquelle est maintenue les quelques op\u00e9rateurs \u00e9conomiques nationaux, etc.\nTel est le mal profond qui mine notre pays que les alternances lib\u00e9rales et sociales-lib\u00e9rales m\u00e2tin\u00e9es d\u2019ex-gauches\u00a0corrompues ne r\u00e8glent pas, mais l\u2019aggrave par leur avidit\u00e9 sans limite.\nAlors marchons r\u00e9solument vers l\u2019alternative patriotique en 2024 pour commencer \u00e0 sortir le S\u00e9n\u00e9gal du n\u00e9ocolonialisme. Faisons de Sonko le candidat du projet patriotique collectif des classes sociales r\u00e9unies pour entamer cette marche vers la lib\u00e9ration nationale panafricaine.\n","protected":false},"excerpt":{"rendered":"<p>OCCUPATION DE L\u2019ASSEMBL\u00c9E NATIONALE PAR L\u2019ARM\u00c9E : LE NOUVEL ACTE R\u00c9PRESSIF D\u2019UN POUVOIR FINISSANT ! Par Diagne Fod\u00e9 Roland L\u2019obsession de la d\u00e9volution monarchiste a perdu le pouvoir lib\u00e9ral de Wade\/PDS en 2011\/12. L\u2019obsession de l\u2019appropriation familiale et clanique de la manne du gaz et du p\u00e9trole est en train de couler le pouvoir lib\u00e9ral [&hellip;]<\/p>\n","protected":false},"author":8,"featured_media":0,"comment_status":"open","ping_status":"open","sticky":false,"template":"","format":"standard","meta":{"_jetpack_newsletter_access":"","_jetpack_dont_email_post_to_subs":false,"_jetpack_newsletter_tier_id":0,"_jetpack_memberships_contains_paywalled_content":false,"_jetpack_memberships_contains_paid_content":false,"footnotes":""},"categories":[45],"tags":[70,111],"class_list":["post-2627","post","type-post","status-publish","format-standard","hentry","category-contributions","tag-assemblee-nationale","tag-diagne-fode-roland"],"jetpack_featured_media_url":"","jetpack_sharing_enabled":true,"_links":{"self":[{"href":"https:\/\/rp221.com\/index.php?rest_route=\/wp\/v2\/posts\/2627","targetHints":{"allow":["GET"]}}],"collection":[{"href":"https:\/\/rp221.com\/index.php?rest_route=\/wp\/v2\/posts"}],"about":[{"href":"https:\/\/rp221.com\/index.php?rest_route=\/wp\/v2\/types\/post"}],"author":[{"embeddable":true,"href":"https:\/\/rp221.com\/index.php?rest_route=\/wp\/v2\/users\/8"}],"replies":[{"embeddable":true,"href":"https:\/\/rp221.com\/index.php?rest_route=%2Fwp%2Fv2%2Fcomments&post=2627"}],"version-history":[{"count":0,"href":"https:\/\/rp221.com\/index.php?rest_route=\/wp\/v2\/posts\/2627\/revisions"}],"wp:attachment":[{"href":"https:\/\/rp221.com\/index.php?rest_route=%2Fwp%2Fv2%2Fmedia&parent=2627"}],"wp:term":[{"taxonomy":"category","embeddable":true,"href":"https:\/\/rp221.com\/index.php?rest_route=%2Fwp%2Fv2%2Fcategories&post=2627"},{"taxonomy":"post_tag","embeddable":true,"href":"https:\/\/rp221.com\/index.php?rest_route=%2Fwp%2Fv2%2Ftags&post=2627"}],"curies":[{"name":"wp","href":"https:\/\/api.w.org\/{rel}","templated":true}]}}