{"id":26057,"date":"2024-04-11T08:29:40","date_gmt":"2024-04-11T08:29:40","guid":{"rendered":"https:\/\/rp221.com\/?p=26057"},"modified":"2024-04-11T08:29:41","modified_gmt":"2024-04-11T08:29:41","slug":"la-croissance-des-economies-africaines-devrait-atteindre-34-en-2024-mais-doit-encore-gagner-en-rapidite-et-en-equite-pour-reduire-la-pauvrete","status":"publish","type":"post","link":"https:\/\/rp221.com\/?p=26057","title":{"rendered":"La croissance des \u00e9conomies africaines devrait atteindre 3,4 % en 2024, mais doit encore gagner en rapidit\u00e9 et en \u00e9quit\u00e9 pour r\u00e9duire la pauvret\u00e9"},"content":{"rendered":"\n<p class=\"wp-block-paragraph\">WASHINGTON, 8 avril 2024 \u2013 La croissance \u00e9conomique rebondit en Afrique subsaharienne, \u00e0 la faveur de la hausse de la consommation priv\u00e9e et du recul de l\u2019inflation. La reprise reste cependant fragile, selon le dernier rapport Africa\u2019s Pulse de la Banque mondiale. En cause, les incertitudes li\u00e9es \u00e0 la conjoncture \u00e9conomique mondiale, le fardeau de plus en plus lourd du service de la dette, des catastrophes naturelles fr\u00e9quentes et une intensification des conflits et des violences. En outre, pour parvenir \u00e0 soutenir la croissance \u00e0 long terme et \u00e0 r\u00e9duire v\u00e9ritablement la pauvret\u00e9, il est indispensable de mener des actions politiques transformatrices pour s\u2019attaquer au probl\u00e8me profond des in\u00e9galit\u00e9s.<\/p>\n\n\n\n<p class=\"wp-block-paragraph\">Le rapport pr\u00e9voit un rebond de la croissance \u00e0 3,4 % en 2024 et 3,8 % en 2025, contre un taux de 2,6 % en 2023. Cette reprise est cependant pr\u00e9caire. Si l\u2019inflation reflue dans la plupart des \u00e9conomies d\u2019Afrique subsaharienne, pour passer en moyenne de 7,1 % en 2023 \u00e0 5,1 % en 2024, elle reste \u00e9lev\u00e9e par rapport aux niveaux pr\u00e9-COVID. Par ailleurs, m\u00eame si la progression de la dette publique se tasse, plus de la moiti\u00e9 des gouvernements africains sont aux prises avec des probl\u00e8mes de liquidit\u00e9s ext\u00e9rieures et un niveau d\u2019endettement non soutenable.<br>En d\u00e9pit de ces pr\u00e9visions d\u2019acc\u00e9l\u00e9ration de la croissance, le rythme de l\u2019expansion \u00e9conomique r\u00e9gionale reste inf\u00e9rieur aux taux de croissance enregistr\u00e9s dans la d\u00e9cennie pr\u00e9c\u00e9dente (2000-2014) et insuffisant pour avoir un effet significatif sur la r\u00e9duction de la pauvret\u00e9. En outre, en raison de multiples facteurs, et notamment de l\u2019ampleur des in\u00e9galit\u00e9s structurelles, l\u2019impact de la croissance \u00e9conomique sur la r\u00e9duction de la pauvret\u00e9 en Afrique subsaharienne est plus faible que dans d\u2019autres r\u00e9gions.<br>\u00ab Une croissance du PIB par habitant de 1 % est associ\u00e9e \u00e0 une r\u00e9duction du taux d\u2019extr\u00eame pauvret\u00e9 d\u2019environ 1 % seulement dans la r\u00e9gion, contre 2,5 % en moyenne dans le reste du monde, indique Andrew Dabalen, \u00e9conomiste en chef de la Banque mondiale pour l\u2019Afrique. Dans un contexte de contraintes budg\u00e9taires, le levier des finances publiques ne permettra pas \u00e0 lui seul de r\u00e9duire plus rapidement la pauvret\u00e9. Il faut l\u2019accompagner de politiques qui \u00e9largissent les capacit\u00e9s de production du secteur priv\u00e9, afin de cr\u00e9er des emplois plus nombreux et de meilleure qualit\u00e9 pour tous les segments de la soci\u00e9t\u00e9. \u00bb<\/p>\n\n\n\n<p class=\"wp-block-paragraph\">Le rapport note \u00e9galement une diminution des ressources ext\u00e9rieures n\u00e9cessaires pour r\u00e9pondre aux besoins de financement des \u00c9tats africains, ainsi que leur rench\u00e9rissement par rapport \u00e0 la p\u00e9riode d\u2019avant la pand\u00e9mie. L\u2019instabilit\u00e9 politique et les tensions g\u00e9opolitiques p\u00e8sent sur l\u2019activit\u00e9 \u00e9conomique et pourraient limiter l\u2019acc\u00e8s \u00e0 la nourriture pour environ 105 millions de personnes menac\u00e9es d\u2019ins\u00e9curit\u00e9 alimentaire en raison des conflits et des chocs climatiques. Face \u00e0 une situation budg\u00e9taire qui reste vuln\u00e9rable aux perturbations \u00e9conomiques mondiales, les gouvernements africains doivent prendre des mesures qui permettent de constituer des r\u00e9serves indispensables pour pr\u00e9venir ou faire face aux chocs futurs.<\/p>\n\n\n\n<p class=\"wp-block-paragraph\">Enfin, les in\u00e9galit\u00e9s en Afrique subsaharienne, telles que mesur\u00e9es par le coefficient de Gini, restent parmi les plus \u00e9lev\u00e9es au monde, juste derri\u00e8re la r\u00e9gion Am\u00e9rique latine et Cara\u00efbes. Malgr\u00e9 des progr\u00e8s r\u00e9cents, l\u2019acc\u00e8s \u00e0 des services de base comme l\u2019\u00e9ducation et la sant\u00e9 demeure tr\u00e8s in\u00e9gal. Des in\u00e9galit\u00e9s existent \u00e9galement dans l\u2019acc\u00e8s aux march\u00e9s et aux activit\u00e9s g\u00e9n\u00e9ratrices de revenus, ind\u00e9pendamment des comp\u00e9tences d\u00e9tenues par les individus. \u00c0 cela s\u2019ajoutent les imp\u00f4ts et les subventions mal cibl\u00e9es, qui peuvent aussi toucher plus durement les pauvres.<\/p>\n\n\n\n<p class=\"wp-block-paragraph\">\u00ab Les in\u00e9galit\u00e9s en Afrique sont en grande partie dues aux circonstances dans lesquelles un enfant na\u00eet et sont accentu\u00e9es plus tard dans la vie par des obstacles qui entravent une participation productive aux march\u00e9s et par une fiscalit\u00e9 r\u00e9gressive, explique Gabriela Inchauste, coautrice d\u2019un rapport de la Banque mondiale \u00e0 para\u00eetre sur la lutte contre les in\u00e9galit\u00e9s en Afrique subsaharienne. En identifiant et en rem\u00e9diant plus efficacement \u00e0 ces contraintes structurelles dans l\u2019ensemble de l\u2019\u00e9conomie, on peut ouvrir la voie \u00e0 un avenir plus prosp\u00e8re. \u00bb<\/p>\n\n\n\n<p class=\"wp-block-paragraph\">Le rapport Africa\u2019s Pulse pr\u00e9conise plusieurs mesures pour favoriser une croissance plus soutenue et plus \u00e9quitable, \u00e0 savoir r\u00e9tablir la stabilit\u00e9 macro\u00e9conomique, promouvoir la mobilit\u00e9 interg\u00e9n\u00e9rationnelle, soutenir l\u2019acc\u00e8s aux march\u00e9s et veiller \u00e0 ce que les politiques budg\u00e9taires ne p\u00e8sent pas plus lourdement sur les pauvres.<\/p>\n\n\n\n<p class=\"wp-block-paragraph\">Contacts :<br>\u00c0 Washington (Afrique de l\u2019Est et australe) : Daniella van Leggelo-Padilla, (202) 473-4989, dvanleggelo@worldbank.org<br>\u00c0 Washington (Afrique de l\u2019Ouest et du Centre) : Caitlin Berczik, (202) 458-9351, cberczik@worldbankgroup.org<\/p>\n\n\n\n<p class=\"wp-block-paragraph\">Communiqu\u00e9 de presse<br>2024\/057\/AFR<\/p>\n","protected":false},"excerpt":{"rendered":"<p>WASHINGTON, 8 avril 2024 \u2013 La croissance \u00e9conomique rebondit en Afrique subsaharienne, \u00e0 la faveur de la hausse de la consommation priv\u00e9e et du recul de l\u2019inflation. La reprise reste cependant fragile, selon le dernier rapport Africa\u2019s Pulse de la Banque mondiale. En cause, les incertitudes li\u00e9es \u00e0 la conjoncture \u00e9conomique mondiale, le fardeau de [&hellip;]<\/p>\n","protected":false},"author":1,"featured_media":0,"comment_status":"open","ping_status":"closed","sticky":false,"template":"","format":"standard","meta":{"_jetpack_newsletter_access":"","_jetpack_dont_email_post_to_subs":false,"_jetpack_newsletter_tier_id":0,"_jetpack_memberships_contains_paywalled_content":false,"_jetpack_memberships_contains_paid_content":false,"footnotes":""},"categories":[42],"tags":[],"class_list":["post-26057","post","type-post","status-publish","format-standard","hentry","category-economie"],"jetpack_featured_media_url":"","jetpack_sharing_enabled":true,"_links":{"self":[{"href":"https:\/\/rp221.com\/index.php?rest_route=\/wp\/v2\/posts\/26057","targetHints":{"allow":["GET"]}}],"collection":[{"href":"https:\/\/rp221.com\/index.php?rest_route=\/wp\/v2\/posts"}],"about":[{"href":"https:\/\/rp221.com\/index.php?rest_route=\/wp\/v2\/types\/post"}],"author":[{"embeddable":true,"href":"https:\/\/rp221.com\/index.php?rest_route=\/wp\/v2\/users\/1"}],"replies":[{"embeddable":true,"href":"https:\/\/rp221.com\/index.php?rest_route=%2Fwp%2Fv2%2Fcomments&post=26057"}],"version-history":[{"count":0,"href":"https:\/\/rp221.com\/index.php?rest_route=\/wp\/v2\/posts\/26057\/revisions"}],"wp:attachment":[{"href":"https:\/\/rp221.com\/index.php?rest_route=%2Fwp%2Fv2%2Fmedia&parent=26057"}],"wp:term":[{"taxonomy":"category","embeddable":true,"href":"https:\/\/rp221.com\/index.php?rest_route=%2Fwp%2Fv2%2Fcategories&post=26057"},{"taxonomy":"post_tag","embeddable":true,"href":"https:\/\/rp221.com\/index.php?rest_route=%2Fwp%2Fv2%2Ftags&post=26057"}],"curies":[{"name":"wp","href":"https:\/\/api.w.org\/{rel}","templated":true}]}}