{"id":26010,"date":"2024-04-03T03:07:32","date_gmt":"2024-04-03T03:07:32","guid":{"rendered":"https:\/\/rp221.com\/?p=26010"},"modified":"2024-04-03T03:07:34","modified_gmt":"2024-04-03T03:07:34","slug":"back-homme-de-retour-par-cherif-salif-sy","status":"publish","type":"post","link":"https:\/\/rp221.com\/?p=26010","title":{"rendered":"Back homme ! De retour !Par CHERIF SALIF SY"},"content":{"rendered":"\n<p class=\"wp-block-paragraph\">Un nouveau Pr\u00e9sident de la R\u00e9publique est \u00e9lu au S\u00e9n\u00e9gal. Il va prochainement entrer en fonction ! F\u00e9licitations encore \u00e0 l\u2019\u00e9lu ; f\u00e9licitations au peuple s\u00e9n\u00e9galais ; f\u00e9licitations aux africains et au monde qui se r\u00e9jou\u00eet avec nous !<\/p>\n\n\n\n<p class=\"wp-block-paragraph\">Mais la lutte continue ensemble, pour l\u2019\u00e9mancipation \u00e9conomique et sociale en vue de l\u2019accomplissement, une fois qu\u2019on lui aura laiss\u00e9 le temps de s\u2019installer et entrer en contact avec l\u2019Etat r\u00e9el !<\/p>\n\n\n\n<p class=\"wp-block-paragraph\">POURQUOI LA LUTTE CONTINUE ?<br>Parce que la r\u00e9orientation strat\u00e9gique qu\u2019implique le d\u00e9veloppement autocentr\u00e9 dans la souverainet\u00e9 populaire n\u00e9cessite un PACTE SOCIAL EXTREMEMENT LARGE AU SEIN DE LA POPULATION qui refuse r\u00e9solument la domination et l\u2019injonction civilisationnelle occidentale.<\/p>\n\n\n\n<p class=\"wp-block-paragraph\">Un tel pacte ne peut \u00eatre le fruit que d\u2019une lecture commune de la situation du monde et de l\u2019avenir que l\u2019on souhaite donner \u00e0 son pays, \u00e0 sa r\u00e9gion, \u00e0 son continent pour un monde meilleur.<\/p>\n\n\n\n<p class=\"wp-block-paragraph\">Cette lecture commune doit \u00eatre le produit d\u2019un discours intelligible pour la population et la soci\u00e9t\u00e9, et appropri\u00e9e par elles.<\/p>\n\n\n\n<p class=\"wp-block-paragraph\">Tout cela ne peut \u00eatre que le r\u00e9sultat d\u2019une id\u00e9ologie d\u2019un d\u00e9veloppement \u00e9conomique et social largement comprise et partag\u00e9e (pas de construction sociale sans id\u00e9ologie de l\u00e9gitimation partag\u00e9e).<\/p>\n\n\n\n<p class=\"wp-block-paragraph\">Aujourd\u2019hui, une jeune personne d\u2019Afrique subsaharienne, aussi bien intentionn\u00e9e soit-elle, face \u00e0 un syst\u00e8me s\u00e9nile et bloqu\u00e9 et des probl\u00e8mes socio-\u00e9conomiques qui semblent insurmontables, cherche d\u2019abord \u00e0 s\u2019en sortir pour elle-m\u00eame \u00e0 titre individuel.<\/p>\n\n\n\n<p class=\"wp-block-paragraph\">Une personne cynique dans ce contexte se comportera en rapace de l\u2019ordre \u00e9tablit, pour peu que l\u2019occasion lui en soit donn\u00e9e. Les meilleurs et les plus volontaires agiront \u00e0 la marge : actions sociales et humanitaire, actions \u00e9ducatives, actions \u00e9conomiques de subsistance etc., mais qui resteront des gouttes d\u2019eau dans un oc\u00e9an de probl\u00e8mes.<\/p>\n\n\n\n<p class=\"wp-block-paragraph\">OR, IL S\u2019AGIT BIEN DE DEPLACER DES MONTAGNES AVEC DES HOMMES QU\u2019IL FAUT A LA PLACE QU\u2019IL FAUT !<\/p>\n\n\n\n<p class=\"wp-block-paragraph\">Aucun \u00eatre humain ne peut porter sur ses seules \u00e9paules le d\u00e9fi du d\u00e9veloppement \u00e9conomique et social de son pays, \u00e0 moins d\u2019\u00eatre un m\u00e9galomane illumin\u00e9, mystique et fanatique. Il en est de m\u00eame pour le Parti, la mouvance ou la coalition.<\/p>\n\n\n\n<p class=\"wp-block-paragraph\">Ce dont les pays africains ont besoin, c\u2019est d\u2019une lame de fond transformatrice, qui fait que chaque citoyen se sente appartenir \u00e0 une nation, \u00e0 un \u00ab tout \u00bb qui r\u00e9pond d\u2019une mission historique.<\/p>\n\n\n\n<p class=\"wp-block-paragraph\">Les conditions d\u2019\u00e9mergence et de r\u00e9ception de ce discours, de cette lame de fond transformatrice, il faut les cr\u00e9er.<\/p>\n\n\n\n<p class=\"wp-block-paragraph\">LA TACHE RISQUE DE NE PAS ETRE AISEE, ET NUL NE PEUT PREDIRE DE SON SUCCES. MAIS QUI NE TENTE RIEN N\u2019A RIEN.<\/p>\n\n\n\n<p class=\"wp-block-paragraph\">CHERIF SALIF SY<\/p>\n","protected":false},"excerpt":{"rendered":"<p>Un nouveau Pr\u00e9sident de la R\u00e9publique est \u00e9lu au S\u00e9n\u00e9gal. Il va prochainement entrer en fonction ! F\u00e9licitations encore \u00e0 l\u2019\u00e9lu ; f\u00e9licitations au peuple s\u00e9n\u00e9galais ; f\u00e9licitations aux africains et au monde qui se r\u00e9jou\u00eet avec nous ! Mais la lutte continue ensemble, pour l\u2019\u00e9mancipation \u00e9conomique et sociale en vue de l\u2019accomplissement, une fois [&hellip;]<\/p>\n","protected":false},"author":1,"featured_media":0,"comment_status":"open","ping_status":"closed","sticky":false,"template":"","format":"standard","meta":{"_jetpack_newsletter_access":"","_jetpack_dont_email_post_to_subs":false,"_jetpack_newsletter_tier_id":0,"_jetpack_memberships_contains_paywalled_content":false,"_jetpack_memberships_contains_paid_content":false,"footnotes":""},"categories":[42],"tags":[],"class_list":["post-26010","post","type-post","status-publish","format-standard","hentry","category-economie"],"jetpack_featured_media_url":"","jetpack_sharing_enabled":true,"_links":{"self":[{"href":"https:\/\/rp221.com\/index.php?rest_route=\/wp\/v2\/posts\/26010","targetHints":{"allow":["GET"]}}],"collection":[{"href":"https:\/\/rp221.com\/index.php?rest_route=\/wp\/v2\/posts"}],"about":[{"href":"https:\/\/rp221.com\/index.php?rest_route=\/wp\/v2\/types\/post"}],"author":[{"embeddable":true,"href":"https:\/\/rp221.com\/index.php?rest_route=\/wp\/v2\/users\/1"}],"replies":[{"embeddable":true,"href":"https:\/\/rp221.com\/index.php?rest_route=%2Fwp%2Fv2%2Fcomments&post=26010"}],"version-history":[{"count":0,"href":"https:\/\/rp221.com\/index.php?rest_route=\/wp\/v2\/posts\/26010\/revisions"}],"wp:attachment":[{"href":"https:\/\/rp221.com\/index.php?rest_route=%2Fwp%2Fv2%2Fmedia&parent=26010"}],"wp:term":[{"taxonomy":"category","embeddable":true,"href":"https:\/\/rp221.com\/index.php?rest_route=%2Fwp%2Fv2%2Fcategories&post=26010"},{"taxonomy":"post_tag","embeddable":true,"href":"https:\/\/rp221.com\/index.php?rest_route=%2Fwp%2Fv2%2Ftags&post=26010"}],"curies":[{"name":"wp","href":"https:\/\/api.w.org\/{rel}","templated":true}]}}