{"id":25646,"date":"2024-03-22T11:57:30","date_gmt":"2024-03-22T11:57:30","guid":{"rendered":"https:\/\/rp221.com\/?p=25646"},"modified":"2024-03-26T12:51:45","modified_gmt":"2024-03-26T12:51:45","slug":"france-le-senat-rejette-le-traite-ceta-de-libre-echange-entre-lue-et-le-canada","status":"publish","type":"post","link":"https:\/\/rp221.com\/?p=25646","title":{"rendered":"France: le S\u00e9nat rejette le trait\u00e9 Ceta de libre-\u00e9change entre l\u2019UE et le Canada"},"content":{"rendered":"\n<p class=\"wp-block-paragraph\">Le S\u00e9nat fran\u00e7ais s'est oppos\u00e9 jeudi 21 mars \u00e0 la ratification du trait\u00e9 Ceta de libre-\u00e9change, entre l'Union europ\u00e9enne et le Canada, par un premier vote dans l'h\u00e9micycle gr\u00e2ce \u00e0 une alliance gauche-droite de circonstance. D\u2019autres pays europ\u00e9ens semblent s\u2019opposer \u00e9galement \u00e0 ce texte, notamment dans un contexte de grogne agricole sur tout le continent.<\/p>\n\n\n\n<p class=\"wp-block-paragraph\">Le trait\u00e9 est appliqu\u00e9 provisoirement depuis 2017, mais&nbsp;<strong><a href=\"https:\/\/www.rfi.fr\/fr\/podcasts\/aujourd-hui-l-%C3%A9conomie\/20240321-l-accord-de-libre-%C3%A9change-entre-le-canada-et-l-ue-suspendu-au-vote-du-s%C3%A9nat-fran%C3%A7ais\">jamais soumis \u00e0 la chambre haute<\/a><\/strong>. Dans un climat extr\u00eamement tendu, les s\u00e9nateurs ont rejet\u00e9 \u00e0 211 voix contre 44 l'article du projet de loi relatif \u00e0 ce trait\u00e9.&nbsp;Ils ont confirm\u00e9 ce rejet quelques minutes plus tard par un vote d\u00e9finitif.<\/p>\n\n\n\n<p class=\"wp-block-paragraph\">Sign\u00e9 en 2016, adopt\u00e9 en 2017 \u00e0 l'\u00e9chelle europ\u00e9enne, le Ceta a \u00e9t\u00e9 valid\u00e9 de justesse&nbsp;<strong><a href=\"https:\/\/www.rfi.fr\/fr\/emission\/20190726-infox-ceta-vrai-faux-rumeurs-fake-news\">\u00e0 l'Assembl\u00e9e nationale en 2019<\/a><\/strong>. Mais le gouvernement n'a jamais saisi le S\u00e9nat, une \u00e9tape pourtant n\u00e9cessaire dans le processus.<\/p>\n\n\n\n<p class=\"wp-block-paragraph\">Dans ce vote, la haute assembl\u00e9e a rejet\u00e9&nbsp;l'article 1er du projet de loi de ratification du Ceta, article portant sur la dimension \u00e9conomique et commerciale du trait\u00e9. Le S\u00e9nat&nbsp;a en revanche approuv\u00e9 le second et dernier article, relatif au partenariat strat\u00e9gique entre l'UE et le Canada par 243 voix contre 26.&nbsp;Le rejet est donc act\u00e9.<\/p>\n","protected":false},"excerpt":{"rendered":"<p>Le S\u00e9nat fran\u00e7ais s&rsquo;est oppos\u00e9 jeudi 21 mars \u00e0 la ratification du trait\u00e9 Ceta de libre-\u00e9change, entre l&rsquo;Union europ\u00e9enne et le Canada, par un premier vote dans l&rsquo;h\u00e9micycle gr\u00e2ce \u00e0 une alliance gauche-droite de circonstance. D\u2019autres pays europ\u00e9ens semblent s\u2019opposer \u00e9galement \u00e0 ce texte, notamment dans un contexte de grogne agricole sur tout le continent. [&hellip;]<\/p>\n","protected":false},"author":1,"featured_media":0,"comment_status":"open","ping_status":"open","sticky":false,"template":"","format":"standard","meta":{"_jetpack_newsletter_access":"","_jetpack_dont_email_post_to_subs":false,"_jetpack_newsletter_tier_id":0,"_jetpack_memberships_contains_paywalled_content":false,"_jetpack_memberships_contains_paid_content":false,"footnotes":""},"categories":[42],"tags":[],"class_list":["post-25646","post","type-post","status-publish","format-standard","hentry","category-economie"],"jetpack_featured_media_url":"","jetpack_sharing_enabled":true,"_links":{"self":[{"href":"https:\/\/rp221.com\/index.php?rest_route=\/wp\/v2\/posts\/25646","targetHints":{"allow":["GET"]}}],"collection":[{"href":"https:\/\/rp221.com\/index.php?rest_route=\/wp\/v2\/posts"}],"about":[{"href":"https:\/\/rp221.com\/index.php?rest_route=\/wp\/v2\/types\/post"}],"author":[{"embeddable":true,"href":"https:\/\/rp221.com\/index.php?rest_route=\/wp\/v2\/users\/1"}],"replies":[{"embeddable":true,"href":"https:\/\/rp221.com\/index.php?rest_route=%2Fwp%2Fv2%2Fcomments&post=25646"}],"version-history":[{"count":0,"href":"https:\/\/rp221.com\/index.php?rest_route=\/wp\/v2\/posts\/25646\/revisions"}],"wp:attachment":[{"href":"https:\/\/rp221.com\/index.php?rest_route=%2Fwp%2Fv2%2Fmedia&parent=25646"}],"wp:term":[{"taxonomy":"category","embeddable":true,"href":"https:\/\/rp221.com\/index.php?rest_route=%2Fwp%2Fv2%2Fcategories&post=25646"},{"taxonomy":"post_tag","embeddable":true,"href":"https:\/\/rp221.com\/index.php?rest_route=%2Fwp%2Fv2%2Ftags&post=25646"}],"curies":[{"name":"wp","href":"https:\/\/api.w.org\/{rel}","templated":true}]}}