{"id":25258,"date":"2024-03-14T10:41:47","date_gmt":"2024-03-14T10:41:47","guid":{"rendered":"https:\/\/rp221.com\/?p=25258"},"modified":"2024-03-14T10:46:27","modified_gmt":"2024-03-14T10:46:27","slug":"une-interessante-reflexion-sur-lemigration-clandestine","status":"publish","type":"post","link":"https:\/\/rp221.com\/?p=25258","title":{"rendered":"une int\u00e9ressante r\u00e9flexion sur l&rsquo;\u00e9migration clandestine."},"content":{"rendered":"\n<p class=\"wp-block-paragraph\">L'auteur de la contribution, M. Saliou Sarr, confie avoir con\u00e7u une organisation permettant d\u2019\u00e9radiquer l\u2019\u00e9migration irr\u00e9guli\u00e8re.<\/p>\n\n\n\n<p class=\"wp-block-paragraph\">Il assure \u00e9galement \u00eatre ne mesure de proposer des solutions \u00e0 la plupart des causes de d\u00e9parts vers des eldorados mythiques.<\/p>\n\n\n\n<p class=\"wp-block-paragraph\">L\u2019auteur, qui est un administrateur civile \u00e0 la retraite, a \u00e9t\u00e9 directeur g\u00e9n\u00e9ral de l\u2019Oncad, de la Consenam, du Cosec et de la Satomar. Il a aussi \u00e9t\u00e9 membre de la CENA.<\/p>\n\n\n\n<p class=\"wp-block-paragraph\">\u00ab Je suis \u00e0 la retraite et je n\u2019aspire \u00e0 aucune responsabilit\u00e9. Je souhaite cependant continuer \u00e0 aider ce pays qui m\u2019a tout donn\u00e9. Je suis \u00e9lev\u00e9 \u00e0 la dignit\u00e9 de grand-croix de l\u2019Ordre national du Lion \u00bb, confie-t-il.<\/p>\n\n\n\n<p class=\"wp-block-paragraph\">Son num\u00e9ro de t\u00e9l\u00e9phone : 776390735<\/p>\n\n\n\n<p class=\"wp-block-paragraph\">Effor\u00e7ons-nous d\u2019enrayer l\u2019\u00e9migration irr\u00e9guli\u00e8re \u00e0 partir du S\u00e9n\u00e9gal \ud83c\uddf8\ud83c\uddf3 Par Saliou SARR<\/p>\n\n\n\n<p class=\"wp-block-paragraph\">Cette modeste contribution se fonde sur deux principes fondamentaux dont l\u2019un est assur\u00e9ment \u00e0 la base de toute Nation. C\u2019est le caract\u00e8re sacr\u00e9 du principe de la d\u00e9fense des biens et des personnes vivant dans un \u00c9tat organis\u00e9.<br>Cette mission incombe \u00e0 l\u2019\u00c9tat et \u00e0 ses instruments que sont les institutions.<br>\u00c0 l\u2019accomplissement de cette mission, chaque citoyen devrait contribuer dans la limite de ses moyens et des barri\u00e8res infranchissables d\u00e9finies par l\u2019Etat.<br>Le second principe est que la libert\u00e9 de chacun s\u2019arr\u00eate l\u00e0 o\u00f9 commence celle de l\u2019autre. La libert\u00e9 d\u2019entreprendre, de construire, de fabriquer, de concevoir n\u2019est pas au-dessus de celle de vivre en paix dans son pays.<br>Au nom de ces deux principes, je voudrais tr\u00e8s humblement inviter mes compatriotes \u00e0 contribuer \u00e0 lutter contre l\u2019\u00e9migration dite clandestine dont le bilan morbide d\u00e9passe, selon les m\u00e9dias, des dizaines de milliers de morts d\u2019\u00eatres humains.<br>Un grand penseur avait soutenu que l\u2019humanit\u00e9 ne se pose que des questions qu\u2019elle peut r\u00e9soudre. Ce fl\u00e9au qu\u2019est l\u2019\u00e9migration n\u2019est pas un ph\u00e9nom\u00e8ne naturel pouvant \u00eatre consid\u00e9r\u00e9 comme un cas de force majeure. Il n\u2019est ni impr\u00e9visible, ni insurmontable, ni in\u00e9luctable.<br>J\u2019ai m\u00eame l\u2019intime conviction qu\u2019il est pr\u00e9visible, surmontable et que l\u2019on peut l\u2019emp\u00eacher. C\u2019est dans cette direction indiqu\u00e9e par le savant pr\u00e9cit\u00e9 que je voudrais, tr\u00e8s modestement et humblement, proposer ce qui suit.<br>Premi\u00e8re id\u00e9e<br>Les milliers de personnes qui s\u2019adonnent \u00e0 cette pratique dramatique et lourde de cons\u00e9quences empruntent des pirogues de grande capacit\u00e9 (pouvant transporter de 100 \u00e0 300 personnes).<br>D\u00e9cidons donc, par une loi ou un d\u00e9cret, que la construction de toute embarcation pouvant transporter X personnes et les emmener en Europe et ou aux \u00c9tats-Unis sera soumise \u00e0 autorisation pr\u00e9alable. L\u2019autorisation sera d\u00e9livr\u00e9e par l\u2019autorit\u00e9 administrative (\u00e0 pr\u00e9ciser dans l\u2019acte juridique) avec l\u2019avis conforme du comit\u00e9 de gestion du quai de p\u00eache (\u00e0 cr\u00e9er s\u2019il n\u2019existe pas sous cette forme ou une autre).<br>Le comit\u00e9 de gestion du quai de p\u00eache sera mis en place dans chaque quai ou chantier naval du pays. Il aura une composition paritaire. Y si\u00e9geront notamment :<\/p>\n\n\n\n<ul class=\"wp-block-list\">\n<li>des p\u00eacheurs<\/li>\n\n\n\n<li>des charpentiers<\/li>\n\n\n\n<li>des femmes vivant dans la localit\u00e9.<br>Compos\u00e9 d\u2019un nombre limit\u00e9 de membres (4 \u00e0 6), le comit\u00e9 sera dot\u00e9 d\u2019un petit budget permettant de verser une petite indemnit\u00e9 mensuelle \u00e0 chaque membre et d\u2019assurer son fonctionnement.<br>Seconde id\u00e9e<br>L\u2019acte juridique qui sera pris pour mettre en place cette organisation devra comporter des sanctions dissuasives dirig\u00e9es contre :<\/li>\n<\/ul>\n\n\n\n<ol class=\"wp-block-list\">\n<li>les personnes qui financent les instruments de mort que sont ces embarcations g\u00e9antes destin\u00e9es \u00e0 ce trafic illicite et criminel ; les pirogues traditionnelles ne sont \u00e9videmment pas concern\u00e9es.<\/li>\n\n\n\n<li>les charpentiers qui sont des complices si la commande n\u2019est pas accompagn\u00e9e de l\u2019autorisation exig\u00e9e.<\/li>\n\n\n\n<li>les membres du comit\u00e9 de gestion si l\u2019autorisation d\u00e9livr\u00e9e est une autorisation de complaisance.<br>Conclusion<br>Je crois tr\u00e8s sinc\u00e8rement qu\u2019un tel syst\u00e8me pourrait donner des r\u00e9sultats satisfaisants. Son co\u00fbt financier serait insignifiant compar\u00e9 aux \u00e9normes d\u00e9penses qu\u2019engage l\u2019\u00c9tat en cas de catastrophe dans la recherche et le sauvetage des survivants, et m\u00eame dans le rep\u00eachage de corps sans vie et l\u2019assistance apport\u00e9e aux familles endeuill\u00e9es.<br>Cette d\u00e9pense doit m\u00eame \u00eatre consid\u00e9r\u00e9e comme tout \u00e0 fait l\u00e9gitime si l\u2019on prend en consid\u00e9ration l\u2019\u00e9norme douleur que les pertes en vies humaines font subir aux parents des victimes et \u00e0 toute la population s\u00e9n\u00e9galaise.<br>Je souhaite vivement que cette contribution soit utile et puisse participer \u00e0 pr\u00e9server des vies humaines.<\/li>\n<\/ol>\n\n\n\n<p class=\"wp-block-paragraph\">Saliou SARR<br>\u200b\u200b\u200b\u200b\u200b\u200b\u200bAdministrateur Civil \u00e0 la retraite<br>\u200b\u200b\u200b\u200b\u200b\u200b\u200bGrand-Croix de l\u2019Ordre National du Lion<br>\u200b\u200b\u200b\u200b\u200b\u200b\u200bDakar<\/p>\n\n\n\n<p class=\"wp-block-paragraph\">PS : Que Dieu fasse que cette contribution n\u2019ait pas le m\u00eame sort que celle que j\u2019avais faite dans le cadre de la recherche de solution \u00e0 la baie de Saint Louis, c\u2019est-\u00e0-dire l\u2019oubli.<\/p>\n","protected":false},"excerpt":{"rendered":"<p>L&rsquo;auteur de la contribution, M. Saliou Sarr, confie avoir con\u00e7u une organisation permettant d\u2019\u00e9radiquer l\u2019\u00e9migration irr\u00e9guli\u00e8re. Il assure \u00e9galement \u00eatre ne mesure de proposer des solutions \u00e0 la plupart des causes de d\u00e9parts vers des eldorados mythiques. L\u2019auteur, qui est un administrateur civile \u00e0 la retraite, a \u00e9t\u00e9 directeur g\u00e9n\u00e9ral de l\u2019Oncad, de la Consenam, [&hellip;]<\/p>\n","protected":false},"author":1,"featured_media":0,"comment_status":"open","ping_status":"open","sticky":false,"template":"","format":"standard","meta":{"_jetpack_newsletter_access":"","_jetpack_dont_email_post_to_subs":false,"_jetpack_newsletter_tier_id":0,"_jetpack_memberships_contains_paywalled_content":false,"_jetpack_memberships_contains_paid_content":false,"footnotes":""},"categories":[42],"tags":[],"class_list":["post-25258","post","type-post","status-publish","format-standard","hentry","category-economie"],"jetpack_featured_media_url":"","jetpack_sharing_enabled":true,"_links":{"self":[{"href":"https:\/\/rp221.com\/index.php?rest_route=\/wp\/v2\/posts\/25258","targetHints":{"allow":["GET"]}}],"collection":[{"href":"https:\/\/rp221.com\/index.php?rest_route=\/wp\/v2\/posts"}],"about":[{"href":"https:\/\/rp221.com\/index.php?rest_route=\/wp\/v2\/types\/post"}],"author":[{"embeddable":true,"href":"https:\/\/rp221.com\/index.php?rest_route=\/wp\/v2\/users\/1"}],"replies":[{"embeddable":true,"href":"https:\/\/rp221.com\/index.php?rest_route=%2Fwp%2Fv2%2Fcomments&post=25258"}],"version-history":[{"count":0,"href":"https:\/\/rp221.com\/index.php?rest_route=\/wp\/v2\/posts\/25258\/revisions"}],"wp:attachment":[{"href":"https:\/\/rp221.com\/index.php?rest_route=%2Fwp%2Fv2%2Fmedia&parent=25258"}],"wp:term":[{"taxonomy":"category","embeddable":true,"href":"https:\/\/rp221.com\/index.php?rest_route=%2Fwp%2Fv2%2Fcategories&post=25258"},{"taxonomy":"post_tag","embeddable":true,"href":"https:\/\/rp221.com\/index.php?rest_route=%2Fwp%2Fv2%2Ftags&post=25258"}],"curies":[{"name":"wp","href":"https:\/\/api.w.org\/{rel}","templated":true}]}}