{"id":24101,"date":"2024-02-07T08:36:06","date_gmt":"2024-02-07T08:36:06","guid":{"rendered":"https:\/\/rp221.com\/?p=24101"},"modified":"2024-02-07T08:36:08","modified_gmt":"2024-02-07T08:36:08","slug":"senegal-afrique-economie-me-aissata-tall-sall-plaide-pour-lelargissement-de-lohada","status":"publish","type":"post","link":"https:\/\/rp221.com\/?p=24101","title":{"rendered":"SENEGAL-AFRIQUE-ECONOMIE \/ Me Aissata Tall Sall plaide pour l\u2019\u00e9largissement de l\u2019OHADA"},"content":{"rendered":"\n<p class=\"wp-block-paragraph\">Dakar, 6 janv (APS) \u2013 La Garde des Sceaux, ministre de la Justice, Me Aissata Tall Sall, a plaid\u00e9, mardi, pour l\u2019\u00e9largissement de l\u2019Organisation pour l\u2019harmonisation en Afrique du droit des affaires (OHADA) \u00e0 d\u2019autres Etats.<\/p>\n\n\n\n<p class=\"wp-block-paragraph\">\u2018\u2019Plus nous serons grands plus nous serons \u00e9largis, plus l\u2019OHADA marchera ; nous voulons enregistrer des adh\u00e9sions parce que notre organisation marche, elle fait des \u00e9mules, des pays veulent nous rejoindre et nous ne pouvons que nous en f\u00e9liciter\u2019\u2019, a d\u00e9clar\u00e9 Me Aissata Tall Sall.<\/p>\n\n\n\n<p class=\"wp-block-paragraph\">Elle s\u2019exprimait \u00e0 l\u2019ouverture de la 57<sup>\u00e8me<\/sup>&nbsp;session du Conseil des ministres de l\u2019OHADA qui s\u2019est ouverte ce mardi. La rencontre prend fin mercredi.<\/p>\n\n\n\n<p class=\"wp-block-paragraph\">\u2018\u2019Nous savons qu\u2019il y a des Etats qui tapent \u00e0 la porte, nous devons la leur ouvrir mais nous devons aussi aller chercher les autres qui peut-\u00eatre sont dans l\u2019int\u00e9r\u00eat mais en m\u00eame temps dans le doute\u2019\u2019, a indiqu\u00e9 Mme Sall.<\/p>\n\n\n\n<p class=\"wp-block-paragraph\">\u2018\u2019Nous devons enlever le doute, \u00f4ter de leur esprit toute h\u00e9sitation pour qu\u2019ils viennent\u2019\u2019 a ajout\u00e9 la Garde des Sceaux.<\/p>\n\n\n\n<p class=\"wp-block-paragraph\">L\u2019OHADA regroupe actuellement 17 pays&nbsp;: B\u00e9nin, Burkina-Faso, Cameroun, Centrafrique, la C\u00f4te d\u2019Ivoire, Congo, Comores, Gabon, Guin\u00e9e, Guin\u00e9e-Bissau, Guin\u00e9e-Equatoriale, Mali, Niger, R\u00e9publique d\u00e9mocratique du Congo, S\u00e9n\u00e9gal, Tchad et Togo.<\/p>\n\n\n\n<p class=\"wp-block-paragraph\">Elle a assur\u00e9 que le S\u00e9n\u00e9gal va aider l\u2019organisation \u00e0 faire face aux \u2018\u2019d\u00e9fis actuels et futurs\u2019\u2019.<\/p>\n\n\n\n<p class=\"wp-block-paragraph\">Le S\u00e9n\u00e9gal assure la mandature de l\u2019OHADA pour 2024.<\/p>\n\n\n\n<p class=\"wp-block-paragraph\">Selon Me Aissata Tall Sall, le d\u00e9fi majeur est l\u2019organisation de la session des chefs d\u2019Etat et de gouvernement.<\/p>\n\n\n\n<p class=\"wp-block-paragraph\">\u2018\u2019Nos chefs d\u2019Etat ne se sont pas r\u00e9unis depuis 11 ans et chacun de vous en ce qui le concerne doit mobiliser son chef d\u2019Etat pour r\u00e9pondre \u00e0 l\u2019invitation du pr\u00e9sident Macky Sall\u2019\u2019, a-t-elle soulign\u00e9.<\/p>\n\n\n\n<p class=\"wp-block-paragraph\">Elle a relev\u00e9 que les autres d\u00e9fis tournent autour de l\u2019\u00e9laboration d\u2019un texte qui va encadrer le fonctionnement de la conf\u00e9rence des chefs d\u2019Etat et de gouvernement ainsi que celui du Conseil des ministres, l\u2019audit externe des institutions de l\u2019OHADA.<\/p>\n\n\n\n<p class=\"wp-block-paragraph\">A cela s\u2019ajoutent la ren\u00e9gociation des accords de si\u00e8ge en vue de les harmoniser, la r\u00e9vision du manuel de proc\u00e9dure et la redynamisation du financement de l\u2019OHADA, la construction du si\u00e8ge de l\u2019OHADA et le d\u00e9ploiement int\u00e9gral de la solution logicielle de gestion du registre du commerce et cr\u00e9dit mobilier.<\/p>\n\n\n\n<p class=\"wp-block-paragraph\">La ministre a estim\u00e9 que \u2018\u2019la responsabilit\u00e9 est de maintenir le flambeau\u2019\u2019 car l\u2019organisation \u2018\u2019a su cr\u00e9er un univers juridique et judiciaire \u00e0 l\u2019int\u00e9rieur duquel les investisseurs peuvent se mouvoir et d\u00e9velopper leurs activit\u00e9s en toute confiance\u2019\u2019.<\/p>\n\n\n\n<p class=\"wp-block-paragraph\">Elle a mis en exergue les progr\u00e8s r\u00e9alis\u00e9s sous la mandature de la R\u00e9publique d\u00e9mocratique du Congo qui a \u2018\u2019c\u00e9d\u00e9 le flambeau au S\u00e9n\u00e9gal\u2019\u2019.<\/p>\n\n\n\n<p class=\"wp-block-paragraph\">\u2018\u2019Dans la continuit\u00e9 de son action, le S\u00e9n\u00e9gal va s\u2019\u00e9vertuer \u00e0 consolider ces acquis importants mais surtout \u00e0 poursuivre les r\u00e9formes engag\u00e9s\u2019\u2019, a-t-elle promis aux ministres de l\u2019OHADA<\/p>\n\n\n\n<p class=\"wp-block-paragraph\">Pour sa part, Moustapha Ba, ministre des Finances et du Budget, a rappel\u00e9 que \u2018\u2019l\u2019objectif d\u2019harmonisation du droit des affaires est un perp\u00e9tuel chantier\u2019\u2019.<\/p>\n\n\n\n<p class=\"wp-block-paragraph\">\u2018\u2019Des pans entiers demeurent encore non harmonis\u00e9s et l\u2019\u00e9volution \u00e9conomique et sociale dans ce monde globale et num\u00e9rique commande une perp\u00e9tuelle adaptation et une certaine remise \u00e0 jour\u2019\u2019, a-t-il fait savoir.<\/p>\n","protected":false},"excerpt":{"rendered":"<p>Dakar, 6 janv (APS) \u2013 La Garde des Sceaux, ministre de la Justice, Me Aissata Tall Sall, a plaid\u00e9, mardi, pour l\u2019\u00e9largissement de l\u2019Organisation pour l\u2019harmonisation en Afrique du droit des affaires (OHADA) \u00e0 d\u2019autres Etats. \u2018\u2019Plus nous serons grands plus nous serons \u00e9largis, plus l\u2019OHADA marchera ; nous voulons enregistrer des adh\u00e9sions parce que [&hellip;]<\/p>\n","protected":false},"author":1,"featured_media":0,"comment_status":"open","ping_status":"open","sticky":false,"template":"","format":"standard","meta":{"_jetpack_newsletter_access":"","_jetpack_dont_email_post_to_subs":false,"_jetpack_newsletter_tier_id":0,"_jetpack_memberships_contains_paywalled_content":false,"_jetpack_memberships_contains_paid_content":false,"footnotes":""},"categories":[42],"tags":[],"class_list":["post-24101","post","type-post","status-publish","format-standard","hentry","category-economie"],"jetpack_featured_media_url":"","jetpack_sharing_enabled":true,"_links":{"self":[{"href":"https:\/\/rp221.com\/index.php?rest_route=\/wp\/v2\/posts\/24101","targetHints":{"allow":["GET"]}}],"collection":[{"href":"https:\/\/rp221.com\/index.php?rest_route=\/wp\/v2\/posts"}],"about":[{"href":"https:\/\/rp221.com\/index.php?rest_route=\/wp\/v2\/types\/post"}],"author":[{"embeddable":true,"href":"https:\/\/rp221.com\/index.php?rest_route=\/wp\/v2\/users\/1"}],"replies":[{"embeddable":true,"href":"https:\/\/rp221.com\/index.php?rest_route=%2Fwp%2Fv2%2Fcomments&post=24101"}],"version-history":[{"count":0,"href":"https:\/\/rp221.com\/index.php?rest_route=\/wp\/v2\/posts\/24101\/revisions"}],"wp:attachment":[{"href":"https:\/\/rp221.com\/index.php?rest_route=%2Fwp%2Fv2%2Fmedia&parent=24101"}],"wp:term":[{"taxonomy":"category","embeddable":true,"href":"https:\/\/rp221.com\/index.php?rest_route=%2Fwp%2Fv2%2Fcategories&post=24101"},{"taxonomy":"post_tag","embeddable":true,"href":"https:\/\/rp221.com\/index.php?rest_route=%2Fwp%2Fv2%2Ftags&post=24101"}],"curies":[{"name":"wp","href":"https:\/\/api.w.org\/{rel}","templated":true}]}}