{"id":23788,"date":"2024-01-30T07:24:10","date_gmt":"2024-01-30T07:24:10","guid":{"rendered":"https:\/\/rp221.com\/?p=23788"},"modified":"2024-01-30T07:24:12","modified_gmt":"2024-01-30T07:24:12","slug":"les-recettes-douanieres-estimees-a-plus-de-1426-milliards-de-francs-cfa-en-2023","status":"publish","type":"post","link":"https:\/\/rp221.com\/?p=23788","title":{"rendered":"Les recettes douani\u00e8res estim\u00e9es \u00e0 plus de 1426 milliards de francs CFA en 2023"},"content":{"rendered":"\n<p class=\"wp-block-paragraph\"><strong>Mamadou Moustapha Ba, le ministre des finances et du budget a annonc\u00e9 que les recettes douani\u00e8res liquid\u00e9es pour l\u2019ann\u00e9e 2023 se chiffrent \u00e0&nbsp;<a href=\"tel:1 426 687 663 240\">1 426 687 663 240<\/a>&nbsp;francs CFA. S\u2019exprimant \u00e0 l\u2019occasion de la journ\u00e9e internationale des douanes dont l\u2019\u00e9dition de cette ann\u00e9e a \u00e9t\u00e9 c\u00e9l\u00e9br\u00e9e \u00e0 Thi\u00e8s, le ministre a en outre relev\u00e9 les saisies importantes de marchandises illicites auxquelles les douaniers ont proc\u00e9d\u00e9 l\u2019ann\u00e9e derni\u00e8re.<\/strong><\/p>\n\n\n\n<p class=\"wp-block-paragraph\">En effet, il a annonc\u00e9 qu\u2019en ce qui concerne le volet lutte contre la fraude, il a \u00e9t\u00e9 enregistr\u00e9 des saisies importantes de drogues, de m\u00e9dicaments et de diverses marchandises, dont il a estim\u00e9 la valeur financi\u00e8re \u00e0&nbsp;<a href=\"tel:485%C2%A0521%C2%A0543%C2%A0120\">485&nbsp;521&nbsp;543&nbsp;120<\/a>&nbsp;de francs CFA.<\/p>\n\n\n\n<p class=\"wp-block-paragraph\">Dr Mbaye Ndiaye, le directeur g\u00e9n\u00e9ral des douanes s\u00e9n\u00e9galaises s\u2019est pour sa part f\u00e9licit\u00e9 de la collaboration entre l\u2019administration des douanes et les autres services de l\u2019Etat avec lesquels, les douaniers s\u00e9n\u00e9galais tentent de relever le d\u00e9fi de la s\u00e9curisation des personnes, des biens et de l\u2019espace \u00e9conomique national.<\/p>\n\n\n\n<p class=\"wp-block-paragraph\">Il a aussi lou\u00e9 le partenariat qui lie ses services aux chefs d\u2019entreprise, les repr\u00e9sentants des organisations professionnelles, les commissionnaires en douane agr\u00e9\u00e9s et les op\u00e9rateurs \u00e9conomiques, sans lesquels selon Dr Mbaye Ndiaye, son administration ne pourrait exercer, convenablement ses missions.<\/p>\n\n\n\n<p class=\"wp-block-paragraph\">S\u2019expliquant sur l\u2019importance et la signification de la journ\u00e9e internationale des douanes, Dr Mbaye Ndiaye a indiqu\u00e9 que l\u2019organisation de cette journ\u00e9e d\u00e9coule de la n\u00e9cessit\u00e9 de vulgariser la contribution multiforme de l\u2019administration des douanes au d\u00e9veloppement \u00e9conomique et social.<\/p>\n\n\n\n<p class=\"wp-block-paragraph\">\u00ab&nbsp;La journ\u00e9e internationale des douanes donne l\u2019occasion aux populations, b\u00e9n\u00e9ficiaires et destinataires de l\u2019action douani\u00e8re, d\u2019appr\u00e9hender v\u00e9ritablement son sens et ses finalit\u00e9s. Cette journ\u00e9e offre \u00e9galement, l\u2019opportunit\u00e9 de souligner les efforts et les sacrifices consentis par les agents des douanes, des hommes et des femmes de valeur, pour assurer la protection de l\u2019\u00e9conomie et la s\u00e9curit\u00e9 des populations&nbsp;\u00bb, a-t-il soulign\u00e9.<\/p>\n\n\n\n<p class=\"wp-block-paragraph\">A propos du choix de la c\u00e9l\u00e9bration de cette ann\u00e9e de la journ\u00e9e mondiale des douanes \u00e0 Thi\u00e8s, le directeur g\u00e9n\u00e9ral des douanes s\u00e9n\u00e9galaises a not\u00e9 que par cet acte les douanes s\u00e9n\u00e9galaises ont voulu saluer les performances remarquables du groupement polyvalent de recherches et de r\u00e9pression de la fraude (GPRRF).<\/p>\n\n\n\n<p class=\"wp-block-paragraph\">\u00ab&nbsp;Je rappelle,&nbsp; que le GPRRF est une unit\u00e9 d\u2019\u00e9lite de l\u2019administration des douanes, ayant une comp\u00e9tence nationale dont le si\u00e8ge est \u00e9tabli dans la r\u00e9gion de Thi\u00e8s. C\u2019est pourquoi, on ne pouvait avoir un meilleur lieu, que la capitale du rail, pour la c\u00e9l\u00e9bration de cette journ\u00e9e&nbsp;\u00bb, a-t-il fait remarquer.<\/p>\n\n\n\n<p class=\"wp-block-paragraph\">Il faut rappeler que le th\u00e8me de la journ\u00e9e internationale des douanes de cette ann\u00e9e porte sur le partenariat. A travers ce th\u00e8me, l\u2019organisation mondiale des douanes (OMD) invite les administrations douani\u00e8res du monde entier, \u00e0 r\u00e9fl\u00e9chir sur la mobilisation de leurs partenaires historiques et nouveaux autour d\u2019objectifs clairs.<\/p>\n","protected":false},"excerpt":{"rendered":"<p>Mamadou Moustapha Ba, le ministre des finances et du budget a annonc\u00e9 que les recettes douani\u00e8res liquid\u00e9es pour l\u2019ann\u00e9e 2023 se chiffrent \u00e0&nbsp;1 426 687 663 240&nbsp;francs CFA. S\u2019exprimant \u00e0 l\u2019occasion de la journ\u00e9e internationale des douanes dont l\u2019\u00e9dition de cette ann\u00e9e a \u00e9t\u00e9 c\u00e9l\u00e9br\u00e9e \u00e0 Thi\u00e8s, le ministre a en outre relev\u00e9 les saisies [&hellip;]<\/p>\n","protected":false},"author":1,"featured_media":0,"comment_status":"open","ping_status":"open","sticky":false,"template":"","format":"standard","meta":{"_jetpack_newsletter_access":"","_jetpack_dont_email_post_to_subs":false,"_jetpack_newsletter_tier_id":0,"_jetpack_memberships_contains_paywalled_content":false,"_jetpack_memberships_contains_paid_content":false,"footnotes":""},"categories":[42],"tags":[],"class_list":["post-23788","post","type-post","status-publish","format-standard","hentry","category-economie"],"jetpack_featured_media_url":"","jetpack_sharing_enabled":true,"_links":{"self":[{"href":"https:\/\/rp221.com\/index.php?rest_route=\/wp\/v2\/posts\/23788","targetHints":{"allow":["GET"]}}],"collection":[{"href":"https:\/\/rp221.com\/index.php?rest_route=\/wp\/v2\/posts"}],"about":[{"href":"https:\/\/rp221.com\/index.php?rest_route=\/wp\/v2\/types\/post"}],"author":[{"embeddable":true,"href":"https:\/\/rp221.com\/index.php?rest_route=\/wp\/v2\/users\/1"}],"replies":[{"embeddable":true,"href":"https:\/\/rp221.com\/index.php?rest_route=%2Fwp%2Fv2%2Fcomments&post=23788"}],"version-history":[{"count":0,"href":"https:\/\/rp221.com\/index.php?rest_route=\/wp\/v2\/posts\/23788\/revisions"}],"wp:attachment":[{"href":"https:\/\/rp221.com\/index.php?rest_route=%2Fwp%2Fv2%2Fmedia&parent=23788"}],"wp:term":[{"taxonomy":"category","embeddable":true,"href":"https:\/\/rp221.com\/index.php?rest_route=%2Fwp%2Fv2%2Fcategories&post=23788"},{"taxonomy":"post_tag","embeddable":true,"href":"https:\/\/rp221.com\/index.php?rest_route=%2Fwp%2Fv2%2Ftags&post=23788"}],"curies":[{"name":"wp","href":"https:\/\/api.w.org\/{rel}","templated":true}]}}