{"id":23677,"date":"2024-01-28T21:05:23","date_gmt":"2024-01-28T21:05:23","guid":{"rendered":"https:\/\/rp221.com\/?p=23677"},"modified":"2024-01-28T21:05:25","modified_gmt":"2024-01-28T21:05:25","slug":"%f0%9d%90%8b%f0%9d%90%9a-%f0%9d%90%82%f0%9d%90%9e%f0%9d%90%9d%f0%9d%90%9e%f0%9d%90%9a%f0%9d%90%a8-%f0%9d%90%a6%f0%9d%90%9e%f0%9d%90%ad-%f0%9d%90%a5%f0%9d%90%9e%f0%9d%90%ac-%f0%9d%90%84","status":"publish","type":"post","link":"https:\/\/rp221.com\/?p=23677","title":{"rendered":"\ud835\udc0b\ud835\udc1a \ud835\udc02\ud835\udc1e\ud835\udc1d\ud835\udc1e\ud835\udc1a\ud835\udc28 \ud835\udc26\ud835\udc1e\ud835\udc2d \ud835\udc25\ud835\udc1e\ud835\udc2c \u00ab\u00a0\ud835\udc04\u0301\ud835\udc2d\ud835\udc1a\ud835\udc2d\ud835\udc2c \ud835\udc2b\ud835\udc1e\ud835\udc1b\ud835\udc1e\ud835\udc25\ud835\udc25\ud835\udc1e\ud835\udc2c\u00a0\u00bb \ud835\udc1f\ud835\udc1a\ud835\udc1c\ud835\udc1e \ud835\udc1a\u0300 \ud835\udc25\ud835\udc1e\ud835\udc2e\ud835\udc2b \ud835\udc2b\ud835\udc1e\ud835\udc2c\ud835\udc29\ud835\udc28\ud835\udc27\ud835\udc2c\ud835\udc1a\ud835\udc1b\ud835\udc22\ud835\udc25\ud835\udc22\ud835\udc2d\ud835\udc1e\u0301"},"content":{"rendered":"\n<p class=\"wp-block-paragraph\">La Communaut\u00e9 \u00e9conomique des \u00c9tats de l'Afrique de l'Ouest (CEDEAO) a publi\u00e9 un communiqu\u00e9 en r\u00e9ponse \u00e0 la d\u00e9cision du Mali, du Burkina Faso et du Niger de se retirer de l'organisation. La CEDEAO a soulign\u00e9 une irr\u00e9gularit\u00e9 de proc\u00e9dure, notant qu'elle n'a pas \u00e9t\u00e9 formellement notifi\u00e9e par les pays concern\u00e9s. L'organisation a r\u00e9affirm\u00e9 l'engagement de ses membres \u00e0 \u0153uvrer pour le r\u00e9tablissement de l'ordre constitutionnel et a soulign\u00e9 l'importance des pays impliqu\u00e9s, malgr\u00e9 les r\u00e9cents coups d'\u00c9tat.<\/p>\n\n\n\n<p class=\"wp-block-paragraph\">Cette position n'est pas un signe de faiblesse ou un aveu d'impuissance. Les dirigeants sont pleinement conscients des r\u00e9percussions n\u00e9gatives que cette d\u00e9cision, prise par des autorit\u00e9s non \u00e9lues, pourrait avoir sur les populations locales. Dans cette optique, ils cherchent \u00e0 distinguer clairement la responsabilit\u00e9 des juntes militaires de celle des citoyens, dans cette crise politique et militaire.<\/p>\n\n\n\n<p class=\"wp-block-paragraph\">L'adage \"Le sage assis voit plus loin que l'insens\u00e9 perch\u00e9 en hauteur\" trouve ici tout son sens. Les gouvernements militaires actuels seraient bien avis\u00e9s de faire preuve de discernement. Faute de quoi, ils risquent d'exposer leurs citoyens \u00e0 des difficult\u00e9s accrues au sein de l'espace communautaire.<\/p>\n\n\n\n<p class=\"wp-block-paragraph\">Yacouba DOUMBIA<br>Journaliste \/ Observateur averti<\/p>\n","protected":false},"excerpt":{"rendered":"<p>La Communaut\u00e9 \u00e9conomique des \u00c9tats de l&rsquo;Afrique de l&rsquo;Ouest (CEDEAO) a publi\u00e9 un communiqu\u00e9 en r\u00e9ponse \u00e0 la d\u00e9cision du Mali, du Burkina Faso et du Niger de se retirer de l&rsquo;organisation. La CEDEAO a soulign\u00e9 une irr\u00e9gularit\u00e9 de proc\u00e9dure, notant qu&rsquo;elle n&rsquo;a pas \u00e9t\u00e9 formellement notifi\u00e9e par les pays concern\u00e9s. L&rsquo;organisation a r\u00e9affirm\u00e9 l&rsquo;engagement [&hellip;]<\/p>\n","protected":false},"author":1,"featured_media":0,"comment_status":"open","ping_status":"open","sticky":false,"template":"","format":"standard","meta":{"_jetpack_newsletter_access":"","_jetpack_dont_email_post_to_subs":false,"_jetpack_newsletter_tier_id":0,"_jetpack_memberships_contains_paywalled_content":false,"_jetpack_memberships_contains_paid_content":false,"footnotes":""},"categories":[42],"tags":[],"class_list":["post-23677","post","type-post","status-publish","format-standard","hentry","category-economie"],"jetpack_featured_media_url":"","jetpack_sharing_enabled":true,"_links":{"self":[{"href":"https:\/\/rp221.com\/index.php?rest_route=\/wp\/v2\/posts\/23677","targetHints":{"allow":["GET"]}}],"collection":[{"href":"https:\/\/rp221.com\/index.php?rest_route=\/wp\/v2\/posts"}],"about":[{"href":"https:\/\/rp221.com\/index.php?rest_route=\/wp\/v2\/types\/post"}],"author":[{"embeddable":true,"href":"https:\/\/rp221.com\/index.php?rest_route=\/wp\/v2\/users\/1"}],"replies":[{"embeddable":true,"href":"https:\/\/rp221.com\/index.php?rest_route=%2Fwp%2Fv2%2Fcomments&post=23677"}],"version-history":[{"count":0,"href":"https:\/\/rp221.com\/index.php?rest_route=\/wp\/v2\/posts\/23677\/revisions"}],"wp:attachment":[{"href":"https:\/\/rp221.com\/index.php?rest_route=%2Fwp%2Fv2%2Fmedia&parent=23677"}],"wp:term":[{"taxonomy":"category","embeddable":true,"href":"https:\/\/rp221.com\/index.php?rest_route=%2Fwp%2Fv2%2Fcategories&post=23677"},{"taxonomy":"post_tag","embeddable":true,"href":"https:\/\/rp221.com\/index.php?rest_route=%2Fwp%2Fv2%2Ftags&post=23677"}],"curies":[{"name":"wp","href":"https:\/\/api.w.org\/{rel}","templated":true}]}}