{"id":23669,"date":"2024-01-28T14:14:05","date_gmt":"2024-01-28T14:14:05","guid":{"rendered":"https:\/\/rp221.com\/?p=23669"},"modified":"2024-01-28T14:14:07","modified_gmt":"2024-01-28T14:14:07","slug":"le-mali-le-niger-et-le-burkina-faso-quittent-la-cedeao-sans-delai","status":"publish","type":"post","link":"https:\/\/rp221.com\/?p=23669","title":{"rendered":"Le Mali, le Niger et le Burkina Faso quittent la C\u00e9d\u00e9ao \u00ab\u00a0sans d\u00e9lai\u00a0\u00bb"},"content":{"rendered":"\n<p class=\"wp-block-paragraph\">Le Burkina Faso, le Mali et le Niger, trois pays dirig\u00e9s par des r\u00e9gimes militaires, ont annonc\u00e9 dimanche qu'ils quittaient la Communaut\u00e9 \u00e9conomique des \u00c9tats d'Afrique de l'Ouest (C\u00e9d\u00e9ao) avec effet imm\u00e9diat. L'annonce a \u00e9t\u00e9 faite via un communiqu\u00e9 lu \u00e0 la t\u00e9l\u00e9vision nig\u00e9rienne.<\/p>\n\n\n\n<p class=\"wp-block-paragraph\">Image prise lors de la 64\u00e8me session de la Communaut\u00e9 \u00e9conomique des \u00c9tats de l'Afrique de l'Ouest (C\u00e9d\u00e9ao) \u00e0 Abuja, au Nigeria, le 10 d\u00e9cembre 2023.\u00a0\u00a9 Kola Suleiman, AFP (Archives)<\/p>\n\n\n\n<p class=\"wp-block-paragraph\">Les r\u00e9gimes militaires au pouvoir au&nbsp;<a href=\"https:\/\/www.france24.com\/fr\/tag\/burkina-faso\/\">Burkina Faso<\/a>, au&nbsp;<a href=\"https:\/\/www.france24.com\/fr\/tag\/mali\/\">Mali<\/a>&nbsp;et au&nbsp;<a href=\"https:\/\/www.france24.com\/fr\/tag\/niger\/\">Niger<\/a>&nbsp;ont d\u00e9cid\u00e9 de retirer leur pays, avec effet imm\u00e9diat, de la Communaut\u00e9 \u00e9conomique des \u00c9tats de l'Afrique de l'Ouest (<a href=\"https:\/\/www.france24.com\/fr\/tag\/c%C3%A9d%C3%A9ao\/\">C\u00e9d\u00e9ao<\/a>), organisation sous-r\u00e9gionale de 15 membres, ont-ils annonc\u00e9 dimanche&nbsp;28 janvier dans un communiqu\u00e9 conjoint.<\/p>\n\n\n\n<p class=\"wp-block-paragraph\">Les dirigeants respectifs des trois \u00c9tats sah\u00e9liens, \"prenant toutes leurs responsabilit\u00e9s devant l'histoire et r\u00e9pondant aux attentes, pr\u00e9occupations et aspirations de leurs populations, d\u00e9cident en toute souverainet\u00e9 du retrait sans d\u00e9lai du Burkina Faso, du Mali et du Niger de la Commun<\/p>\n","protected":false},"excerpt":{"rendered":"<p>Le Burkina Faso, le Mali et le Niger, trois pays dirig\u00e9s par des r\u00e9gimes militaires, ont annonc\u00e9 dimanche qu&rsquo;ils quittaient la Communaut\u00e9 \u00e9conomique des \u00c9tats d&rsquo;Afrique de l&rsquo;Ouest (C\u00e9d\u00e9ao) avec effet imm\u00e9diat. L&rsquo;annonce a \u00e9t\u00e9 faite via un communiqu\u00e9 lu \u00e0 la t\u00e9l\u00e9vision nig\u00e9rienne. Image prise lors de la 64\u00e8me session de la Communaut\u00e9 \u00e9conomique [&hellip;]<\/p>\n","protected":false},"author":1,"featured_media":0,"comment_status":"open","ping_status":"open","sticky":false,"template":"","format":"standard","meta":{"_jetpack_newsletter_access":"","_jetpack_dont_email_post_to_subs":false,"_jetpack_newsletter_tier_id":0,"_jetpack_memberships_contains_paywalled_content":false,"_jetpack_memberships_contains_paid_content":false,"footnotes":""},"categories":[42],"tags":[],"class_list":["post-23669","post","type-post","status-publish","format-standard","hentry","category-economie"],"jetpack_featured_media_url":"","jetpack_sharing_enabled":true,"_links":{"self":[{"href":"https:\/\/rp221.com\/index.php?rest_route=\/wp\/v2\/posts\/23669","targetHints":{"allow":["GET"]}}],"collection":[{"href":"https:\/\/rp221.com\/index.php?rest_route=\/wp\/v2\/posts"}],"about":[{"href":"https:\/\/rp221.com\/index.php?rest_route=\/wp\/v2\/types\/post"}],"author":[{"embeddable":true,"href":"https:\/\/rp221.com\/index.php?rest_route=\/wp\/v2\/users\/1"}],"replies":[{"embeddable":true,"href":"https:\/\/rp221.com\/index.php?rest_route=%2Fwp%2Fv2%2Fcomments&post=23669"}],"version-history":[{"count":0,"href":"https:\/\/rp221.com\/index.php?rest_route=\/wp\/v2\/posts\/23669\/revisions"}],"wp:attachment":[{"href":"https:\/\/rp221.com\/index.php?rest_route=%2Fwp%2Fv2%2Fmedia&parent=23669"}],"wp:term":[{"taxonomy":"category","embeddable":true,"href":"https:\/\/rp221.com\/index.php?rest_route=%2Fwp%2Fv2%2Fcategories&post=23669"},{"taxonomy":"post_tag","embeddable":true,"href":"https:\/\/rp221.com\/index.php?rest_route=%2Fwp%2Fv2%2Ftags&post=23669"}],"curies":[{"name":"wp","href":"https:\/\/api.w.org\/{rel}","templated":true}]}}