{"id":23088,"date":"2024-01-16T08:22:32","date_gmt":"2024-01-16T08:22:32","guid":{"rendered":"https:\/\/rp221.com\/?p=23088"},"modified":"2024-01-16T08:22:35","modified_gmt":"2024-01-16T08:22:35","slug":"quatrieme-session-ordinaire-du-conseil-des-ministres-de-lumoa-au-titre-de-lannee-2023","status":"publish","type":"post","link":"https:\/\/rp221.com\/?p=23088","title":{"rendered":"Quatri\u00e8me session ordinaire du Conseil des Ministres de l&rsquo;UMOA au titre de l\u2019ann\u00e9e 2023"},"content":{"rendered":"\n<p class=\"wp-block-paragraph\">Le Conseil des Ministres de l'Union Mon\u00e9taire Ouest Africaine (UMOA) a tenu, ce 21 d\u00e9cembre 2023, sa 4esession ordinaire au titre de l\u2019ann\u00e9e 2023, \u00e0 l\u2019Agence Principale de la BCEAO \u00e0 Cotonou, en R\u00e9publique du B\u00e9nin, sous la Pr\u00e9sidence de Monsieur Adama COULIBALY, Ministre des Finances et du Budget de la R\u00e9publique de C\u00f4te d\u2019Ivoire, Pr\u00e9sident en exercice du Conseil.<\/p>\n\n\n\n<p class=\"wp-block-paragraph\">Dans son allocution introductive, le Pr\u00e9sident du Conseil des Ministres a rappel\u00e9 que la session se tient dans un contexte o\u00f9&nbsp;<em>\u00ab le durcissement des conditions sur les march\u00e9s&nbsp; financiers internationaux et la mont\u00e9e des tensions g\u00e9opolitiques ont ralenti la croissance \u00e9conomique mondiale qui devrait se situer, selon les derni\u00e8res projections du Fonds Mon\u00e9taire International (FMI), \u00e0 3,0% pour l\u2019ann\u00e9e 2023, contre 3,5% en 2022. En outre, les crises s\u00e9curitaires et socio-politiques continuent d\u2019impacter notre r\u00e9gion \u00bb<\/em>.<\/p>\n","protected":false},"excerpt":{"rendered":"<p>Le Conseil des Ministres de l&rsquo;Union Mon\u00e9taire Ouest Africaine (UMOA) a tenu, ce 21 d\u00e9cembre 2023, sa 4esession ordinaire au titre de l\u2019ann\u00e9e 2023, \u00e0 l\u2019Agence Principale de la BCEAO \u00e0 Cotonou, en R\u00e9publique du B\u00e9nin, sous la Pr\u00e9sidence de Monsieur Adama COULIBALY, Ministre des Finances et du Budget de la R\u00e9publique de C\u00f4te d\u2019Ivoire, [&hellip;]<\/p>\n","protected":false},"author":1,"featured_media":0,"comment_status":"open","ping_status":"open","sticky":false,"template":"","format":"standard","meta":{"_jetpack_newsletter_access":"","_jetpack_dont_email_post_to_subs":false,"_jetpack_newsletter_tier_id":0,"_jetpack_memberships_contains_paywalled_content":false,"_jetpack_memberships_contains_paid_content":false,"footnotes":""},"categories":[42],"tags":[],"class_list":["post-23088","post","type-post","status-publish","format-standard","hentry","category-economie"],"jetpack_featured_media_url":"","jetpack_sharing_enabled":true,"_links":{"self":[{"href":"https:\/\/rp221.com\/index.php?rest_route=\/wp\/v2\/posts\/23088","targetHints":{"allow":["GET"]}}],"collection":[{"href":"https:\/\/rp221.com\/index.php?rest_route=\/wp\/v2\/posts"}],"about":[{"href":"https:\/\/rp221.com\/index.php?rest_route=\/wp\/v2\/types\/post"}],"author":[{"embeddable":true,"href":"https:\/\/rp221.com\/index.php?rest_route=\/wp\/v2\/users\/1"}],"replies":[{"embeddable":true,"href":"https:\/\/rp221.com\/index.php?rest_route=%2Fwp%2Fv2%2Fcomments&post=23088"}],"version-history":[{"count":0,"href":"https:\/\/rp221.com\/index.php?rest_route=\/wp\/v2\/posts\/23088\/revisions"}],"wp:attachment":[{"href":"https:\/\/rp221.com\/index.php?rest_route=%2Fwp%2Fv2%2Fmedia&parent=23088"}],"wp:term":[{"taxonomy":"category","embeddable":true,"href":"https:\/\/rp221.com\/index.php?rest_route=%2Fwp%2Fv2%2Fcategories&post=23088"},{"taxonomy":"post_tag","embeddable":true,"href":"https:\/\/rp221.com\/index.php?rest_route=%2Fwp%2Fv2%2Ftags&post=23088"}],"curies":[{"name":"wp","href":"https:\/\/api.w.org\/{rel}","templated":true}]}}