{"id":22461,"date":"2023-12-26T17:29:47","date_gmt":"2023-12-26T17:29:47","guid":{"rendered":"https:\/\/rp221.com\/?p=22461"},"modified":"2024-01-02T12:57:26","modified_gmt":"2024-01-02T12:57:26","slug":"can-2025-au-maroc-le-calendrier-des-eliminatoires-devoile","status":"publish","type":"post","link":"https:\/\/rp221.com\/?p=22461","title":{"rendered":"CAN 2025 au Maroc : Le calendrier des \u00e9liminatoires d\u00e9voil\u00e9"},"content":{"rendered":"<div class=\"et_d4_element et_pb_section et_pb_section_0  et_pb_css_mix_blend_mode et_section_regular et_block_section\" >\n\t\t\t\t\n\t\t\t\t\n\t\t\t\t\n\t\t\t\t\n\t\t\t\t\n\t\t\t\t\n\t\t\t\t<div class=\"et_d4_element et_pb_row et_pb_row_0  et_pb_css_mix_blend_mode et_block_row\">\n\t\t\t\t\t\t\t\t<div class=\"et_d4_element et_pb_column_4_4 et_pb_column et_pb_column_0  et_pb_css_mix_blend_mode et-last-child et_block_column\">\n\t\t\t\t\n\t\t\t\t\n\t\t\t\t\n\t\t\t\t\n\t\t\t\t<div class=\"et_pb_module et_d4_element et_pb_text et_pb_text_0  et_pb_text_align_left et_pb_bg_layout_light\">\n\t\t\t\t\n\t\t\t\t\n\t\t\t\t\n\t\t\t\t\n\t\t\t\t<div class=\"et_pb_text_inner\"><p class=\"wp-block-paragraph\"><strong>La Conf\u00e9d\u00e9ration africaine de football (CAF) a d\u00e9voil\u00e9, dimanche, le calendrier des \u00e9liminatoires de la Coupe d'Afrique des nations (CAN 2025) dont la phase finale est programm\u00e9e pour juin-juillet 2025 au Maroc. L'organisation de cette \u00e9dition a \u00e9t\u00e9 attribu\u00e9e au Royaume de Mohammed VI, le 27 septembre 2023, dans des conditions controvers\u00e9es, d\u00e9nonc\u00e9es par de nombreux observateurs et qui ont vu l'Alg\u00e9rie retirer sa candidature \u00e0 la derni\u00e8re minute.<\/strong><\/p>\n\n\n\n<p class=\"wp-block-paragraph\">En effet, et comme pour les pr\u00e9c\u00e9dentes \u00e9ditions, il y a un tour pr\u00e9liminaire qui impliquera les s\u00e9lections les moins bien log\u00e9s dans le classement FIFA. Ce premier tour des qualifications pour la CAN 2025 auront lieu entre le 18 et le 26 mars 2024. Et comme l'Alg\u00e9rie n'est pas concern\u00e9e par ce tour pr\u00e9liminaire, elle prendra part au\u00a0<a href=\"https:\/\/observalgerie.com\/2023\/12\/24\/sports\/equipe-dalgerie-tournoi-intercontinental-mars-2024\/\">tournoi intercontinental amical<\/a>\u00a0qu'abritera Alger, avec la participation de la Bolivie, l'Albanie et l'Afrique du Sud.<\/p><\/div>\n\t\t\t<\/div>\n\t\t\t<\/div>\t\t\t\n\t\t\t\t\n\t\t\t\t\n\t\t\t\t\n\t\t\t\t\n\t\t\t<\/div>\t\t\n\t\t\t\t\n\t\t\t\t\n\t\t\t<\/div>","protected":false},"excerpt":{"rendered":"","protected":false},"author":1,"featured_media":0,"comment_status":"open","ping_status":"open","sticky":false,"template":"","format":"standard","meta":{"_et_pb_use_builder":"on","_et_pb_old_content":"<!-- wp:paragraph -->\n<p><strong>La Conf\u00e9d\u00e9ration africaine de football (CAF) a d\u00e9voil\u00e9, dimanche, le calendrier des \u00e9liminatoires de la Coupe d'Afrique des nations (CAN 2025) dont la phase finale est programm\u00e9e pour juin-juillet 2025 au Maroc. L'organisation de cette \u00e9dition a \u00e9t\u00e9 attribu\u00e9e au Royaume de Mohammed VI, le 27 septembre 2023, dans des conditions controvers\u00e9es, d\u00e9nonc\u00e9es par de nombreux observateurs et qui ont vu l'Alg\u00e9rie retirer sa candidature \u00e0 la derni\u00e8re minute.<\/strong><\/p>\n<!-- \/wp:paragraph -->\n\n<!-- wp:paragraph -->\n<p>En effet, et comme pour les pr\u00e9c\u00e9dentes \u00e9ditions, il y a un tour pr\u00e9liminaire qui impliquera les s\u00e9lections les moins bien log\u00e9s dans le classement FIFA. Ce premier tour des qualifications pour la CAN 2025 auront lieu entre le 18 et le 26 mars 2024. Et comme l'Alg\u00e9rie n'est pas concern\u00e9e par ce tour pr\u00e9liminaire, elle prendra part au\u00a0<a href=\"https:\/\/observalgerie.com\/2023\/12\/24\/sports\/equipe-dalgerie-tournoi-intercontinental-mars-2024\/\">tournoi intercontinental amical<\/a>\u00a0qu'abritera Alger, avec la participation de la Bolivie, l'Albanie et l'Afrique du Sud.<\/p>\n<!-- \/wp:paragraph -->","_et_gb_content_width":"1080","_jetpack_newsletter_access":"","_jetpack_dont_email_post_to_subs":false,"_jetpack_newsletter_tier_id":0,"_jetpack_memberships_contains_paywalled_content":false,"_jetpack_memberships_contains_paid_content":false,"footnotes":""},"categories":[42],"tags":[],"class_list":["post-22461","post","type-post","status-publish","format-standard","hentry","category-economie"],"jetpack_featured_media_url":"","jetpack_sharing_enabled":true,"_links":{"self":[{"href":"https:\/\/rp221.com\/index.php?rest_route=\/wp\/v2\/posts\/22461","targetHints":{"allow":["GET"]}}],"collection":[{"href":"https:\/\/rp221.com\/index.php?rest_route=\/wp\/v2\/posts"}],"about":[{"href":"https:\/\/rp221.com\/index.php?rest_route=\/wp\/v2\/types\/post"}],"author":[{"embeddable":true,"href":"https:\/\/rp221.com\/index.php?rest_route=\/wp\/v2\/users\/1"}],"replies":[{"embeddable":true,"href":"https:\/\/rp221.com\/index.php?rest_route=%2Fwp%2Fv2%2Fcomments&post=22461"}],"version-history":[{"count":0,"href":"https:\/\/rp221.com\/index.php?rest_route=\/wp\/v2\/posts\/22461\/revisions"}],"wp:attachment":[{"href":"https:\/\/rp221.com\/index.php?rest_route=%2Fwp%2Fv2%2Fmedia&parent=22461"}],"wp:term":[{"taxonomy":"category","embeddable":true,"href":"https:\/\/rp221.com\/index.php?rest_route=%2Fwp%2Fv2%2Fcategories&post=22461"},{"taxonomy":"post_tag","embeddable":true,"href":"https:\/\/rp221.com\/index.php?rest_route=%2Fwp%2Fv2%2Ftags&post=22461"}],"curies":[{"name":"wp","href":"https:\/\/api.w.org\/{rel}","templated":true}]}}