{"id":22455,"date":"2023-12-26T11:49:31","date_gmt":"2023-12-26T11:49:31","guid":{"rendered":"https:\/\/rp221.com\/?p=22455"},"modified":"2023-12-26T11:49:32","modified_gmt":"2023-12-26T11:49:32","slug":"partout-en-europe-limmigration-fait-plier-les-gouvernements","status":"publish","type":"post","link":"https:\/\/rp221.com\/?p=22455","title":{"rendered":"Partout en Europe, l&rsquo;immigration fait plier les gouvernements"},"content":{"rendered":"\n<p class=\"wp-block-paragraph\"><strong>D\u00c9CRYPTAGE -<\/strong>&nbsp;Les d\u00e9fis pos\u00e9s par la vague migratoire s'imposent en t\u00eate des agendas politiques sur le continent, alors que les partis de droite ou de gauche sont bouscul\u00e9s par des formations populistes.<\/p>\n\n\n\n<p class=\"wp-block-paragraph\">Pendant de longues ann\u00e9es,&nbsp;<a href=\"https:\/\/www.lefigaro.fr\/vox\/monde\/l-immigration-incontrolee-une-bombe-politique-20231225\" target=\"_blank\" rel=\"noreferrer noopener\">l'immigration<\/a>n'a pas \u00e9t\u00e9 un sujet de contentieux en Europe. Mais aujourd'hui il d\u00e9stabilise les d\u00e9mocraties, fait tomber des gouvernements et affaiblit durablement les partis&nbsp;<em>main stream<\/em>, les vieux mouvements politiques traditionnels, qu'ils soient sociaux-d\u00e9mocrates ou conservateurs. Comme par un effet domino, ils c\u00e8dent les uns apr\u00e8s les autres devant la force irr\u00e9sistible&nbsp;<a href=\"https:\/\/www.lefigaro.fr\/international\/l-europe-cherche-l-unite-face-a-la-crise-migratoire-20230928\" target=\"_blank\" rel=\"noreferrer noopener\">du tourbillon migratoire<\/a>.<\/p>\n\n\n\n<p class=\"wp-block-paragraph\">Dans les pays d'Europe occidentale, la question a longtemps fait l'objet d'un d\u00e9ni. En France, la gauche a \u00e9cart\u00e9 le sujet en r\u00e9duisant l'ins\u00e9curit\u00e9 \u00e0 un \u00ab&nbsp;<em>sentiment<\/em>&nbsp;\u00bb, en faisant l'apologie de&nbsp;<a href=\"https:\/\/www.lefigaro.fr\/vox\/politique\/violences-a-la-gare-de-lyon-une-societe-multiculturelle-est-une-societe-de-conflits-multiples-20200302\" target=\"_blank\" rel=\"noreferrer noopener\">la soci\u00e9t\u00e9 multiculturelle<\/a>&nbsp;et en fermant un d\u00e9bat jug\u00e9 \u00ab&nbsp;<em>toxique<\/em>&nbsp;\u00bb ou \u00ab&nbsp;<em>d'extr\u00eame droite<\/em>&nbsp;\u00bb. En Allemagne,&nbsp;<a href=\"https:\/\/www.lefigaro.fr\/international\/2018\/10\/30\/01003-20181030ARTFIG00311-la-repartition-des-migrants-l-echec-d-angela-merkel.php\" target=\"_blank\" rel=\"noreferrer noopener\">Angela Merkel<\/a>&nbsp;a ouvert grandes les portes de son pays \u00e0 plus de 1 million de r\u00e9fugi\u00e9s syriens, ignorant les r\u00e9serves et les craintes formul\u00e9es dans une partie de la population.<\/p>\n\n\n\n<p class=\"wp-block-paragraph\">Quant \u00e0 la Su\u00e8de, elle a d\u00e9velopp\u00e9 l'une des politiques d'accueil les plus g\u00e9n\u00e9reuses\u2026<\/p>\n","protected":false},"excerpt":{"rendered":"<p>D\u00c9CRYPTAGE &#8211;&nbsp;Les d\u00e9fis pos\u00e9s par la vague migratoire s&rsquo;imposent en t\u00eate des agendas politiques sur le continent, alors que les partis de droite ou de gauche sont bouscul\u00e9s par des formations populistes. Pendant de longues ann\u00e9es,&nbsp;l&rsquo;immigrationn&rsquo;a pas \u00e9t\u00e9 un sujet de contentieux en Europe. Mais aujourd&rsquo;hui il d\u00e9stabilise les d\u00e9mocraties, fait tomber des gouvernements et [&hellip;]<\/p>\n","protected":false},"author":1,"featured_media":0,"comment_status":"open","ping_status":"open","sticky":false,"template":"","format":"standard","meta":{"_jetpack_newsletter_access":"","_jetpack_dont_email_post_to_subs":false,"_jetpack_newsletter_tier_id":0,"_jetpack_memberships_contains_paywalled_content":false,"_jetpack_memberships_contains_paid_content":false,"footnotes":""},"categories":[42],"tags":[],"class_list":["post-22455","post","type-post","status-publish","format-standard","hentry","category-economie"],"jetpack_featured_media_url":"","jetpack_sharing_enabled":true,"_links":{"self":[{"href":"https:\/\/rp221.com\/index.php?rest_route=\/wp\/v2\/posts\/22455","targetHints":{"allow":["GET"]}}],"collection":[{"href":"https:\/\/rp221.com\/index.php?rest_route=\/wp\/v2\/posts"}],"about":[{"href":"https:\/\/rp221.com\/index.php?rest_route=\/wp\/v2\/types\/post"}],"author":[{"embeddable":true,"href":"https:\/\/rp221.com\/index.php?rest_route=\/wp\/v2\/users\/1"}],"replies":[{"embeddable":true,"href":"https:\/\/rp221.com\/index.php?rest_route=%2Fwp%2Fv2%2Fcomments&post=22455"}],"version-history":[{"count":0,"href":"https:\/\/rp221.com\/index.php?rest_route=\/wp\/v2\/posts\/22455\/revisions"}],"wp:attachment":[{"href":"https:\/\/rp221.com\/index.php?rest_route=%2Fwp%2Fv2%2Fmedia&parent=22455"}],"wp:term":[{"taxonomy":"category","embeddable":true,"href":"https:\/\/rp221.com\/index.php?rest_route=%2Fwp%2Fv2%2Fcategories&post=22455"},{"taxonomy":"post_tag","embeddable":true,"href":"https:\/\/rp221.com\/index.php?rest_route=%2Fwp%2Fv2%2Ftags&post=22455"}],"curies":[{"name":"wp","href":"https:\/\/api.w.org\/{rel}","templated":true}]}}